{"id":907,"date":"2021-04-16T14:42:28","date_gmt":"2021-04-16T12:42:28","guid":{"rendered":"https:\/\/www.lesvigiesduminou.bzh\/?p=907"},"modified":"2022-10-11T08:53:21","modified_gmt":"2022-10-11T06:53:21","slug":"sous-les-ronces-lhistoire","status":"publish","type":"post","link":"https:\/\/www.lesvigiesduminou.bzh\/index.php\/2021\/04\/16\/sous-les-ronces-lhistoire\/","title":{"rendered":"Sous les ronces l&rsquo;histoire"},"content":{"rendered":"\n<h2 class=\"wp-block-heading\">Les Vigies des broussailles <\/h2>\n\n\n\n<p>Entre nos doigts, impossibles \u00e0 emprisonner, le temps comme le vent et l\u2019eau s\u2019\u00e9coulent sans que l\u2019on puissent les attraper. L&rsquo;envie vous prend parfois d\u2019\u00e9voquer des souvenirs, de les partager ? Les Vigies du Minou ont cr\u00e9e pour cela le salon discret \u00ab\u00a0collecte de m\u00e9moire\u00a0\u00bb Nous serions ravis de vous y recevoir. <\/p>\n\n\n\n<p>Recherchant des documents sur l\u2019environnement du phare, sur son histoire, les Vigies s\u2019int\u00e9ressent aussi aux collectionneurs de cartes postales.&nbsp; Il y a probablement chez vous, quelques clich\u00e9s s\u00e9pia qui meurent d\u2019envie, au fond d\u2019un tiroir de nous faire profiter d\u2019une fen\u00eatre entrouverte sur le temps pass\u00e9.&nbsp;<\/p>\n\n\n\n<figure class=\"wp-block-image size-large is-resized\"><img loading=\"lazy\" decoding=\"async\" src=\"https:\/\/www.lesvigiesduminou.bzh\/wp-content\/uploads\/2021\/04\/1-Marie-va-au-lavoir-1024x598.jpg\" alt=\"\" class=\"wp-image-915\" width=\"839\" height=\"489\" srcset=\"https:\/\/www.lesvigiesduminou.bzh\/wp-content\/uploads\/2021\/04\/1-Marie-va-au-lavoir-1024x598.jpg 1024w, https:\/\/www.lesvigiesduminou.bzh\/wp-content\/uploads\/2021\/04\/1-Marie-va-au-lavoir-300x175.jpg 300w, https:\/\/www.lesvigiesduminou.bzh\/wp-content\/uploads\/2021\/04\/1-Marie-va-au-lavoir-768x448.jpg 768w, https:\/\/www.lesvigiesduminou.bzh\/wp-content\/uploads\/2021\/04\/1-Marie-va-au-lavoir-1536x896.jpg 1536w, https:\/\/www.lesvigiesduminou.bzh\/wp-content\/uploads\/2021\/04\/1-Marie-va-au-lavoir-2048x1195.jpg 2048w, https:\/\/www.lesvigiesduminou.bzh\/wp-content\/uploads\/2021\/04\/1-Marie-va-au-lavoir-24x14.jpg 24w, https:\/\/www.lesvigiesduminou.bzh\/wp-content\/uploads\/2021\/04\/1-Marie-va-au-lavoir-36x21.jpg 36w, https:\/\/www.lesvigiesduminou.bzh\/wp-content\/uploads\/2021\/04\/1-Marie-va-au-lavoir-48x28.jpg 48w\" sizes=\"auto, (max-width: 839px) 100vw, 839px\" \/><figcaption>Collection de cartes postales de Nadine Curel<\/figcaption><\/figure>\n\n\n\n<p>C\u2019est ainsi qu\u2019il y a quelques mois, entre deux pages d&rsquo;un album bien class\u00e9, nous avons d\u00e9couvert une sc\u00e8ne journali\u00e8re au Petit Minou. Depuis tout ce temps une jeune femme habitant la vall\u00e9e vers 1920 avait encore tant de choses \u00e0 nous raconter. Nous l&rsquo;appellerons Marie.<\/p>\n\n\n\n<p>Juste apr\u00e8s guerre, Marie v\u00eatue d&rsquo;une longue robe sombre, un grand tablier, en sabots sur la photographie noir et blanc, porte \u00e0 son bras un grand panier.&nbsp;<\/p>\n\n\n\n<p>Au fond de la vall\u00e9e, sur ce chemin qui \u00e0 l\u2019\u00e9poque pour des personnes qui se d\u00e9pla\u00e7aient beaucoup \u00e0 pied, n\u2019\u00e9tait pas encore qualifi\u00e9 de grande randonn\u00e9e, Marie remontait le sentier d\u2019un pas d\u00e9cid\u00e9.<\/p>\n\n\n\n<p>Un \u00e9diteur de cartes postales, s\u2019int\u00e9ressait alors au phare du Petit-Minou. Cet apr\u00e8s-midi l\u00e0, alors qu\u2019il allait installer son encombrant mat\u00e9riel, le photographe&nbsp; aper\u00e7ut de loin Marie qui approchait.<\/p>\n\n\n\n<p>Cette sc\u00e8ne, comme si vous y \u00e9tiez, c\u2019est Marie qui nous la raconte, \u00e0 demi-mots \u00e9crits au dos de la carte postale qu\u2019elle exp\u00e9die quelques semaines plus tard \u00e0 ses amis.<\/p>\n\n\n\n<p>Je vous envoie cette carte parce que je suis dessus. J\u2019allais au lavoir nous dit-elle lorsque l\u2019on m\u2019a prise en photo et voil\u00e0 que maintenant, pour deux sous, on peut se payer ma t\u00eate. Amus\u00e9e s\u00fbrement et pas moins fi\u00e8re, Marie racontait \u00e0 qui voulait l\u2019entendre qu\u2019un photographe lui avait demand\u00e9 de poser un court instant pour une carte postale. <\/p>\n\n\n\n<p>La lavandi\u00e8re, comme son image captur\u00e9e sur la pellicule \u00e9tait toute retourn\u00e9e par cette histoire.&nbsp; Et ma lessive, avec tout cela, il fallait vite retrouver le chemin du lavoir.<\/p>\n\n\n\n<p>Bien des ann\u00e9es plus tard, par quel hasard, d\u00e9couvrant la carte postale, remerciant le collectionneur, en relisant ce texte la curiosit\u00e9 des Vigies \u00e9tait \u00e9veill\u00e9e.&nbsp;<\/p>\n\n\n\n<p>Un lavoir sur le sentier qui m\u00e8ne au phare? Marie \u00e9voquait peut-\u00eatre un autre endroit, plus haut, plus proche du ruisseau?\u00a0<\/p>\n\n\n\n<figure class=\"wp-block-image size-large\"><img loading=\"lazy\" decoding=\"async\" width=\"1024\" height=\"679\" src=\"https:\/\/www.lesvigiesduminou.bzh\/wp-content\/uploads\/2022\/10\/sentier-cotier-le-lavoir-vers-1935-collection-Rene-Le-Verge-2-1024x679.jpg\" alt=\"\" class=\"wp-image-2594\" srcset=\"https:\/\/www.lesvigiesduminou.bzh\/wp-content\/uploads\/2022\/10\/sentier-cotier-le-lavoir-vers-1935-collection-Rene-Le-Verge-2-1024x679.jpg 1024w, https:\/\/www.lesvigiesduminou.bzh\/wp-content\/uploads\/2022\/10\/sentier-cotier-le-lavoir-vers-1935-collection-Rene-Le-Verge-2-300x199.jpg 300w, https:\/\/www.lesvigiesduminou.bzh\/wp-content\/uploads\/2022\/10\/sentier-cotier-le-lavoir-vers-1935-collection-Rene-Le-Verge-2-768x509.jpg 768w, https:\/\/www.lesvigiesduminou.bzh\/wp-content\/uploads\/2022\/10\/sentier-cotier-le-lavoir-vers-1935-collection-Rene-Le-Verge-2-1536x1019.jpg 1536w, https:\/\/www.lesvigiesduminou.bzh\/wp-content\/uploads\/2022\/10\/sentier-cotier-le-lavoir-vers-1935-collection-Rene-Le-Verge-2-2048x1358.jpg 2048w, https:\/\/www.lesvigiesduminou.bzh\/wp-content\/uploads\/2022\/10\/sentier-cotier-le-lavoir-vers-1935-collection-Rene-Le-Verge-2-24x16.jpg 24w, https:\/\/www.lesvigiesduminou.bzh\/wp-content\/uploads\/2022\/10\/sentier-cotier-le-lavoir-vers-1935-collection-Rene-Le-Verge-2-36x24.jpg 36w, https:\/\/www.lesvigiesduminou.bzh\/wp-content\/uploads\/2022\/10\/sentier-cotier-le-lavoir-vers-1935-collection-Rene-Le-Verge-2-48x32.jpg 48w\" sizes=\"auto, (max-width: 1024px) 100vw, 1024px\" \/><figcaption>La vall\u00e9e du Minou vers 1935 &#8211; le lavoir, la maison des c\u00e2bles, l&rsquo;h\u00f4tel de la plage, le moulin.  <\/figcaption><\/figure>\n\n\n\n<p>Un autre t\u00e9moignage plus r\u00e9cent vint confirmer la pr\u00e9sence de plusieurs&nbsp; points d\u2019eau dans la vall\u00e9e du Minou. Il y avait, il n\u2019y a pas si longtemps, un moulin et de nombreuses cressonni\u00e8res.<\/p>\n\n\n\n<p>Vers 1960, nous chuchote notre nouvelle source, j\u2019\u00e9tais encore une enfant. Je me souviens bien, en rentrant de la plage, nous allions rincer nos maillots \u00e0 l\u2019eau claire d\u2019un bassin.&nbsp;<\/p>\n\n\n\n<p>Guid\u00e9s par leur instinct et par Marie, comme des anguilles cherchant \u00e0 remonter le ruisseau et le fil de cette histoire, les d\u00e9tectives des Vigies ne tard\u00e8rent pas \u00e0 retrouver, le long de ce sentier, un mince filet d\u2019eau.<\/p>\n\n\n\n<p>Le printemps approchait la v\u00e9g\u00e9tation allait repousser, c\u2019\u00e9tait pour nos impatients enqu\u00eateurs l\u2019occasion de fouiller un peu sous les ronces.&nbsp;<\/p>\n\n\n\n<figure class=\"wp-block-gallery has-nested-images columns-default is-cropped wp-block-gallery-1 is-layout-flex wp-block-gallery-is-layout-flex\">\n<figure class=\"wp-block-image size-large\"><img loading=\"lazy\" decoding=\"async\" width=\"1024\" height=\"683\" data-id=\"916\" src=\"https:\/\/www.lesvigiesduminou.bzh\/wp-content\/uploads\/2021\/04\/2-Sous-les-ronces-un-lavoir-P1220336-1024x683.jpg\" alt=\"\" class=\"wp-image-916\" srcset=\"https:\/\/www.lesvigiesduminou.bzh\/wp-content\/uploads\/2021\/04\/2-Sous-les-ronces-un-lavoir-P1220336-1024x683.jpg 1024w, https:\/\/www.lesvigiesduminou.bzh\/wp-content\/uploads\/2021\/04\/2-Sous-les-ronces-un-lavoir-P1220336-300x200.jpg 300w, https:\/\/www.lesvigiesduminou.bzh\/wp-content\/uploads\/2021\/04\/2-Sous-les-ronces-un-lavoir-P1220336-768x512.jpg 768w, https:\/\/www.lesvigiesduminou.bzh\/wp-content\/uploads\/2021\/04\/2-Sous-les-ronces-un-lavoir-P1220336-1536x1024.jpg 1536w, https:\/\/www.lesvigiesduminou.bzh\/wp-content\/uploads\/2021\/04\/2-Sous-les-ronces-un-lavoir-P1220336-24x16.jpg 24w, https:\/\/www.lesvigiesduminou.bzh\/wp-content\/uploads\/2021\/04\/2-Sous-les-ronces-un-lavoir-P1220336-36x24.jpg 36w, https:\/\/www.lesvigiesduminou.bzh\/wp-content\/uploads\/2021\/04\/2-Sous-les-ronces-un-lavoir-P1220336-48x32.jpg 48w, https:\/\/www.lesvigiesduminou.bzh\/wp-content\/uploads\/2021\/04\/2-Sous-les-ronces-un-lavoir-P1220336.jpg 1920w\" sizes=\"auto, (max-width: 1024px) 100vw, 1024px\" \/><\/figure>\n<\/figure>\n\n\n\n<p>Un muret de b\u00e9ton, l\u00e0, venait d\u2019\u00eatre d\u00e9couvert juste au bord du sentier. Un bon m\u00e8tre cinquante de ronces de l&rsquo;hiver dernier, s\u00e9ch\u00e9es, entrem\u00eal\u00e9es recouvrait un petit monticule. Il nous fallait d\u00e9broussailler cette histoire.<\/p>\n\n\n\n<p>C\u2019est ainsi que quelques mots \u00e9crits par notre lavandi\u00e8re soixante quinze ans plus t\u00f4t allaient nous aider \u00e0 entrevoir la vie d&rsquo;un hameau entre terre et mer au creux de cette vall\u00e9e.<\/p>\n\n\n\n<p>Au pied du plateau du Petit-Minou, l\u00e0 o\u00f9 jusqu\u2019\u00e0 la derni\u00e8re guerre \u00e9tait cantonn\u00e9e une garnison de militaires, au pied des roches plusieurs sources coulaient. Pour le fort, pour la garnison l\u2019eau \u00e9tait n\u00e9cessaire.&nbsp;A quelle \u00e9poque l\u2019eau des sources f\u00fbt elle captur\u00e9e? Vauban et ses strat\u00e8ges r\u00e9organisant les d\u00e9fenses et casernements du Goulet peut-\u00eatre nous le diraient?<\/p>\n\n\n\n<h2 class=\"wp-block-heading\"><strong>De curieuses constructions<\/strong><\/h2>\n\n\n\n<p>Un abri de b\u00e9ton sans fen\u00eatre, \u00e0 ses pieds une citerne d\u2019o\u00f9 suinte l\u2019eau des sources. Une canalisation bouch\u00e9e repose sur un muret renvers\u00e9. Les yeux des Vigies sont aux aguets du moindre d\u00e9tail pour essayer de dater et de comprendre l\u2019utilit\u00e9 de ces constructions d\u00e9saffect\u00e9es le long du sentier c\u00f4tier. L\u00e0, sur les briques ciment\u00e9es, une date vient d\u2019\u00eatre trouv\u00e9e, regardez, 1945 juste apr\u00e8s la guerre et \u00e0 c\u00f4t\u00e9 il y a m\u00eame la trace de la main du ma\u00e7on qui les a assembl\u00e9es.<\/p>\n\n\n\n<figure class=\"wp-block-gallery has-nested-images columns-default is-cropped wp-block-gallery-2 is-layout-flex wp-block-gallery-is-layout-flex\">\n<figure class=\"wp-block-image size-large\"><img loading=\"lazy\" decoding=\"async\" width=\"884\" height=\"1024\" data-id=\"917\" src=\"https:\/\/www.lesvigiesduminou.bzh\/wp-content\/uploads\/2021\/04\/3-premiers-coups-de-binettes-884x1024.jpg\" alt=\"\" class=\"wp-image-917\" srcset=\"https:\/\/www.lesvigiesduminou.bzh\/wp-content\/uploads\/2021\/04\/3-premiers-coups-de-binettes-884x1024.jpg 884w, https:\/\/www.lesvigiesduminou.bzh\/wp-content\/uploads\/2021\/04\/3-premiers-coups-de-binettes-259x300.jpg 259w, https:\/\/www.lesvigiesduminou.bzh\/wp-content\/uploads\/2021\/04\/3-premiers-coups-de-binettes-768x890.jpg 768w, https:\/\/www.lesvigiesduminou.bzh\/wp-content\/uploads\/2021\/04\/3-premiers-coups-de-binettes-21x24.jpg 21w, https:\/\/www.lesvigiesduminou.bzh\/wp-content\/uploads\/2021\/04\/3-premiers-coups-de-binettes-31x36.jpg 31w, https:\/\/www.lesvigiesduminou.bzh\/wp-content\/uploads\/2021\/04\/3-premiers-coups-de-binettes-41x48.jpg 41w, https:\/\/www.lesvigiesduminou.bzh\/wp-content\/uploads\/2021\/04\/3-premiers-coups-de-binettes.jpg 1029w\" sizes=\"auto, (max-width: 884px) 100vw, 884px\" \/><figcaption><strong>Les Vigies mesurent l&rsquo;ampleur du chantier<\/strong><\/figcaption><\/figure>\n<\/figure>\n\n\n\n<p>Les premiers coups de faucilles, de tailles-haies donn\u00e9s, la structure du bassin commen\u00e7ait \u00e0 se dessiner. La surface du chantier autoris\u00e9e par le conservatoire du littoral et par Brest m\u00e9tropole \u00e9tait d&rsquo;environ 150 m2. Cela nous permettrait de r\u00e9partir nos b\u00e9n\u00e9voles tr\u00e8s motiv\u00e9s sur le terrain en respectant les mesures sanitaires. Un petit jardin avec vue sur mer d\u00e8s 9h30 ce samedi matin nous offrait un imprenable belv\u00e9d\u00e8re. Le temps \u00e9tait frisquet mais bien \u00e0 l&rsquo;abri des vents du Nord nous allions vite nous r\u00e9chauffer, un petit caf\u00e9 avait m\u00eame \u00e9t\u00e9 pr\u00e9par\u00e9. <\/p>\n\n\n\n<p>Notre crainte \u00e9tait de d\u00e9couvrir sous les ronces une structure tr\u00e8s endommag\u00e9e. Heureusement les bords du bassin que nous mettions \u00e0 jour semblaient en tr\u00e8s bon \u00e9tat. L&rsquo;int\u00e9rieur du bassin avait \u00e9t\u00e9 combl\u00e9 par de la terre et nombreuses pierres.<\/p>\n\n\n\n<p>La t\u00e2che fut difficile, les vigies se relayaient, Jean-Paul piochait, R\u00e9my \u00e0 la pelle, remplissait les seaux, Gilbert infatigable \u00e9vacuait les gravats. Enfin, le fond du bassin apparaissait et nous laissait entrevoir une dalle en bon \u00e9tat. <\/p>\n\n\n\n<p>Un grand moment partag\u00e9 fut celui de la mise en eau. Le bassin semblait \u00e9tanche, pourquoi attendre. L&rsquo;apr\u00e8s-midi on ramena un bout de tuyau d&rsquo;arrosage pour remplacer la vieille canalisation bouch\u00e9e. Un mince filet d&rsquo;eau commen\u00e7ait \u00e0 couler sous les commentaires enthousiastes des b\u00e9n\u00e9voles venus renforcer l&rsquo;\u00e9quipe. Pas plus de six personnes, il fallait en plein air aussi, respecter les consignes. <\/p>\n\n\n\n<p>Jadis, dans nos villages, nos adorables grands-m\u00e8res, tenaient dit-on volontiers conseil communal et parfois tribunal populaire  autour du lavoir. Cet apr\u00e8s midi l\u00e0, les hommes s&rsquo;\u00e9taient accapar\u00e9 leurs places papotant autour du bassin. L&rsquo;eau de la source commen\u00e7ait \u00e0 recouvrir la dalle, les dames de l&rsquo;association auraient pu y prendre ombrage. Voil\u00e0 nos adh\u00e9rentes s&#8217;emparant des deux grands balais de chantier, brossant les bordures et le fond du bassin avec plein d&rsquo;\u00e9nergie pour que l&rsquo;eau claire de la source n&rsquo;y soit pas souill\u00e9e. Et quatre hommes pour les encourager. Vous ne verrez pas la photo au risque pour les Vigies de se faire traiter de machos. La parit\u00e9 fut enfin respect\u00e9e, sous les rires et les encouragements nous nous en sommes bien amus\u00e9s. <\/p>\n\n\n\n<figure class=\"wp-block-gallery has-nested-images columns-default is-cropped wp-block-gallery-3 is-layout-flex wp-block-gallery-is-layout-flex\">\n<figure class=\"wp-block-image size-large\"><img loading=\"lazy\" decoding=\"async\" width=\"886\" height=\"782\" data-id=\"929\" src=\"https:\/\/www.lesvigiesduminou.bzh\/wp-content\/uploads\/2021\/04\/5-compil-lavoir-rempli-3.jpg\" alt=\"\" class=\"wp-image-929\" srcset=\"https:\/\/www.lesvigiesduminou.bzh\/wp-content\/uploads\/2021\/04\/5-compil-lavoir-rempli-3.jpg 886w, https:\/\/www.lesvigiesduminou.bzh\/wp-content\/uploads\/2021\/04\/5-compil-lavoir-rempli-3-300x265.jpg 300w, https:\/\/www.lesvigiesduminou.bzh\/wp-content\/uploads\/2021\/04\/5-compil-lavoir-rempli-3-768x678.jpg 768w, https:\/\/www.lesvigiesduminou.bzh\/wp-content\/uploads\/2021\/04\/5-compil-lavoir-rempli-3-24x21.jpg 24w, https:\/\/www.lesvigiesduminou.bzh\/wp-content\/uploads\/2021\/04\/5-compil-lavoir-rempli-3-36x32.jpg 36w, https:\/\/www.lesvigiesduminou.bzh\/wp-content\/uploads\/2021\/04\/5-compil-lavoir-rempli-3-48x42.jpg 48w\" sizes=\"auto, (max-width: 886px) 100vw, 886px\" \/><figcaption>Apr\u00e8s toutes ces ann\u00e9es, l&rsquo;eau coule \u00e0 nouveau<br><\/figcaption><\/figure>\n<\/figure>\n\n\n\n<p>Un hydraulicien qui passait par l\u00e0, d&rsquo;un bout de chiffon nous fit un bouchon de fortune pour obstruer l&rsquo;\u00e9vacuation du fond du bassin. Assis sur le bord, laissant silencieusement l&rsquo;eau de la source, remplir \u00e0 nouveau le lavoir, j&rsquo;ai cru un instant distinguer une petite \u00e9tincelle dans les yeux de l&rsquo;une de nos b\u00e9n\u00e9voles. Toutes ces ann\u00e9es apr\u00e8s, elle venait de retrouver au travers du miroir un peu de sa jeunesse et la malice de ces cinq ans. En remontant de la plage, maman nous avait dit, \u00e0 ma grande soeur et \u00e0 moi de rincer nos maillots ici avant de rentrer. Je ne sais plus qui avait commenc\u00e9, nous nous \u00e9tions un peu chamaill\u00e9es en riant toutes \u00e9clabouss\u00e9es. <\/p>\n\n\n\n<h2 class=\"wp-block-heading\"><strong>Encore des id\u00e9es<\/strong><\/h2>\n\n\n\n<p>Le bassin remis en eau, notre prochain projet va consister \u00e0 remplacer la conduite d&rsquo;alimentation temporaire entre la citerne et le lavoir. Un muret de briques m\u00e9rite d&rsquo;\u00eatre consolid\u00e9. Un ma\u00e7on inconnu y a grav\u00e9 une date et m\u00eame laiss\u00e9 l&#8217;empreinte de la paume de sa main c&rsquo;\u00e9tait hier, en 1945. A travers les \u00e2ges, il nous donnera peut \u00eatre quelques conseils avis\u00e9s. <\/p>\n\n\n\n<h2 class=\"wp-block-heading\"><strong>Un projet artistique<\/strong><\/h2>\n\n\n\n<p>Dans le cadre des prochaines journ\u00e9es de la nature, en coop\u00e9ration avec la mairie de Plouzan\u00e9 et les Vigies du Minou, une artiste plasticienne pourrait r\u00e9aliser prochainement une sculpture v\u00e9g\u00e9tale sur les parois de ce local d\u00e9saffect\u00e9. Nous attendons les autorisations n\u00e9cessaires. Nos partenaires et les b\u00e9n\u00e9voles de l&rsquo;association nous permettent modestement de r\u00e9aliser ces travaux sur le petit patrimoine du littoral. Pendant ce temps, une autre \u00e9quipe, tr\u00e8s encadr\u00e9e, travaille \u00e0 la restauration int\u00e9rieure du phare.<\/p>\n\n\n\n<h2 class=\"wp-block-heading\"><strong>Sous les ronces l&rsquo;histoire, vous vous souvenez?<\/strong><\/h2>\n\n\n\n<p>Et si Marie la lavandi\u00e8re nous aidait encore un peu \u00e0 remonter le temps? Auriez-vous remarqu\u00e9 sur le bord du lavoir ces vieux c\u00e2bles rouill\u00e9s? Prochainement, nous remonterons le fil de l&rsquo;eau, le fil de l&rsquo;histoire jusqu&rsquo;en 1869. La presse parisienne et locale \u00e9taient arriv\u00e9es de tr\u00e8s bonne heure ce matin du 19 juin sur la plage du Petit-Minou mais, cela fera l&rsquo;objet d&rsquo;une autre histoire. <\/p>\n\n\n\n<p> <\/p>\n\n\n\n<p>  <\/p>\n","protected":false},"excerpt":{"rendered":"<p>Les Vigies des broussailles Entre nos doigts, impossibles \u00e0 emprisonner, le temps comme le vent et l\u2019eau s\u2019\u00e9coulent sans que l\u2019on puissent [&hellip;]<\/p>\n","protected":false},"author":23,"featured_media":919,"comment_status":"open","ping_status":"open","sticky":false,"template":"","format":"standard","meta":{"footnotes":""},"categories":[4,43],"tags":[70,65],"class_list":["post-907","post","type-post","status-publish","format-standard","has-post-thumbnail","hentry","category-actualites","category-petit-minou","tag-debroussaillage","tag-lavoir"],"_links":{"self":[{"href":"https:\/\/www.lesvigiesduminou.bzh\/index.php\/wp-json\/wp\/v2\/posts\/907","targetHints":{"allow":["GET"]}}],"collection":[{"href":"https:\/\/www.lesvigiesduminou.bzh\/index.php\/wp-json\/wp\/v2\/posts"}],"about":[{"href":"https:\/\/www.lesvigiesduminou.bzh\/index.php\/wp-json\/wp\/v2\/types\/post"}],"author":[{"embeddable":true,"href":"https:\/\/www.lesvigiesduminou.bzh\/index.php\/wp-json\/wp\/v2\/users\/23"}],"replies":[{"embeddable":true,"href":"https:\/\/www.lesvigiesduminou.bzh\/index.php\/wp-json\/wp\/v2\/comments?post=907"}],"version-history":[{"count":27,"href":"https:\/\/www.lesvigiesduminou.bzh\/index.php\/wp-json\/wp\/v2\/posts\/907\/revisions"}],"predecessor-version":[{"id":2595,"href":"https:\/\/www.lesvigiesduminou.bzh\/index.php\/wp-json\/wp\/v2\/posts\/907\/revisions\/2595"}],"wp:featuredmedia":[{"embeddable":true,"href":"https:\/\/www.lesvigiesduminou.bzh\/index.php\/wp-json\/wp\/v2\/media\/919"}],"wp:attachment":[{"href":"https:\/\/www.lesvigiesduminou.bzh\/index.php\/wp-json\/wp\/v2\/media?parent=907"}],"wp:term":[{"taxonomy":"category","embeddable":true,"href":"https:\/\/www.lesvigiesduminou.bzh\/index.php\/wp-json\/wp\/v2\/categories?post=907"},{"taxonomy":"post_tag","embeddable":true,"href":"https:\/\/www.lesvigiesduminou.bzh\/index.php\/wp-json\/wp\/v2\/tags?post=907"}],"curies":[{"name":"wp","href":"https:\/\/api.w.org\/{rel}","templated":true}]}}