{"id":4115,"date":"2025-04-20T11:11:49","date_gmt":"2025-04-20T09:11:49","guid":{"rendered":"https:\/\/www.lesvigiesduminou.bzh\/?p=4115"},"modified":"2025-04-21T09:42:03","modified_gmt":"2025-04-21T07:42:03","slug":"quand-les-matelots-veillaient-sur-le-minou","status":"publish","type":"post","link":"https:\/\/www.lesvigiesduminou.bzh\/index.php\/2025\/04\/20\/quand-les-matelots-veillaient-sur-le-minou\/","title":{"rendered":"Quand les matelots veillaient sur le Minou."},"content":{"rendered":"\n<p class=\"has-medium-font-size\">Le site du Minou nous offre aujourd\u2019hui un belv\u00e9d\u00e8re \u00e0 la vue imprenable sur la mer. Ce bastion, \u00e9rig\u00e9 sur l\u2019une des premi\u00e8res incisives du goulet, a particip\u00e9, au cours de plusieurs si\u00e8cles, \u00e0 la d\u00e9fense active des approches du port de Brest. Les Vigies tentent d\u2019en percer les anciens secrets.<\/p>\n\n\n\n<p class=\"has-medium-font-size\">Aride de ses roches et de ses souvenirs, l\u2019enceinte fortifi\u00e9e se voulait imp\u00e9n\u00e9trable sans un laissez-passer. Hier encore, en 1940 le fort du Minou fut h\u00e9riss\u00e9 par l\u2019envahisseur de barbel\u00e9s.&nbsp; La paix retrouv\u00e9e,&nbsp; gardant un oeil toujours vigilant sur le large, une tour f\u00fbt \u00e9lev\u00e9e au pied du phare en 1960. Sous son rad\u00f4me, futur s\u00e9maphore, un radar surveillait alors discr\u00e8tement le trafic maritime s\u2019approchant de notre littoral.<\/p>\n\n\n\n<p class=\"has-medium-font-size\"><strong>Recherches et rares t\u00e9moignages:<\/strong><\/p>\n\n\n\n<p class=\"has-medium-font-size\">Aux archives, malgr\u00e9 notre pers\u00e9v\u00e9rance, les miliciens gardes-c\u00f4tes de Vauban sont avares de leurs r\u00e9v\u00e9lations. Les canonniers de l\u2019infanterie de marine restent muets. Aujourd\u2019hui, le v\u00e9t\u00e9ran se rem\u00e9morant sa carri\u00e8re de sentinelle se laisse aller, parfois, \u00e0 de rares confidences. Les secrets du Minou se chuchotent encore \u00e0 voix basse.<\/p>\n\n\n\n<p class=\"has-medium-font-size\">Dans un pr\u00e9c\u00e9dent article, \u00ab&nbsp;Un pompon rouge au Minou&nbsp;\u00bb nous \u00e9voquions les souvenirs d\u2019un des premiers matelots affect\u00e9 sur ce site en 1961. <\/p>\n\n\n\n<p class=\"has-medium-font-size\"><a href=\"https:\/\/www.lesvigiesduminou.bzh\/index.php\/2021\/12\/31\/un-pompon-rouge-au-minou\/\">https:\/\/www.lesvigiesduminou.bzh\/index.php\/2021\/12\/31\/un-pompon-rouge-au-minou\/<\/a><\/p>\n\n\n\n<p class=\"has-medium-font-size\">Quinze ans plus tard, 1974, 1975, de nouveaux t\u00e9moignages confirment la vocation de sentinelle militaire du Minou.<\/p>\n\n\n\n<p class=\"has-medium-font-size\"><strong>Copains d\u2019avant:<\/strong><\/p>\n\n\n\n<p class=\"has-medium-font-size\">Nostalgie du temps qui passe, dispers\u00e9s par la vie aux quatre coins de la France, quelques-uns de ces jeunes hommes, appel\u00e9s du contingent se retrouvent bien des ann\u00e9es plus tard. Tradition perdue o\u00f9 nos parents, originaires du m\u00eame village et de la m\u00eame tranche d\u2019\u00e2ge, se r\u00e9unissaient chaque ann\u00e9e pour \u00ab&nbsp;la classe&nbsp;\u00bb. &nbsp;Gr\u00e2ce aux nouveaux r\u00e9seaux, l\u2019occasion est donn\u00e9e de partager et d\u2019\u00e9voquer aujourd&rsquo;hui un \u00e9pisode souvent inoubliable de la vie.<\/p>\n\n\n\n<figure class=\"wp-block-image aligncenter size-full is-resized\"><img loading=\"lazy\" decoding=\"async\" width=\"881\" height=\"829\" src=\"https:\/\/www.lesvigiesduminou.bzh\/wp-content\/uploads\/2025\/04\/Yves-Mouly-Pierre-Brikowskjy-File0217-1.jpg\" alt=\"\" class=\"wp-image-4122\" style=\"width:509px;height:auto\" srcset=\"https:\/\/www.lesvigiesduminou.bzh\/wp-content\/uploads\/2025\/04\/Yves-Mouly-Pierre-Brikowskjy-File0217-1.jpg 881w, https:\/\/www.lesvigiesduminou.bzh\/wp-content\/uploads\/2025\/04\/Yves-Mouly-Pierre-Brikowskjy-File0217-1-300x282.jpg 300w, https:\/\/www.lesvigiesduminou.bzh\/wp-content\/uploads\/2025\/04\/Yves-Mouly-Pierre-Brikowskjy-File0217-1-768x723.jpg 768w, https:\/\/www.lesvigiesduminou.bzh\/wp-content\/uploads\/2025\/04\/Yves-Mouly-Pierre-Brikowskjy-File0217-1-230x216.jpg 230w, https:\/\/www.lesvigiesduminou.bzh\/wp-content\/uploads\/2025\/04\/Yves-Mouly-Pierre-Brikowskjy-File0217-1-350x329.jpg 350w, https:\/\/www.lesvigiesduminou.bzh\/wp-content\/uploads\/2025\/04\/Yves-Mouly-Pierre-Brikowskjy-File0217-1-480x452.jpg 480w, https:\/\/www.lesvigiesduminou.bzh\/wp-content\/uploads\/2025\/04\/Yves-Mouly-Pierre-Brikowskjy-File0217-1-24x24.jpg 24w, https:\/\/www.lesvigiesduminou.bzh\/wp-content\/uploads\/2025\/04\/Yves-Mouly-Pierre-Brikowskjy-File0217-1-36x34.jpg 36w, https:\/\/www.lesvigiesduminou.bzh\/wp-content\/uploads\/2025\/04\/Yves-Mouly-Pierre-Brikowskjy-File0217-1-48x45.jpg 48w\" sizes=\"auto, (max-width: 881px) 100vw, 881px\" \/><figcaption class=\"wp-element-caption\"><strong>1974 &#8211; Deux sentinelles du goulet<\/strong><\/figcaption><\/figure>\n\n\n\n<p class=\"has-medium-font-size\"><strong>Un service militaire au pied d\u2019un phare:&nbsp;<\/strong><\/p>\n\n\n\n<p class=\"has-medium-font-size\">Lorsque la nuit efface nos rep\u00e8res, les \u00e9clats blanc et rouge du Petit Minou guident les marins et les ram\u00e8nent \u00e0 bon port. Au-del\u00e0 de l\u2019horizon, par quel myst\u00e8re influencent-ils nos rencontres? C\u2019est ainsi que nous avons fait connaissance de Pierre et de Yves il y a quelques jours. Sans doute \u00e9tions nous attir\u00e9s par la m\u00eame lumi\u00e8re. &nbsp;<\/p>\n\n\n\n<p class=\"has-medium-font-size\">50 ans apr\u00e8s leur service militaire au fort du Minou, nos nouveaux amis&nbsp; pourraient, \u00e0 travers nos derni\u00e8res correspondances, nous r\u00e9v\u00e9ler quelques \u00e9pisodes de la vie myst\u00e9rieuse qui r\u00e9gnait derri\u00e8re les remparts de cette cit\u00e9 alors interdite.<\/p>\n\n\n\n<p class=\"has-medium-font-size\">Bonjour Yves, pourriez-vous nous raconter votre d\u00e9couverte du Petit Minou \u00e0 cette \u00e9poque?<\/p>\n\n\n\n<ul class=\"wp-block-list has-medium-font-size\">\n<li>Je suis originaire de l\u2019Aveyron, j\u2019ai effectu\u00e9 mon service national dans la Marine Nationale de d\u00e9cembre 1973 \u00e0 novembre 1974. Apr\u00e8s dix jours de classes au Centre de Formation Maritime d\u2019Hourtin, j\u2019ai \u00e9t\u00e9 provisoirement affect\u00e9 \u00e0 la station de transmissions du Cranou dans les Monts d\u2019 Arr\u00e9e. Deux semaines apr\u00e8s, j\u2019ai re\u00e7u mon affectation d\u00e9finitive \u00e0 la Pointe du Petit Minou.&nbsp;<\/li>\n<\/ul>\n\n\n\n<p class=\"has-medium-font-size\">Je vous laisse imaginer ma stup\u00e9faction lorsque la voiture a atteint le promontoire qui domine ce site et que le chauffeur m\u2019a dit : \u00ab On y est, c\u2019est l\u00e0 ! \u00bb. Aujourd\u2019hui on appellerait cela <strong>\u201c l&rsquo;effet Waouh\u201d !!!<\/strong><\/p>\n\n\n\n<p class=\"has-medium-font-size\">Lors de la pr\u00e9s\u00e9lection (les trois jours) effectu\u00e9e avant mon incorporation, ma formation d\u2019\u00e9lectronicien et de radio-amateur semblait int\u00e9resser la Marine Nationale. J\u2019aurais aim\u00e9 naviguer, voir du pays, faire des escales.&nbsp; &nbsp;<\/p>\n\n\n\n<p class=\"has-medium-font-size\">Me voici Radio Technicien \u201cRATEC\u201d <strong>affect\u00e9 au fort du Minou<\/strong>. Ma fonction principale au Petit Minou consistait \u00e0 mettre en route le radar une fois par semaine et v\u00e9rifier son bon fonctionnement. En cas de probl\u00e8me, une \u00e9quipe de Thomson CSF venait sur le site et proc\u00e9dait aux \u00e9ventuelles r\u00e9parations.&nbsp;<\/p>\n\n\n\n<figure class=\"wp-block-image aligncenter size-large\"><img loading=\"lazy\" decoding=\"async\" width=\"1024\" height=\"464\" src=\"https:\/\/www.lesvigiesduminou.bzh\/wp-content\/uploads\/2025\/04\/Plan-de-la-maison-pour-les-matelots-1024x464.jpg\" alt=\"\" class=\"wp-image-4130\" srcset=\"https:\/\/www.lesvigiesduminou.bzh\/wp-content\/uploads\/2025\/04\/Plan-de-la-maison-pour-les-matelots-1024x464.jpg 1024w, https:\/\/www.lesvigiesduminou.bzh\/wp-content\/uploads\/2025\/04\/Plan-de-la-maison-pour-les-matelots-300x136.jpg 300w, https:\/\/www.lesvigiesduminou.bzh\/wp-content\/uploads\/2025\/04\/Plan-de-la-maison-pour-les-matelots-768x348.jpg 768w, https:\/\/www.lesvigiesduminou.bzh\/wp-content\/uploads\/2025\/04\/Plan-de-la-maison-pour-les-matelots-1536x696.jpg 1536w, https:\/\/www.lesvigiesduminou.bzh\/wp-content\/uploads\/2025\/04\/Plan-de-la-maison-pour-les-matelots-1000x453.jpg 1000w, https:\/\/www.lesvigiesduminou.bzh\/wp-content\/uploads\/2025\/04\/Plan-de-la-maison-pour-les-matelots-230x104.jpg 230w, https:\/\/www.lesvigiesduminou.bzh\/wp-content\/uploads\/2025\/04\/Plan-de-la-maison-pour-les-matelots-350x159.jpg 350w, https:\/\/www.lesvigiesduminou.bzh\/wp-content\/uploads\/2025\/04\/Plan-de-la-maison-pour-les-matelots-480x218.jpg 480w, https:\/\/www.lesvigiesduminou.bzh\/wp-content\/uploads\/2025\/04\/Plan-de-la-maison-pour-les-matelots-24x11.jpg 24w, https:\/\/www.lesvigiesduminou.bzh\/wp-content\/uploads\/2025\/04\/Plan-de-la-maison-pour-les-matelots-36x16.jpg 36w, https:\/\/www.lesvigiesduminou.bzh\/wp-content\/uploads\/2025\/04\/Plan-de-la-maison-pour-les-matelots-48x22.jpg 48w, https:\/\/www.lesvigiesduminou.bzh\/wp-content\/uploads\/2025\/04\/Plan-de-la-maison-pour-les-matelots.jpg 1754w\" sizes=\"auto, (max-width: 1024px) 100vw, 1024px\" \/><figcaption class=\"wp-element-caption\"><strong>La maison du gardien de phare pouvait accueillir 4 \u00e0 6 matelots. <br>Yves, de m\u00e9moire, nous en a dessin\u00e9 les plans<\/strong><\/figcaption><\/figure>\n\n\n\n<p class=\"has-medium-font-size\">Il s\u2019agissait \u00e0 l\u2019\u00e9poque d\u2019un mat\u00e9riel de d\u00e9tection plut\u00f4t ancien. Sur les plaques signal\u00e9tiques de l\u2019unique moniteur vid\u00e9o qui se trouvait dans grande la salle du blockhaus, on pouvait lire la date de 1951.&nbsp; Le c\u0153ur de ce radar \u00e9tait le fameux \u201dMagn\u00e9tron\u201d \u00e0 lampe Thomson.&nbsp;<\/p>\n\n\n\n<p class=\"has-medium-font-size\">La mise en route du radar consistait \u00e0 se rendre dans la salle du premier (ou peut-\u00eatre deuxi\u00e8me) \u00e9tage de la tour. Il y avait l\u00e0 une grande armoire \u00e9lectrique sur laquelle il fallait switcher toute une s\u00e9rie de gros commutateurs&nbsp; dans une s\u00e9quence bien d\u00e9termin\u00e9e.&nbsp;<\/p>\n\n\n\n<p class=\"has-medium-font-size\">Cette proc\u00e9dure d\u00e9marrait toute l\u2019\u00e9lectronique et mettait en rotation l\u2019antenne sous le rad\u00f4me. La vitesse de rotation de cette antenne \u00e9tait assez lente, en phase avec la vitesse de rotation du faisceau sur le moniteur de contr\u00f4le dans le blockhaus.&nbsp;<\/p>\n\n\n\n<p class=\"has-medium-font-size\"><strong>Surveillance et maintenance du radar:<\/strong><\/p>\n\n\n\n<p class=\"has-medium-font-size\"><strong><br><\/strong>Tout comme je l\u2019ai lu dans votre article pr\u00e9c\u00e9dent,&nbsp; \u201cUn pompon rouge au Minou\u201d, il fallait de temps en temps p\u00e9n\u00e9trer sous le rad\u00f4me.&nbsp; Pour cela il fallait, en haut de la tour, s\u2019enfermer dans un sas de pressurisation, \u00e9quilibrer la pression entre celle du rad\u00f4me et celle du sas <strong>(pas cool pour les tympans !)<\/strong>. On montait ensuite par une \u00e9chelle m\u00e9tallique, on ouvrait alors une \u00e9coutille et de l\u00e0, on acc\u00e9dait \u00e0 la plateforme sous le rad\u00f4me. Par un autre acc\u00e8s et sans contrainte de pressurisation, on pouvait grimper sur la passerelle ext\u00e9rieure entourant le rad\u00f4me.<\/p>\n\n\n\n<p class=\"has-medium-font-size\">Bien entendu, il fallait en permanence conserver une pression d\u2019air correcte sous le rad\u00f4me. Celle-ci \u00e9tait g\u00e9r\u00e9e automatiquement par un compresseur.&nbsp;<\/p>\n\n\n\n<p class=\"has-medium-font-size\">En cas de coupure \u00e9lectrique du r\u00e9seau, nous \u00e9tions avertis par une alarme sonore qui retentissait dans le blockhaus. La nuit, le gardien de phare s\u2019assurait  de notre intervention en venant taper au carreau de notre maison. Cette complicit\u00e9 ne nous a jamais pris en d\u00e9faut.<\/p>\n\n\n\n<figure class=\"wp-block-image aligncenter size-large\"><img loading=\"lazy\" decoding=\"async\" width=\"1024\" height=\"583\" src=\"https:\/\/www.lesvigiesduminou.bzh\/wp-content\/uploads\/2025\/04\/plan-du-blockhaus-de-memoire-1024x583.jpg\" alt=\"\" class=\"wp-image-4136\" srcset=\"https:\/\/www.lesvigiesduminou.bzh\/wp-content\/uploads\/2025\/04\/plan-du-blockhaus-de-memoire-1024x583.jpg 1024w, https:\/\/www.lesvigiesduminou.bzh\/wp-content\/uploads\/2025\/04\/plan-du-blockhaus-de-memoire-300x171.jpg 300w, https:\/\/www.lesvigiesduminou.bzh\/wp-content\/uploads\/2025\/04\/plan-du-blockhaus-de-memoire-768x437.jpg 768w, https:\/\/www.lesvigiesduminou.bzh\/wp-content\/uploads\/2025\/04\/plan-du-blockhaus-de-memoire-1536x874.jpg 1536w, https:\/\/www.lesvigiesduminou.bzh\/wp-content\/uploads\/2025\/04\/plan-du-blockhaus-de-memoire-2048x1166.jpg 2048w, https:\/\/www.lesvigiesduminou.bzh\/wp-content\/uploads\/2025\/04\/plan-du-blockhaus-de-memoire-1000x569.jpg 1000w, https:\/\/www.lesvigiesduminou.bzh\/wp-content\/uploads\/2025\/04\/plan-du-blockhaus-de-memoire-230x131.jpg 230w, https:\/\/www.lesvigiesduminou.bzh\/wp-content\/uploads\/2025\/04\/plan-du-blockhaus-de-memoire-350x199.jpg 350w, https:\/\/www.lesvigiesduminou.bzh\/wp-content\/uploads\/2025\/04\/plan-du-blockhaus-de-memoire-480x273.jpg 480w, https:\/\/www.lesvigiesduminou.bzh\/wp-content\/uploads\/2025\/04\/plan-du-blockhaus-de-memoire-24x14.jpg 24w, https:\/\/www.lesvigiesduminou.bzh\/wp-content\/uploads\/2025\/04\/plan-du-blockhaus-de-memoire-36x20.jpg 36w, https:\/\/www.lesvigiesduminou.bzh\/wp-content\/uploads\/2025\/04\/plan-du-blockhaus-de-memoire-48x27.jpg 48w\" sizes=\"auto, (max-width: 1024px) 100vw, 1024px\" \/><figcaption class=\"wp-element-caption\"><strong>De m\u00e9moire, plan du blockhaus allemand (1941) et de son extension fran\u00e7aise (1960) abritant le poste de contr\u00f4le de la tour radar<\/strong><\/figcaption><\/figure>\n\n\n\n<p class=\"has-medium-font-size\">Nous attendions alors quelques minutes que l\u2019alimentation \u00e9lectrique se r\u00e9tablisse automatiquement via le groupe \u00e9lectrog\u00e8ne Berliet. Le groupe alternateur se trouvait sous terre dans l\u2019ancienne batterie \u00e0 l\u2019entr\u00e9e du fort . Ce moteur di\u00e9sel \u00e9tait entretenu par Pierre, c\u2019\u00e9tait son joujou. Mon copain, matelot m\u00e9canicien, surveillait avec attention le bon fonctionnement de la centrale \u00e9lectrique de secours. Il fallait r\u00e9guli\u00e8rement v\u00e9rifier le niveau d\u2019eau des batteries, contr\u00f4ler les niveaux d\u2019huile du moteur.<\/p>\n\n\n\n<p class=\"has-medium-font-size\">Lors des temp\u00eates,&nbsp; alors que l&rsquo; alarme retentissait, l\u2019attente entre la coupure du courant et le r\u00e9tablissement de l\u2019\u00e9lectricit\u00e9 \u00e9tait plut\u00f4t angoissante.&nbsp;<\/p>\n\n\n\n<p class=\"has-medium-font-size\">Si le groupe ne d\u00e9marrait pas, nous devions remonter sous la pluie et le vent jusqu\u2019\u00e0 l\u2019entr\u00e9e du fort munis de notre lampe torche. Il fallait d\u00e9verrouiller la lourde porte blind\u00e9e sous le porche. L\u00e0, sur un \u00e9troit palier surplombant cet escalier sans fin, nous descendions prudemment \u00e0 20 m\u00e8tres sous terre jusqu\u2019au local technique prot\u00e9g\u00e9.&nbsp;<\/p>\n\n\n\n<p class=\"has-medium-font-size\"><em>(N.D.L.R): La centrale \u00e9lectrique de secours \u00e9tait implant\u00e9e dans l\u2019ancienne batterie de rupture. Les \u00e9normes canons de 320 mm transf\u00e9r\u00e9s en septembre 1915 vers le front de l\u2019Est avaient laiss\u00e9 place \u00e0 un groupe \u00e9lectrog\u00e8ne.&nbsp; &nbsp;<\/em><\/p>\n\n\n\n<p class=\"has-medium-font-size\">En revoyant votre vid\u00e9o, j\u2019ai tout de suite reconnu les lieux.&nbsp;<\/p>\n\n\n\n<p><\/p>\n\n\n\n<figure class=\"wp-block-embed is-type-wp-embed is-provider-les-vigies-du-minou wp-block-embed-les-vigies-du-minou\"><div class=\"wp-block-embed__wrapper\">\n<blockquote class=\"wp-embedded-content\" data-secret=\"rvBrwD0hdc\"><a href=\"https:\/\/www.lesvigiesduminou.bzh\/index.php\/2021\/01\/21\/visite-panoramique-a-360-de-la-batterie-de-rupture-du-petit-minou\/\">Visite panoramique \u00e0 360\u00b0 de la batterie de rupture du Petit Minou<\/a><\/blockquote><iframe loading=\"lazy\" class=\"wp-embedded-content\" sandbox=\"allow-scripts\" security=\"restricted\" style=\"position: absolute; visibility: hidden;\" title=\"\u00ab\u00a0Visite panoramique \u00e0 360\u00b0 de la batterie de rupture du Petit Minou\u00a0\u00bb &#8212;  Les Vigies du Minou\" src=\"https:\/\/www.lesvigiesduminou.bzh\/index.php\/2021\/01\/21\/visite-panoramique-a-360-de-la-batterie-de-rupture-du-petit-minou\/embed\/#?secret=b1fZ7B70hN#?secret=rvBrwD0hdc\" data-secret=\"rvBrwD0hdc\" width=\"600\" height=\"338\" frameborder=\"0\" marginwidth=\"0\" marginheight=\"0\" scrolling=\"no\"><\/iframe>\n<\/div><\/figure>\n\n\n\n<p class=\"has-medium-font-size\">120 marches \u00e0 descendre, si ma m\u00e9moire est bonne. Comme un souterrain qui descendrait sous terre. L&rsquo;atmosph\u00e8re y \u00e9tait plut\u00f4t sombre et hostile jusqu\u2019\u00e0 la salle du groupe \u00e9lectrog\u00e8ne.&nbsp;<\/p>\n\n\n\n<figure class=\"wp-block-image aligncenter size-large is-resized\"><img loading=\"lazy\" decoding=\"async\" width=\"1010\" height=\"1024\" src=\"https:\/\/www.lesvigiesduminou.bzh\/wp-content\/uploads\/2025\/04\/Diesel-alternateur-batterie-de-rupture-File0258-1010x1024.jpg\" alt=\"\" class=\"wp-image-4119\" style=\"width:561px;height:auto\" srcset=\"https:\/\/www.lesvigiesduminou.bzh\/wp-content\/uploads\/2025\/04\/Diesel-alternateur-batterie-de-rupture-File0258-1010x1024.jpg 1010w, https:\/\/www.lesvigiesduminou.bzh\/wp-content\/uploads\/2025\/04\/Diesel-alternateur-batterie-de-rupture-File0258-296x300.jpg 296w, https:\/\/www.lesvigiesduminou.bzh\/wp-content\/uploads\/2025\/04\/Diesel-alternateur-batterie-de-rupture-File0258-768x779.jpg 768w, https:\/\/www.lesvigiesduminou.bzh\/wp-content\/uploads\/2025\/04\/Diesel-alternateur-batterie-de-rupture-File0258-1515x1536.jpg 1515w, https:\/\/www.lesvigiesduminou.bzh\/wp-content\/uploads\/2025\/04\/Diesel-alternateur-batterie-de-rupture-File0258-2020x2048.jpg 2020w, https:\/\/www.lesvigiesduminou.bzh\/wp-content\/uploads\/2025\/04\/Diesel-alternateur-batterie-de-rupture-File0258-1000x1014.jpg 1000w, https:\/\/www.lesvigiesduminou.bzh\/wp-content\/uploads\/2025\/04\/Diesel-alternateur-batterie-de-rupture-File0258-230x233.jpg 230w, https:\/\/www.lesvigiesduminou.bzh\/wp-content\/uploads\/2025\/04\/Diesel-alternateur-batterie-de-rupture-File0258-350x355.jpg 350w, https:\/\/www.lesvigiesduminou.bzh\/wp-content\/uploads\/2025\/04\/Diesel-alternateur-batterie-de-rupture-File0258-480x487.jpg 480w, https:\/\/www.lesvigiesduminou.bzh\/wp-content\/uploads\/2025\/04\/Diesel-alternateur-batterie-de-rupture-File0258-24x24.jpg 24w, https:\/\/www.lesvigiesduminou.bzh\/wp-content\/uploads\/2025\/04\/Diesel-alternateur-batterie-de-rupture-File0258-36x36.jpg 36w, https:\/\/www.lesvigiesduminou.bzh\/wp-content\/uploads\/2025\/04\/Diesel-alternateur-batterie-de-rupture-File0258-48x48.jpg 48w\" sizes=\"auto, (max-width: 1010px) 100vw, 1010px\" \/><figcaption class=\"wp-element-caption\"><strong>Le di\u00e9sel alternateur entretenu par Pierre<\/strong><\/figcaption><\/figure>\n\n\n\n<p class=\"has-medium-font-size\">La consigne en bas, avant d\u2019ouvrir la derni\u00e8re porte blind\u00e9e, \u00e9tait de bloquer les syst\u00e8mes de protection incendie. Il fallait alors r\u00e9ussir \u00e0 d\u00e9marrer le groupe manuellement. Quel bonheur !!!&nbsp;<\/p>\n\n\n\n<p class=\"has-medium-font-size\">Heureusement, lors de la grosse temp\u00eate de f\u00e9vrier 1974 qui a fait pas mal de d\u00e9g\u00e2ts sur l\u2019Ouest de la Bretagne, le groupe a d\u00e9marr\u00e9 automatiquement.&nbsp;<\/p>\n\n\n\n<p class=\"has-medium-font-size\">*<em> N.D.L.R:&nbsp; (16 janvier &#8211; 6 f\u00e9vrier &#8211; 11 f\u00e9vrier, trois temp\u00eates marquent ce d\u00e9but d\u2019ann\u00e9e 1974 &#8211; Les forts coefficients de mar\u00e9es, 113 le 8 f\u00e9vrier, vont entra\u00eener des naufrages en mer et des d\u00e9g\u00e2ts \u00e0 terre dont d\u2019importantes inondations).&nbsp;<\/em><\/p>\n\n\n\n<p class=\"has-medium-font-size\">Il \u00e9tait essentiel que la station soit toujours aliment\u00e9e en \u00e9lectricit\u00e9 pour le rad\u00f4me. En effet, une pompe maintenait en permanence une certaine pression afin que l\u2019antenne rotative ne se retrouve pas en contact avec la protection sph\u00e9rique (genre de caoutchouc \u00e9pais) m\u00eame lorsque le radar \u00e9tait \u00e0 l\u2019arr\u00eat !&nbsp;<\/p>\n\n\n\n<p class=\"has-medium-font-size\">Et puis, entre nous, la pointe du Petit Minou \u00e9tait beaucoup plus photog\u00e9nique avec un rad\u00f4me bien gonfl\u00e9 et bien rond plut\u00f4t qu\u2019avec un rad\u00f4me en forme de torche !<\/p>\n\n\n\n<p class=\"has-medium-font-size\">Tout comme cela a \u00e9t\u00e9 \u00e9voqu\u00e9 dans l\u2019article \u201cUn pompon rouge au Minou\u201d, j\u2019ai assist\u00e9 \u00e0 un exercice de largage de projectiles sur des bateaux virtuels en janvier 1974. Tout un \u00e9tat-major s\u2019\u00e9tait d\u00e9plac\u00e9 pour l\u2019occasion. A la suite de cet exercice, le premier-ma\u00eetre, Corentin, m\u2019a montr\u00e9 comment d\u00e9velopper les films dans la salle la plus basse du blockhaus.<\/p>\n\n\n\n<p class=\"has-medium-font-size\">Il y avait l\u00e0 plusieurs bacs dans lesquels nous avons vers\u00e9 des produits de d\u00e9veloppement. Il fallait ensuite&nbsp; passer les films dans les bains en respectant des temps d\u2019immersion dans chacun des bacs. Je me souviens surtout avoir respir\u00e9 un produit, pire que de l\u2019ammoniaque. J\u2019ai mis quelques instants pour retrouver mes esprits et ma respiration. Ce n\u2019\u00e9tait pas le genre de produit \u00e0 conserver ouvert dans ses placards !&nbsp;<\/p>\n\n\n\n<figure class=\"wp-block-image aligncenter size-large is-resized\"><img loading=\"lazy\" decoding=\"async\" width=\"1024\" height=\"935\" src=\"https:\/\/www.lesvigiesduminou.bzh\/wp-content\/uploads\/2025\/04\/Salle-dexploitation-radar-dans-le-blockhaus-File0261-2-1-1024x935.jpg\" alt=\"\" class=\"wp-image-4128\" style=\"width:621px;height:auto\" srcset=\"https:\/\/www.lesvigiesduminou.bzh\/wp-content\/uploads\/2025\/04\/Salle-dexploitation-radar-dans-le-blockhaus-File0261-2-1-1024x935.jpg 1024w, https:\/\/www.lesvigiesduminou.bzh\/wp-content\/uploads\/2025\/04\/Salle-dexploitation-radar-dans-le-blockhaus-File0261-2-1-300x274.jpg 300w, https:\/\/www.lesvigiesduminou.bzh\/wp-content\/uploads\/2025\/04\/Salle-dexploitation-radar-dans-le-blockhaus-File0261-2-1-768x701.jpg 768w, https:\/\/www.lesvigiesduminou.bzh\/wp-content\/uploads\/2025\/04\/Salle-dexploitation-radar-dans-le-blockhaus-File0261-2-1-1000x913.jpg 1000w, https:\/\/www.lesvigiesduminou.bzh\/wp-content\/uploads\/2025\/04\/Salle-dexploitation-radar-dans-le-blockhaus-File0261-2-1-230x210.jpg 230w, https:\/\/www.lesvigiesduminou.bzh\/wp-content\/uploads\/2025\/04\/Salle-dexploitation-radar-dans-le-blockhaus-File0261-2-1-350x319.jpg 350w, https:\/\/www.lesvigiesduminou.bzh\/wp-content\/uploads\/2025\/04\/Salle-dexploitation-radar-dans-le-blockhaus-File0261-2-1-480x438.jpg 480w, https:\/\/www.lesvigiesduminou.bzh\/wp-content\/uploads\/2025\/04\/Salle-dexploitation-radar-dans-le-blockhaus-File0261-2-1-24x22.jpg 24w, https:\/\/www.lesvigiesduminou.bzh\/wp-content\/uploads\/2025\/04\/Salle-dexploitation-radar-dans-le-blockhaus-File0261-2-1-36x33.jpg 36w, https:\/\/www.lesvigiesduminou.bzh\/wp-content\/uploads\/2025\/04\/Salle-dexploitation-radar-dans-le-blockhaus-File0261-2-1-48x44.jpg 48w, https:\/\/www.lesvigiesduminou.bzh\/wp-content\/uploads\/2025\/04\/Salle-dexploitation-radar-dans-le-blockhaus-File0261-2-1.jpg 1032w\" sizes=\"auto, (max-width: 1024px) 100vw, 1024px\" \/><figcaption class=\"wp-element-caption\"><strong>Le poste de contr\u00f4le du radar au niveau sup\u00e9rieur du blockhaus<\/strong><\/figcaption><\/figure>\n\n\n\n<p class=\"has-medium-font-size\">Le Blockhaus \u00e9tait ventil\u00e9 24 heures sur 24, c\u2019\u00e9tait assez bruyant \u00e0 l&rsquo;int\u00e9rieur. Tous les vendredis, une \u00e9quipe de deux \u00e0 quatre personnes venait pour l\u2019entretien de ce groupe. On les nommait entre nous <strong>\u00ab la goutte d\u2019huile \u00bb<\/strong>. Leur intervention semblait bien souvent se limiter \u00e0 ce contr\u00f4le. &nbsp;<\/p>\n\n\n\n<p class=\"has-medium-font-size\"><strong>La vie au fort:<\/strong><\/p>\n\n\n\n<p class=\"has-medium-font-size\"><br>Mis \u00e0 part l\u2019activit\u00e9 autour de ce radar, il y avait celles qui nous prenaient plus de temps. Concocter nos repas, entretenir le site. A nos moments de d\u00e9tente, lecture, balades, quelques parties de p\u00eache et cueillettes de coquillages. Je me souviens d\u2019un endroit en particulier o\u00f9, lors des  grandes mar\u00e9es, il y avait de grosses moules de roche excellentes. Le vendredi au menu, il y avait souvent des langoustines achet\u00e9es au march\u00e9, quel r\u00e9gal.&nbsp; Le soir, nous regardions la t\u00e9l\u00e9vision. Enfin, jusqu\u2019\u00e0 ce soir du 13 f\u00e9vrier 1974 o\u00f9 l\u2019\u00e9cran du poste s\u2019\u00e9teignit.&nbsp;<\/p>\n\n\n\n<p class=\"has-medium-font-size\">Malgr\u00e9 mes comp\u00e9tences en \u00e9lectronique et les r\u00e9parations que j\u2019effectuais occasionnellement, la t\u00e9l\u00e9vision resta muette. L\u2019antenne \u00e9mettrice de Roc\u2019h Tr\u00e9dudon venait d\u2019\u00eatre d\u00e9truite par un attentat privant la Bretagne de ses trois cha\u00eenes t\u00e9l\u00e9vis\u00e9es. Dans la petite maison au pied du phare, pendant plusieurs semaines, Il fallut occuper nos soir\u00e9es autrement. &nbsp;<\/p>\n\n\n\n<p class=\"has-medium-font-size\">Et puis, je m&rsquo;en voudrais de ne pas \u00e9voquer les visites de notre plus proche voisin, Pierre Le Gall, le gardien du phare avec qui nous avons eu de longues conversations. Un sacr\u00e9 Monsieur qui est rest\u00e9 dans ma m\u00e9moire ! Une personne que je n\u2019oublierai jamais car il m\u2019a fascin\u00e9 par les histoires qu\u2019il m\u2019a racont\u00e9es.&nbsp;<\/p>\n\n\n\n<figure class=\"wp-block-image aligncenter size-large\"><img loading=\"lazy\" decoding=\"async\" width=\"1024\" height=\"500\" src=\"https:\/\/www.lesvigiesduminou.bzh\/wp-content\/uploads\/2025\/04\/Maison-des-militaires-et-blockhaus-File0206-phare-et-tour-brume-1024x500.jpg\" alt=\"\" class=\"wp-image-4124\" srcset=\"https:\/\/www.lesvigiesduminou.bzh\/wp-content\/uploads\/2025\/04\/Maison-des-militaires-et-blockhaus-File0206-phare-et-tour-brume-1024x500.jpg 1024w, https:\/\/www.lesvigiesduminou.bzh\/wp-content\/uploads\/2025\/04\/Maison-des-militaires-et-blockhaus-File0206-phare-et-tour-brume-300x146.jpg 300w, https:\/\/www.lesvigiesduminou.bzh\/wp-content\/uploads\/2025\/04\/Maison-des-militaires-et-blockhaus-File0206-phare-et-tour-brume-768x375.jpg 768w, https:\/\/www.lesvigiesduminou.bzh\/wp-content\/uploads\/2025\/04\/Maison-des-militaires-et-blockhaus-File0206-phare-et-tour-brume-1536x750.jpg 1536w, https:\/\/www.lesvigiesduminou.bzh\/wp-content\/uploads\/2025\/04\/Maison-des-militaires-et-blockhaus-File0206-phare-et-tour-brume-1000x488.jpg 1000w, https:\/\/www.lesvigiesduminou.bzh\/wp-content\/uploads\/2025\/04\/Maison-des-militaires-et-blockhaus-File0206-phare-et-tour-brume-230x112.jpg 230w, https:\/\/www.lesvigiesduminou.bzh\/wp-content\/uploads\/2025\/04\/Maison-des-militaires-et-blockhaus-File0206-phare-et-tour-brume-350x171.jpg 350w, https:\/\/www.lesvigiesduminou.bzh\/wp-content\/uploads\/2025\/04\/Maison-des-militaires-et-blockhaus-File0206-phare-et-tour-brume-480x234.jpg 480w, https:\/\/www.lesvigiesduminou.bzh\/wp-content\/uploads\/2025\/04\/Maison-des-militaires-et-blockhaus-File0206-phare-et-tour-brume-24x12.jpg 24w, https:\/\/www.lesvigiesduminou.bzh\/wp-content\/uploads\/2025\/04\/Maison-des-militaires-et-blockhaus-File0206-phare-et-tour-brume-36x18.jpg 36w, https:\/\/www.lesvigiesduminou.bzh\/wp-content\/uploads\/2025\/04\/Maison-des-militaires-et-blockhaus-File0206-phare-et-tour-brume-48x23.jpg 48w, https:\/\/www.lesvigiesduminou.bzh\/wp-content\/uploads\/2025\/04\/Maison-des-militaires-et-blockhaus-File0206-phare-et-tour-brume.jpg 1711w\" sizes=\"auto, (max-width: 1024px) 100vw, 1024px\" \/><figcaption class=\"wp-element-caption\"><strong>Le Phare du Petit Minou guide les navires, la tour surveille le trafic maritime &#8211; 1974<\/strong><\/figcaption><\/figure>\n\n\n\n<p class=\"has-medium-font-size\">Pierre m\u2019a embarqu\u00e9 quelques fois sur sa \u201cplate\u201d (petite barque \u00e0 fond plat) man\u0153uvr\u00e9e uniquement \u00e0 la godille. Nous allions ainsi relever ses casiers aux abords du phare.&nbsp; Ce sont d\u2019ailleurs (moi qui r\u00eavais d\u2019horizons lointains)&nbsp; les seules fois o\u00f9 j\u2019ai pu \u201cnaviguer\u201d durant ma p\u00e9riode dans la Marine Nationale !<\/p>\n\n\n\n<p class=\"has-medium-font-size\">Cette fois l\u00e0, il avait captur\u00e9 une \u00e9norme araign\u00e9e dans ses casiers. Pierre s\u2019amusait de notre curiosit\u00e9 devant ce crustac\u00e9. Tout d\u2019abord \u00e0 essayer de le faire cuire, puis de la fa\u00e7on dont on pourrait le manger. &nbsp;<\/p>\n\n\n\n<p class=\"has-medium-font-size\">Notre gardien de phare lisait beaucoup, s\u2019int\u00e9ressait aux autres, un sacr\u00e9 chic type !&nbsp; Il m\u2019est arriv\u00e9 d\u2019aller faire des courses avec lui \u00e0 La Trinit\u00e9 ou \u00e0 Plouzan\u00e9 avec sa Simca 1100 sp\u00e9ciale. Je constatais bien souvent qu\u2019il \u00e9tait appr\u00e9ci\u00e9 par tous ceux que l&rsquo;on rencontrait.&nbsp;<\/p>\n\n\n\n<figure class=\"wp-block-image aligncenter size-large is-resized\"><img loading=\"lazy\" decoding=\"async\" width=\"1024\" height=\"1000\" src=\"https:\/\/www.lesvigiesduminou.bzh\/wp-content\/uploads\/2025\/04\/A-la-peche-au-Minou-File0256-1-1024x1000.jpg\" alt=\"\" class=\"wp-image-4134\" style=\"width:531px;height:auto\" srcset=\"https:\/\/www.lesvigiesduminou.bzh\/wp-content\/uploads\/2025\/04\/A-la-peche-au-Minou-File0256-1-1024x1000.jpg 1024w, https:\/\/www.lesvigiesduminou.bzh\/wp-content\/uploads\/2025\/04\/A-la-peche-au-Minou-File0256-1-300x293.jpg 300w, https:\/\/www.lesvigiesduminou.bzh\/wp-content\/uploads\/2025\/04\/A-la-peche-au-Minou-File0256-1-768x750.jpg 768w, https:\/\/www.lesvigiesduminou.bzh\/wp-content\/uploads\/2025\/04\/A-la-peche-au-Minou-File0256-1-1000x977.jpg 1000w, https:\/\/www.lesvigiesduminou.bzh\/wp-content\/uploads\/2025\/04\/A-la-peche-au-Minou-File0256-1-230x225.jpg 230w, https:\/\/www.lesvigiesduminou.bzh\/wp-content\/uploads\/2025\/04\/A-la-peche-au-Minou-File0256-1-350x342.jpg 350w, https:\/\/www.lesvigiesduminou.bzh\/wp-content\/uploads\/2025\/04\/A-la-peche-au-Minou-File0256-1-480x469.jpg 480w, https:\/\/www.lesvigiesduminou.bzh\/wp-content\/uploads\/2025\/04\/A-la-peche-au-Minou-File0256-1-24x24.jpg 24w, https:\/\/www.lesvigiesduminou.bzh\/wp-content\/uploads\/2025\/04\/A-la-peche-au-Minou-File0256-1-36x36.jpg 36w, https:\/\/www.lesvigiesduminou.bzh\/wp-content\/uploads\/2025\/04\/A-la-peche-au-Minou-File0256-1-48x48.jpg 48w, https:\/\/www.lesvigiesduminou.bzh\/wp-content\/uploads\/2025\/04\/A-la-peche-au-Minou-File0256-1.jpg 1302w\" sizes=\"auto, (max-width: 1024px) 100vw, 1024px\" \/><figcaption class=\"wp-element-caption\"><strong>Aux heures de d\u00e9tente &#8211; Du poisson frais pour ce soir.<\/strong><\/figcaption><\/figure>\n\n\n\n<p class=\"has-medium-font-size\">Nous nous arr\u00eations parfois au retour chez \u00ab&nbsp;M\u00e9lie&nbsp;\u00bb au croisement de la route du Conquet et du Minou. Dans ce petit commerce, c&rsquo;\u00e9tait un capharna\u00fcm, un empilement de sacs, de cartons et de choses diverses. Et puis Pierre a demand\u00e9 une laisse pour son chien. En moi-m\u00eame, je pensais qu&rsquo;il \u00e9tait impossible de trouver cet article ici. Et pourtant &#8230; Emilie a grimp\u00e9 sur une chaise pour atteindre le haut d&rsquo;une \u00e9tag\u00e8re \u00e0 droite de la porte d&rsquo;entr\u00e9e. Elle a retir\u00e9 un carton poussi\u00e9reux et en a sorti des laisses. Et il y avait l\u00e0 le mod\u00e8le qui convenait tout \u00e0 fait \u00e0 Pierre. Comme quoi, Amazon n&rsquo;a rien invent\u00e9.  <\/p>\n\n\n\n<p class=\"has-medium-font-size\">Au Minou, je n\u2019ai h\u00e9las pas pris beaucoup de photos sur le site, hormis des photos de paysages. J\u2019ai \u00e9t\u00e9 trop respectueux des consignes concernant l\u2019interdiction de prendre des photos sur ce site militaire.&nbsp;<\/p>\n\n\n\n<figure class=\"wp-block-image aligncenter size-full is-resized\"><img loading=\"lazy\" decoding=\"async\" width=\"923\" height=\"885\" src=\"https:\/\/www.lesvigiesduminou.bzh\/wp-content\/uploads\/2025\/04\/Radome-exterieur-Pierre-File-0260.jpg\" alt=\"\" class=\"wp-image-4126\" style=\"width:561px;height:auto\" srcset=\"https:\/\/www.lesvigiesduminou.bzh\/wp-content\/uploads\/2025\/04\/Radome-exterieur-Pierre-File-0260.jpg 923w, https:\/\/www.lesvigiesduminou.bzh\/wp-content\/uploads\/2025\/04\/Radome-exterieur-Pierre-File-0260-300x288.jpg 300w, https:\/\/www.lesvigiesduminou.bzh\/wp-content\/uploads\/2025\/04\/Radome-exterieur-Pierre-File-0260-768x736.jpg 768w, https:\/\/www.lesvigiesduminou.bzh\/wp-content\/uploads\/2025\/04\/Radome-exterieur-Pierre-File-0260-230x221.jpg 230w, https:\/\/www.lesvigiesduminou.bzh\/wp-content\/uploads\/2025\/04\/Radome-exterieur-Pierre-File-0260-350x336.jpg 350w, https:\/\/www.lesvigiesduminou.bzh\/wp-content\/uploads\/2025\/04\/Radome-exterieur-Pierre-File-0260-480x460.jpg 480w, https:\/\/www.lesvigiesduminou.bzh\/wp-content\/uploads\/2025\/04\/Radome-exterieur-Pierre-File-0260-24x24.jpg 24w, https:\/\/www.lesvigiesduminou.bzh\/wp-content\/uploads\/2025\/04\/Radome-exterieur-Pierre-File-0260-36x36.jpg 36w, https:\/\/www.lesvigiesduminou.bzh\/wp-content\/uploads\/2025\/04\/Radome-exterieur-Pierre-File-0260-48x46.jpg 48w\" sizes=\"auto, (max-width: 923px) 100vw, 923px\" \/><figcaption class=\"wp-element-caption\"><strong>Sur le balcon du rad\u00f4me &#8211; Vue imprenable sur le goulet garantie<\/strong><\/figcaption><\/figure>\n\n\n\n<p class=\"has-medium-font-size\">Voil\u00e0, un bref r\u00e9sum\u00e9 de mes <strong>10 mois pass\u00e9s au Petit Minou<\/strong>, il y a plus de cinquante ans maintenant !&nbsp;<\/p>\n\n\n\n<p class=\"has-medium-font-size\">Il me reste encore un souvenir ancr\u00e9 dans ma t\u00eate mais qu\u2019il m\u2019est impossible de transmettre : ce sont les fabuleux couchers de soleil sur Camaret certains soirs ; tout simplement fabuleux !<\/p>\n\n\n\n<p class=\"has-medium-font-size\">PS : Je vous joins quelques photos que j\u2019avais prises \u00e0 l\u2019\u00e9poque ainsi que deux cartes postales que j\u2019avais achet\u00e9es dans la boutique d\u2019Emilie.<\/p>\n\n\n\n<p class=\"has-medium-font-size\">-Yves et Pierre apr\u00e8s ces dix mois pass\u00e9s au Minou sont repartis chacun de leur c\u00f4t\u00e9 vers de nouvelles rencontres et la vie qui les attendait.<\/p>\n\n\n\n<figure class=\"wp-block-image aligncenter size-full is-resized\"><img loading=\"lazy\" decoding=\"async\" width=\"892\" height=\"848\" src=\"https:\/\/www.lesvigiesduminou.bzh\/wp-content\/uploads\/2025\/04\/Corne-de-brume-File0204.jpg\" alt=\"\" class=\"wp-image-4127\" style=\"width:588px;height:auto\" srcset=\"https:\/\/www.lesvigiesduminou.bzh\/wp-content\/uploads\/2025\/04\/Corne-de-brume-File0204.jpg 892w, https:\/\/www.lesvigiesduminou.bzh\/wp-content\/uploads\/2025\/04\/Corne-de-brume-File0204-300x285.jpg 300w, https:\/\/www.lesvigiesduminou.bzh\/wp-content\/uploads\/2025\/04\/Corne-de-brume-File0204-768x730.jpg 768w, https:\/\/www.lesvigiesduminou.bzh\/wp-content\/uploads\/2025\/04\/Corne-de-brume-File0204-230x219.jpg 230w, https:\/\/www.lesvigiesduminou.bzh\/wp-content\/uploads\/2025\/04\/Corne-de-brume-File0204-350x333.jpg 350w, https:\/\/www.lesvigiesduminou.bzh\/wp-content\/uploads\/2025\/04\/Corne-de-brume-File0204-480x456.jpg 480w, https:\/\/www.lesvigiesduminou.bzh\/wp-content\/uploads\/2025\/04\/Corne-de-brume-File0204-24x24.jpg 24w, https:\/\/www.lesvigiesduminou.bzh\/wp-content\/uploads\/2025\/04\/Corne-de-brume-File0204-36x34.jpg 36w, https:\/\/www.lesvigiesduminou.bzh\/wp-content\/uploads\/2025\/04\/Corne-de-brume-File0204-48x46.jpg 48w\" sizes=\"auto, (max-width: 892px) 100vw, 892px\" \/><figcaption class=\"wp-element-caption\"><strong>Les mugissements de la corne de brume signalaient alors les dangers aux marins et rythmait nos nuits agit\u00e9es.<\/strong><\/figcaption><\/figure>\n\n\n\n<p class=\"has-medium-font-size\">Les copains d\u2019avant, bien des ann\u00e9es plus tard se sont retrouv\u00e9s. Nous tenions ici \u00e0 les remercier. Les maisons d\u00e9construites, les blockhaus abandonn\u00e9s fig\u00e9s dans leur silence, le myst\u00e9rieux souterrain plongeant dans les entrailles du fort nous ont, gr\u00e2ce \u00e0 eux, r\u00e9v\u00e9l\u00e9 quelques-uns de leurs secrets.<\/p>\n\n\n\n<p class=\"has-medium-font-size\">D\u00e9sormais, lorsque nous nous rendrons sur ce belv\u00e9d\u00e8re, Il nous sera plus facile d\u2019imaginer l\u2019animation qui pouvait y r\u00e9gner. &nbsp;<\/p>\n\n\n\n<figure class=\"wp-block-image aligncenter size-large is-resized\"><img loading=\"lazy\" decoding=\"async\" width=\"973\" height=\"1024\" src=\"https:\/\/www.lesvigiesduminou.bzh\/wp-content\/uploads\/2025\/04\/Pierre-Le-Gall-gardien-de-phare-au-Minou-NB-973x1024.jpg\" alt=\"\" class=\"wp-image-4154\" style=\"width:379px;height:auto\" srcset=\"https:\/\/www.lesvigiesduminou.bzh\/wp-content\/uploads\/2025\/04\/Pierre-Le-Gall-gardien-de-phare-au-Minou-NB-973x1024.jpg 973w, https:\/\/www.lesvigiesduminou.bzh\/wp-content\/uploads\/2025\/04\/Pierre-Le-Gall-gardien-de-phare-au-Minou-NB-285x300.jpg 285w, https:\/\/www.lesvigiesduminou.bzh\/wp-content\/uploads\/2025\/04\/Pierre-Le-Gall-gardien-de-phare-au-Minou-NB-768x808.jpg 768w, https:\/\/www.lesvigiesduminou.bzh\/wp-content\/uploads\/2025\/04\/Pierre-Le-Gall-gardien-de-phare-au-Minou-NB-1460x1536.jpg 1460w, https:\/\/www.lesvigiesduminou.bzh\/wp-content\/uploads\/2025\/04\/Pierre-Le-Gall-gardien-de-phare-au-Minou-NB-1947x2048.jpg 1947w, https:\/\/www.lesvigiesduminou.bzh\/wp-content\/uploads\/2025\/04\/Pierre-Le-Gall-gardien-de-phare-au-Minou-NB-1000x1052.jpg 1000w, https:\/\/www.lesvigiesduminou.bzh\/wp-content\/uploads\/2025\/04\/Pierre-Le-Gall-gardien-de-phare-au-Minou-NB-230x242.jpg 230w, https:\/\/www.lesvigiesduminou.bzh\/wp-content\/uploads\/2025\/04\/Pierre-Le-Gall-gardien-de-phare-au-Minou-NB-350x368.jpg 350w, https:\/\/www.lesvigiesduminou.bzh\/wp-content\/uploads\/2025\/04\/Pierre-Le-Gall-gardien-de-phare-au-Minou-NB-480x505.jpg 480w, https:\/\/www.lesvigiesduminou.bzh\/wp-content\/uploads\/2025\/04\/Pierre-Le-Gall-gardien-de-phare-au-Minou-NB-24x24.jpg 24w, https:\/\/www.lesvigiesduminou.bzh\/wp-content\/uploads\/2025\/04\/Pierre-Le-Gall-gardien-de-phare-au-Minou-NB-34x36.jpg 34w, https:\/\/www.lesvigiesduminou.bzh\/wp-content\/uploads\/2025\/04\/Pierre-Le-Gall-gardien-de-phare-au-Minou-NB-46x48.jpg 46w\" sizes=\"auto, (max-width: 973px) 100vw, 973px\" \/><figcaption class=\"wp-element-caption\"><strong>Pierre Le Gall gardien de phare au Petit Minou<\/strong><\/figcaption><\/figure>\n\n\n\n<p class=\"has-medium-font-size\">Nos deux matelots nous ont permis d\u2019entrouvrir la porte de cette communaut\u00e9 du Minou o\u00f9,&nbsp; marins, gardiens de phares, techniciens, cultivateurs, voisins, durant des ann\u00e9es ont donn\u00e9 vie \u00e0 ce site d\u00e9sormais prot\u00e9g\u00e9.&nbsp;<\/p>\n\n\n\n<p class=\"has-medium-font-size\">Le temps passe, nous n\u2019y pourrons rien changer. Le bistrot, \u00e9picerie, marchande de bonbons et de cartes postales de M\u00e9lie est depuis longtemps ferm\u00e9. <\/p>\n\n\n\n<p class=\"has-medium-font-size\">C\u2019est l\u00e0 que je laissais mon v\u00e9lo avant de prendre le car qui m\u2019emmenait \u00e0 l\u2019\u00e9cole \u00e0 Brest nous r\u00e9v\u00e9lait il y a quelques jours l\u2019un de nos adh\u00e9rents. Les souvenirs reviennent.&nbsp;<\/p>\n\n\n\n<p class=\"has-medium-font-size\">Pierre et Yves, <strong>matelots et vigies du Minou<\/strong>, bien avant la cr\u00e9ation de notre association viennent d\u00e9sormais compl\u00e9ter le puzzle que nous tentons de reconstituer. Grand merci pour leurs t\u00e9moignages et leurs photographies d&rsquo;autant plus pr\u00e9cieuses qu&rsquo;\u00e0 cette \u00e9poque, seuls les couchers de soleil \u00e9taient autoris\u00e9s.<\/p>\n\n\n\n<figure class=\"wp-block-image size-large\"><img loading=\"lazy\" decoding=\"async\" width=\"763\" height=\"1024\" src=\"https:\/\/www.lesvigiesduminou.bzh\/wp-content\/uploads\/2025\/04\/album-compil-photos-au-Minou-1974-763x1024.jpg\" alt=\"\" class=\"wp-image-4132\" srcset=\"https:\/\/www.lesvigiesduminou.bzh\/wp-content\/uploads\/2025\/04\/album-compil-photos-au-Minou-1974-763x1024.jpg 763w, https:\/\/www.lesvigiesduminou.bzh\/wp-content\/uploads\/2025\/04\/album-compil-photos-au-Minou-1974-223x300.jpg 223w, https:\/\/www.lesvigiesduminou.bzh\/wp-content\/uploads\/2025\/04\/album-compil-photos-au-Minou-1974-768x1031.jpg 768w, https:\/\/www.lesvigiesduminou.bzh\/wp-content\/uploads\/2025\/04\/album-compil-photos-au-Minou-1974-1144x1536.jpg 1144w, https:\/\/www.lesvigiesduminou.bzh\/wp-content\/uploads\/2025\/04\/album-compil-photos-au-Minou-1974-1525x2048.jpg 1525w, https:\/\/www.lesvigiesduminou.bzh\/wp-content\/uploads\/2025\/04\/album-compil-photos-au-Minou-1974-1000x1343.jpg 1000w, https:\/\/www.lesvigiesduminou.bzh\/wp-content\/uploads\/2025\/04\/album-compil-photos-au-Minou-1974-230x309.jpg 230w, https:\/\/www.lesvigiesduminou.bzh\/wp-content\/uploads\/2025\/04\/album-compil-photos-au-Minou-1974-350x470.jpg 350w, https:\/\/www.lesvigiesduminou.bzh\/wp-content\/uploads\/2025\/04\/album-compil-photos-au-Minou-1974-480x645.jpg 480w, https:\/\/www.lesvigiesduminou.bzh\/wp-content\/uploads\/2025\/04\/album-compil-photos-au-Minou-1974-18x24.jpg 18w, https:\/\/www.lesvigiesduminou.bzh\/wp-content\/uploads\/2025\/04\/album-compil-photos-au-Minou-1974-27x36.jpg 27w, https:\/\/www.lesvigiesduminou.bzh\/wp-content\/uploads\/2025\/04\/album-compil-photos-au-Minou-1974-36x48.jpg 36w\" sizes=\"auto, (max-width: 763px) 100vw, 763px\" \/><\/figure>\n\n\n\n<ul class=\"wp-block-list\">\n<li class=\"has-medium-font-size\">Yves et Pierre souhaitaient d\u00e9dicacer ce t\u00e9moignage en souvenir de Pierre et Corentin. Veilleurs d\u00e9sormais \u00e9ternels partis trop t\u00f4t tout l\u00e0-haut, pour allumer les \u00e9toiles.<\/li>\n<\/ul>\n\n\n\n<p><\/p>\n","protected":false},"excerpt":{"rendered":"<p>Le site du Minou nous offre aujourd\u2019hui un belv\u00e9d\u00e8re \u00e0 la vue imprenable sur la mer. Ce bastion, \u00e9rig\u00e9 sur l\u2019une des [&hellip;]<\/p>\n","protected":false},"author":23,"featured_media":4143,"comment_status":"open","ping_status":"open","sticky":false,"template":"","format":"standard","meta":{"footnotes":""},"categories":[1],"tags":[],"class_list":["post-4115","post","type-post","status-publish","format-standard","has-post-thumbnail","hentry","category-non-classe"],"_links":{"self":[{"href":"https:\/\/www.lesvigiesduminou.bzh\/index.php\/wp-json\/wp\/v2\/posts\/4115","targetHints":{"allow":["GET"]}}],"collection":[{"href":"https:\/\/www.lesvigiesduminou.bzh\/index.php\/wp-json\/wp\/v2\/posts"}],"about":[{"href":"https:\/\/www.lesvigiesduminou.bzh\/index.php\/wp-json\/wp\/v2\/types\/post"}],"author":[{"embeddable":true,"href":"https:\/\/www.lesvigiesduminou.bzh\/index.php\/wp-json\/wp\/v2\/users\/23"}],"replies":[{"embeddable":true,"href":"https:\/\/www.lesvigiesduminou.bzh\/index.php\/wp-json\/wp\/v2\/comments?post=4115"}],"version-history":[{"count":32,"href":"https:\/\/www.lesvigiesduminou.bzh\/index.php\/wp-json\/wp\/v2\/posts\/4115\/revisions"}],"predecessor-version":[{"id":4167,"href":"https:\/\/www.lesvigiesduminou.bzh\/index.php\/wp-json\/wp\/v2\/posts\/4115\/revisions\/4167"}],"wp:featuredmedia":[{"embeddable":true,"href":"https:\/\/www.lesvigiesduminou.bzh\/index.php\/wp-json\/wp\/v2\/media\/4143"}],"wp:attachment":[{"href":"https:\/\/www.lesvigiesduminou.bzh\/index.php\/wp-json\/wp\/v2\/media?parent=4115"}],"wp:term":[{"taxonomy":"category","embeddable":true,"href":"https:\/\/www.lesvigiesduminou.bzh\/index.php\/wp-json\/wp\/v2\/categories?post=4115"},{"taxonomy":"post_tag","embeddable":true,"href":"https:\/\/www.lesvigiesduminou.bzh\/index.php\/wp-json\/wp\/v2\/tags?post=4115"}],"curies":[{"name":"wp","href":"https:\/\/api.w.org\/{rel}","templated":true}]}}