{"id":327,"date":"2020-12-17T11:34:19","date_gmt":"2020-12-17T10:34:19","guid":{"rendered":"https:\/\/www.lesvigiesduminou.bzh\/?p=327"},"modified":"2022-03-11T08:45:14","modified_gmt":"2022-03-11T07:45:14","slug":"le-belier-hydraulique-du-minou","status":"publish","type":"post","link":"https:\/\/www.lesvigiesduminou.bzh\/index.php\/2020\/12\/17\/le-belier-hydraulique-du-minou\/","title":{"rendered":"Le B\u00e9lier hydraulique du Minou."},"content":{"rendered":"\n<p class=\"has-text-align-left\">Si&nbsp;vous vous \u00eates d\u00e9j\u00e0 aventur\u00e9 jusqu\u2019au pied du phare \u00e0 mar\u00e9e haute, vous avez sans doute remarqu\u00e9 cet \u00e9trange tuyau de b\u00e9ton d\u2019o\u00f9 jaillissent au rythme des vagues les plus audacieuses, un puissant jet d\u2019air et d\u2019embruns&nbsp;m\u00eal\u00e9s.<\/p>\n\n\n\n<!--more-->\n\n\n\n<div class=\"wp-block-image\"><figure class=\"aligncenter size-large is-resized\"><img loading=\"lazy\" decoding=\"async\" src=\"https:\/\/www.lesvigiesduminou.bzh\/wp-content\/uploads\/2020\/12\/Belier-Minou-Gilbert-web-copie.jpg\" alt=\"\" class=\"wp-image-335\" width=\"669\" height=\"291\" \/><figcaption>Les ruines du b\u00e9lier hydraulique au pied du phare (Gilbert Mellaza &#8211; Yannick Lenouvel)<\/figcaption><\/figure><\/div>\n\n\n\n<p class=\"has-text-align-left\">Cet appareil se prolonge en forme d&rsquo;entonnoir vers le large sur une trentaine de m\u00e8tres. <\/p>\n\n\n\n<h2 class=\"wp-block-heading\">Collecteur de houle &#8211; Collecteur de m\u00e9moire<\/h2>\n\n\n\n<p>A quoi et \u00e0 qui pouvait-il servir? <\/p>\n\n\n\n<p class=\"has-text-align-left\">\u00ab\u00a0L\u2019endroit \u00e9tait un excellent coin pour la p\u00eache\u00a0\u00bb nous avoue discr\u00e8tement l&rsquo;une de personnes que nous avons contact\u00e9.  \u00ab\u00a0Mon p\u00e8re s\u2019installait souvent pr\u00e8s du \u00ab\u00a0houlographe\u00a0\u00bb pour y lancer sa ligne\u00a0\u00bb.&nbsp;Ce t\u00e9moignage anodin \u00e9tait pour votre&nbsp;enqu\u00eateur d\u00e9j\u00e0 une premi\u00e8re piste de recherche. <\/p>\n\n\n\n<p>Les archives locales restant muettes, c\u2019est vers la biblioth\u00e8que nationale de France que j\u2019allais bient\u00f4t confirmer la piste et en apprendre un peu plus sur cet \u00e9trange appareil.&nbsp;<\/p>\n\n\n\n<h2 class=\"wp-block-heading\">Une station de mesure exp\u00e9rimentale au pied du phare<\/h2>\n\n\n\n<div class=\"wp-block-image\"><figure class=\"aligncenter size-large is-resized\"><img decoding=\"async\" src=\"https:\/\/www.lesvigiesduminou.bzh\/wp-content\/uploads\/2020\/12\/DSC_8346-grosse-houle-deolen-edited-1024x577.jpg\" alt=\"\" class=\"wp-image-333\" width=\"609\" height=\"342.5625\" srcset=\"https:\/\/www.lesvigiesduminou.bzh\/wp-content\/uploads\/2020\/12\/DSC_8346-grosse-houle-deolen-edited-1024x577.jpg 1024w, https:\/\/www.lesvigiesduminou.bzh\/wp-content\/uploads\/2020\/12\/DSC_8346-grosse-houle-deolen-edited-300x169.jpg 300w, https:\/\/www.lesvigiesduminou.bzh\/wp-content\/uploads\/2020\/12\/DSC_8346-grosse-houle-deolen-edited-768x432.jpg 768w, https:\/\/www.lesvigiesduminou.bzh\/wp-content\/uploads\/2020\/12\/DSC_8346-grosse-houle-deolen-edited-1536x865.jpg 1536w, https:\/\/www.lesvigiesduminou.bzh\/wp-content\/uploads\/2020\/12\/DSC_8346-grosse-houle-deolen-edited-2048x1153.jpg 2048w, https:\/\/www.lesvigiesduminou.bzh\/wp-content\/uploads\/2020\/12\/DSC_8346-grosse-houle-deolen-edited-24x14.jpg 24w, https:\/\/www.lesvigiesduminou.bzh\/wp-content\/uploads\/2020\/12\/DSC_8346-grosse-houle-deolen-edited-36x20.jpg 36w, https:\/\/www.lesvigiesduminou.bzh\/wp-content\/uploads\/2020\/12\/DSC_8346-grosse-houle-deolen-edited-48x27.jpg 48w\" sizes=\"(max-width: 1024px) 100vw, 1024px\" \/><figcaption>L&rsquo;in\u00e9puisable \u00e9nergie des vagues \u00a9 Yannick lenouvel<\/figcaption><\/figure><\/div>\n\n\n\n<h2 class=\"wp-block-heading\">Un peu d&rsquo;histoire<\/h2>\n\n\n\n<p class=\"has-text-align-left\"><strong>1918:<\/strong>&nbsp;Les ressources mini\u00e8res pill\u00e9es, \u00e9puis\u00e9es par l\u2019effort de guerre partout viennent \u00e0 manquer. <\/p>\n\n\n\n<p class=\"has-text-align-left\">Pour faire face \u00e0 la demande, le charbon est import\u00e9 d&rsquo;Angleterre, de Belgique. Des commissions sont cr\u00e9\u00e9es. Parmi elles,&nbsp;<strong>la commission de la houille bleue<\/strong>.&nbsp;La force des vagues pourrait-elle fournir une part de&nbsp;&nbsp;l\u2019\u00e9lectricit\u00e9 n\u00e9cessaire \u00e0 la relance de l\u2019industrie?<\/p>\n\n\n\n<h2 class=\"wp-block-heading\">Des grands projets nationaux<\/h2>\n\n\n\n<div class=\"wp-block-image\"><figure class=\"aligncenter size-large is-resized\"><img loading=\"lazy\" decoding=\"async\" src=\"https:\/\/www.lesvigiesduminou.bzh\/wp-content\/uploads\/2020\/12\/illustration-belier-carte-px-sites-etudes-maremotrices.jpg\" alt=\"\" class=\"wp-image-344\" width=\"358\" height=\"424\" srcset=\"https:\/\/www.lesvigiesduminou.bzh\/wp-content\/uploads\/2020\/12\/illustration-belier-carte-px-sites-etudes-maremotrices.jpg 641w, https:\/\/www.lesvigiesduminou.bzh\/wp-content\/uploads\/2020\/12\/illustration-belier-carte-px-sites-etudes-maremotrices-253x300.jpg 253w, https:\/\/www.lesvigiesduminou.bzh\/wp-content\/uploads\/2020\/12\/illustration-belier-carte-px-sites-etudes-maremotrices-20x24.jpg 20w, https:\/\/www.lesvigiesduminou.bzh\/wp-content\/uploads\/2020\/12\/illustration-belier-carte-px-sites-etudes-maremotrices-30x36.jpg 30w, https:\/\/www.lesvigiesduminou.bzh\/wp-content\/uploads\/2020\/12\/illustration-belier-carte-px-sites-etudes-maremotrices-40x48.jpg 40w\" sizes=\"auto, (max-width: 358px) 100vw, 358px\" \/><\/figure><\/div>\n\n\n\n<p class=\"has-text-align-left\">Au fond des golfes, sur le bord des rivi\u00e8res, au cours des si\u00e8cles, les meuniers ont appris \u00e0 domestiquer la force de l\u2019eau. A L\u2019Aber Wrach, et autres lieux, la commission \u00e9tudie un projet d\u2019usine mar\u00e9motrice mais la production \u00e9lectrique est instable et trop&nbsp;d\u00e9pendante du caprice des mar\u00e9es.<\/p>\n\n\n\n<h2 class=\"wp-block-heading\">Des mesures, des donn\u00e9es?<\/h2>\n\n\n\n<p>A Brest, port de r\u00e9f\u00e9rence pour l\u2019observation et le calcul des mar\u00e9es,&nbsp;<strong>Andr\u00e9 Coyne<\/strong>, polytechnicien, est affect\u00e9 en 1920 aux services du port. Il cherche \u00e0 d\u00e9velopper un instrument capable de mesurer la puissance quasi in\u00e9puisable de la houle.<\/p>\n\n\n\n<p>La commission de la houille bleue attribue une allocation de 25000 francs au projet du jeune ing\u00e9nieur des ponts et chauss\u00e9es. La station de mesure exp\u00e9rimentale sera implant\u00e9e&nbsp;<strong>au pied du phare du Minou<\/strong>. Les houles venues du grand large s\u2019engouffrent dans cet entonnoir naturel form\u00e9 par l\u2019embouchure du Goulet, il suffirait de capter leur \u00e9nergie. La t\u00e2che sera ardue, on ne met pas facilement la mer en bouteille.<\/p>\n\n\n\n<div class=\"wp-block-image\"><figure class=\"aligncenter size-large is-resized\"><img loading=\"lazy\" decoding=\"async\" src=\"https:\/\/www.lesvigiesduminou.bzh\/wp-content\/uploads\/2020\/12\/Belier-shema-Coyne-1936.jpg\" alt=\"\" class=\"wp-image-339\" width=\"460\" height=\"295\" srcset=\"https:\/\/www.lesvigiesduminou.bzh\/wp-content\/uploads\/2020\/12\/Belier-shema-Coyne-1936.jpg 813w, https:\/\/www.lesvigiesduminou.bzh\/wp-content\/uploads\/2020\/12\/Belier-shema-Coyne-1936-300x193.jpg 300w, https:\/\/www.lesvigiesduminou.bzh\/wp-content\/uploads\/2020\/12\/Belier-shema-Coyne-1936-768x494.jpg 768w, https:\/\/www.lesvigiesduminou.bzh\/wp-content\/uploads\/2020\/12\/Belier-shema-Coyne-1936-24x15.jpg 24w, https:\/\/www.lesvigiesduminou.bzh\/wp-content\/uploads\/2020\/12\/Belier-shema-Coyne-1936-36x23.jpg 36w, https:\/\/www.lesvigiesduminou.bzh\/wp-content\/uploads\/2020\/12\/Belier-shema-Coyne-1936-48x31.jpg 48w\" sizes=\"auto, (max-width: 460px) 100vw, 460px\" \/><figcaption>Le b\u00e9lier hydraulique d&rsquo;Andr\u00e9 Coyne (Revue g\u00e9n\u00e9rale de l&rsquo;hydraulique 1939)<\/figcaption><\/figure><\/div>\n\n\n\n<p><strong>\u201cA\u201d: Cloche \u00e0 air en b\u00e9ton arm\u00e9 de 3m3<\/strong> environ de capacit\u00e9 (arrach\u00e9e par la temp\u00eate en 1929)<br>munie d\u2019un <strong>clapet battant \u00ab C \u00bb de 350 mm<\/strong> d\u2019ouverture de t\u00f4le d\u2019acier et corni\u00e8res et d\u2019une <strong>conduite de refoulement \u201cR\u201d<\/strong> de m\u00eame diam\u00e8tre s\u2019\u00e9levant \u00e0 5 m\u00e8tres environ au dessus des plus hautes mers.<br>Le clapet d\u2019entr\u00e9e \u00e9tait pr\u00e9c\u00e9d\u00e9 d\u2019un court tuyau de batterie en b\u00e9ton arm\u00e9 scell\u00e9 aux parois de la faille rocheuse.<br><strong>Un reniflard \u00ab R \u00bb<\/strong> normalement ouvert, servait \u00e0 \u00e9vacuer les exc\u00e8s d\u2019air.<br>\u201c<strong>B\u201d conduite de canalisation<\/strong> de l\u2019eau de mer de 2 m\u00e8tres de diam\u00e8tre (int\u00e9rieur)<br><strong>\u201cm\u201d murette<\/strong> isolant un premier dispositif (canalisation de 1 m\u00e8tre de diam\u00e8tre).<\/p>\n\n\n\n<h2 class=\"wp-block-heading\">Transformer la puissance de la houle<\/h2>\n\n\n\n<p>Le phare du Minou n\u2019est pas \u00e9lectrifi\u00e9 (il ne le sera qu\u2019en 1938). Lybrand Smith un officier de marine am\u00e9ricain a d\u00e9pos\u00e9 en 1922 un brevet pour un syst\u00e8me d\u2019\u00e9l\u00e9vation de l\u2019eau \u00e0 partir de la force des vagues. Ce dispositif s\u2019appuie lui m\u00eame sur&nbsp;un autre appareil mis au point en 1792 par un certain Joseph Montgolfier. L\u2019appareil utilise le principe du&nbsp;<strong>b\u00e9lier hydraulique.<\/strong>&nbsp;L\u2019eau canalis\u00e9e dans une conduite prend de la vitesse. Deux clapets aux mouvements alternatifs plac\u00e9s \u00e0 l\u2019extr\u00e9mit\u00e9 de cette conduite vont provoquer l\u2019effet du coup de b\u00e9lier.&nbsp;<\/p>\n\n\n\n<p>Le proc\u00e9d\u00e9 est retenu par Andr\u00e9 Coyne. La seule force de l\u2019eau est utilis\u00e9e multipliant jusqu\u2019\u00e0 10 fois la pression d\u2019entr\u00e9e. Les promesses de la machine seront-elles tenues?<\/p>\n\n\n\n<h2 class=\"wp-block-heading\">Le coup de b\u00e9lier<\/h2>\n\n\n\n<p>Au pied du phare du Minou, vers le large,  Andr\u00e9 Coyne fait creuser un sillon en profitant d\u2019une faille naturelle de la roche. La houle s\u2019engouffrant dans cet \u00e9troit&nbsp;&nbsp;canal va \u00eatre propuls\u00e9e naturellement. A la cadence des vagues, l&rsquo;eau de mer se pr\u00e9cipite dans un collecteur termin\u00e9 par une cloche \u00e0 air en b\u00e9ton arm\u00e9 d\u2019une capacit\u00e9 de 3 m3. Les faibles dimensions des b\u00e9liers hydrauliques disponibles sur le march\u00e9 ne correspondent pas au besoin. Andr\u00e9 Coyne adapte \u00e0 plusieurs reprises&nbsp;l\u2019embouchure, du collecteur et le volume de la cloche afin d&rsquo;optimiser la puissance captur\u00e9e et mesur\u00e9e par son appareil.&nbsp;<\/p>\n\n\n\n<div class=\"wp-block-image\"><figure class=\"aligncenter size-large is-resized\"><img loading=\"lazy\" decoding=\"async\" src=\"https:\/\/www.lesvigiesduminou.bzh\/wp-content\/uploads\/2020\/12\/Belier-cloche-a-air-gerbe-Minou-Coyne.jpg\" alt=\"\" class=\"wp-image-337\" width=\"675\" height=\"478\" srcset=\"https:\/\/www.lesvigiesduminou.bzh\/wp-content\/uploads\/2020\/12\/Belier-cloche-a-air-gerbe-Minou-Coyne.jpg 604w, https:\/\/www.lesvigiesduminou.bzh\/wp-content\/uploads\/2020\/12\/Belier-cloche-a-air-gerbe-Minou-Coyne-300x213.jpg 300w, https:\/\/www.lesvigiesduminou.bzh\/wp-content\/uploads\/2020\/12\/Belier-cloche-a-air-gerbe-Minou-Coyne-24x17.jpg 24w, https:\/\/www.lesvigiesduminou.bzh\/wp-content\/uploads\/2020\/12\/Belier-cloche-a-air-gerbe-Minou-Coyne-36x26.jpg 36w, https:\/\/www.lesvigiesduminou.bzh\/wp-content\/uploads\/2020\/12\/Belier-cloche-a-air-gerbe-Minou-Coyne-48x34.jpg 48w\" sizes=\"auto, (max-width: 675px) 100vw, 675px\" \/><figcaption>La cloche \u00e0 air emport\u00e9e par la temp\u00eate de 1929 (revue g\u00e9n\u00e9rale de l&rsquo;hydraulique 1939)<\/figcaption><\/figure><\/div>\n\n\n\n<h2 class=\"wp-block-heading\">Les caprices de la mer, premiers r\u00e9sultats<\/h2>\n\n\n\n<p>\u00ab\u00a0Des lames de 1 \u00e0 2 m\u00e8tres p\u00e9n\u00e9trant dans le b\u00e9lier pouvaient g\u00e9n\u00e9rer des pressions de 100 \u00e0 200 grammes par m\u00e8tre carr\u00e9. Les pressions enregistr\u00e9es dans la bouteille d\u2019air comprim\u00e9 vont atteindre 3,5 kg\u00a0\u00bb. Les chasses d\u2019air et les clapets cr\u00e9aient un vacarme qui s\u2019entendait \u00e0 plusieurs kilom\u00e8tres. Les mar\u00e9es, plusieurs heures par jour, interrompaient malheureusement le fonctionnement du b\u00e9lier<\/p>\n\n\n\n<h2 class=\"wp-block-heading\">D\u00e9mesure des mesures<\/h2>\n\n\n\n<p>Andr\u00e9 Coyne recueille des relev\u00e9s effectu\u00e9s dans des phares de l\u2019Iroise comme \u00e0 la Jument de Ouessant ou Armen. \u00ab\u00a0<em>Au large il est fr\u00e9quent d\u2019assister \u00e0 des d\u00e9ploiements de force beaucoup plus imposants. La puissance d\u2019un seul brisant peut atteindre des centaines de milliers de chevaux et dans les temp\u00eates, des millions\u00a0\u00bb&nbsp;.<\/em><\/p>\n\n\n\n<h2 class=\"wp-block-heading\">Le maillon faible du dispositif<\/h2>\n\n\n\n<p>Andr\u00e9 Coyne et son \u00e9quipe compos\u00e9e de MM. Lambert ing\u00e9nieur, Morvan, surveillant, Mortreff, ma\u00e7on, Hellias , Olier et Le Ven vont effectuer ces mesures exp\u00e9rimentales de 1926 \u00e0 1928 au pied du phare du Minou. En 1929, ses travaux sont repris par son rempla\u00e7ant M. Petry. Le 15 novembre 1929, une&nbsp;<strong>violente temp\u00eate<\/strong>&nbsp;de Sud-Ouest s\u2019abat sur la Bretagne et sur le b\u00e9lier hydraulique emportant la cloche \u00e0 air et d\u00e9truisant le mat\u00e9riel.&nbsp;\u00ab\u00a0<em>Ainsi mourut de sa belle mort le b\u00e9lier du Minou\u00a0\u00bb.<\/em><\/p>\n\n\n\n<p>Lors d\u2019une conf\u00e9rence devant la soci\u00e9t\u00e9 hydro-technique de France publi\u00e9e dans la revue g\u00e9n\u00e9rale de l\u2019hydraulique en 1939, l\u2019ing\u00e9nieur reconnait qu\u2019\u00e0 plusieurs reprises il a augment\u00e9 vers le large les dimensions de l\u2019entonnoir et du collecteur de houle. L\u2019ancrage du b\u00e9lier dans la roche aurait du \u00eatre renforc\u00e9. Il n\u2019a pas r\u00e9sist\u00e9. Le point faible du dispositif \u00e9tait l\u00e0.&nbsp;<\/p>\n\n\n\n<h2 class=\"wp-block-heading\">Une \u00e9nergie d&rsquo;avenir:<\/h2>\n\n\n\n<p>Des bureaux d\u2019\u00e9tudes r\u00e9fl\u00e9chissent aujourd&rsquo;hui \u00e0 de nouvelles sources d&rsquo;\u00e9nergies comme la force des vagues&nbsp;et la captation de la houle. Les ing\u00e9nieurs en hydrodynamique du haut de leurs bassins des car\u00e8nes s&rsquo;attellent, les yeux riv\u00e9s sur les \u00e9crans d&rsquo;ordinateurs \u00e0 capter l&rsquo;\u00e9nergie des vagues.  Ils citent \u00e0 l&rsquo;occasion les travaux et recherches effectu\u00e9es de 1926 \u00e0 1929  au pied d\u2019un certain phare du Goulet.<\/p>\n\n\n\n<figure class=\"wp-block-image size-large\"><img loading=\"lazy\" decoding=\"async\" width=\"1024\" height=\"873\" src=\"https:\/\/www.lesvigiesduminou.bzh\/wp-content\/uploads\/2021\/09\/P1260568-Minou-belier-vu-haut-copie-3-1024x873.jpg\" alt=\"\" class=\"wp-image-1149\" srcset=\"https:\/\/www.lesvigiesduminou.bzh\/wp-content\/uploads\/2021\/09\/P1260568-Minou-belier-vu-haut-copie-3-1024x873.jpg 1024w, https:\/\/www.lesvigiesduminou.bzh\/wp-content\/uploads\/2021\/09\/P1260568-Minou-belier-vu-haut-copie-3-300x256.jpg 300w, https:\/\/www.lesvigiesduminou.bzh\/wp-content\/uploads\/2021\/09\/P1260568-Minou-belier-vu-haut-copie-3-768x655.jpg 768w, https:\/\/www.lesvigiesduminou.bzh\/wp-content\/uploads\/2021\/09\/P1260568-Minou-belier-vu-haut-copie-3-1536x1309.jpg 1536w, https:\/\/www.lesvigiesduminou.bzh\/wp-content\/uploads\/2021\/09\/P1260568-Minou-belier-vu-haut-copie-3-2048x1746.jpg 2048w, https:\/\/www.lesvigiesduminou.bzh\/wp-content\/uploads\/2021\/09\/P1260568-Minou-belier-vu-haut-copie-3-24x20.jpg 24w, https:\/\/www.lesvigiesduminou.bzh\/wp-content\/uploads\/2021\/09\/P1260568-Minou-belier-vu-haut-copie-3-36x31.jpg 36w, https:\/\/www.lesvigiesduminou.bzh\/wp-content\/uploads\/2021\/09\/P1260568-Minou-belier-vu-haut-copie-3-48x41.jpg 48w\" sizes=\"auto, (max-width: 1024px) 100vw, 1024px\" \/><\/figure>\n\n\n\n<figure class=\"wp-block-video\"><video height=\"720\" style=\"aspect-ratio: 1280 \/ 720;\" width=\"1280\" controls src=\"https:\/\/www.lesvigiesduminou.bzh\/wp-content\/uploads\/2022\/03\/Le-belier-hydraulique-du-Minou.mp4\"><\/video><figcaption>Vid\u00e9o: Le b\u00e9lier hydraulique &#8211; Mesurer la puissance de la houle<\/figcaption><\/figure>\n\n\n\n<p><\/p>\n\n\n\n<p>Les sifflets d&rsquo;un vieux collecteur \u00e0 demi submerg\u00e9 et les archives num\u00e9riques en t\u00e9moignent c&rsquo;\u00e9tait au phare du Minou \u00e0 Plouzan\u00e9.<\/p>\n\n\n\n<h2 class=\"wp-block-heading\">Sources<\/h2>\n\n\n\n<ul class=\"wp-block-list\"><li>Revue La Nature nmr 2695 \u00e9dition du 28 novembre 1925: \u00ab\u00a0La houille bleue\u00a0\u00bb<\/li><li>Revue G\u00e9n\u00e9rale de l\u2019hydraulique, \u00ab\u00a0La captation de la houle\u00a0\u00bb publi\u00e9e en avril et juin 1939&nbsp;<\/li><li>Biblioth\u00e8que Nationale de France<\/li><\/ul>\n\n\n\n<p><em>Remerciements \u00e0 Gilbert Mellaza et R\u00e9my Sala\u00fcn pour leurs conseils et relecture(s). &nbsp;<\/em><\/p>\n","protected":false},"excerpt":{"rendered":"<p>Si&nbsp;vous vous \u00eates d\u00e9j\u00e0 aventur\u00e9 jusqu\u2019au pied du phare \u00e0 mar\u00e9e haute, vous avez sans doute remarqu\u00e9 cet \u00e9trange tuyau de b\u00e9ton [&hellip;]<\/p>\n","protected":false},"author":23,"featured_media":389,"comment_status":"open","ping_status":"open","sticky":false,"template":"","format":"standard","meta":{"footnotes":""},"categories":[43,19],"tags":[30,11],"class_list":["post-327","post","type-post","status-publish","format-standard","has-post-thumbnail","hentry","category-petit-minou","category-minoupedia","tag-belier-hydraulique","tag-petit-minou"],"_links":{"self":[{"href":"https:\/\/www.lesvigiesduminou.bzh\/index.php\/wp-json\/wp\/v2\/posts\/327","targetHints":{"allow":["GET"]}}],"collection":[{"href":"https:\/\/www.lesvigiesduminou.bzh\/index.php\/wp-json\/wp\/v2\/posts"}],"about":[{"href":"https:\/\/www.lesvigiesduminou.bzh\/index.php\/wp-json\/wp\/v2\/types\/post"}],"author":[{"embeddable":true,"href":"https:\/\/www.lesvigiesduminou.bzh\/index.php\/wp-json\/wp\/v2\/users\/23"}],"replies":[{"embeddable":true,"href":"https:\/\/www.lesvigiesduminou.bzh\/index.php\/wp-json\/wp\/v2\/comments?post=327"}],"version-history":[{"count":30,"href":"https:\/\/www.lesvigiesduminou.bzh\/index.php\/wp-json\/wp\/v2\/posts\/327\/revisions"}],"predecessor-version":[{"id":2333,"href":"https:\/\/www.lesvigiesduminou.bzh\/index.php\/wp-json\/wp\/v2\/posts\/327\/revisions\/2333"}],"wp:featuredmedia":[{"embeddable":true,"href":"https:\/\/www.lesvigiesduminou.bzh\/index.php\/wp-json\/wp\/v2\/media\/389"}],"wp:attachment":[{"href":"https:\/\/www.lesvigiesduminou.bzh\/index.php\/wp-json\/wp\/v2\/media?parent=327"}],"wp:term":[{"taxonomy":"category","embeddable":true,"href":"https:\/\/www.lesvigiesduminou.bzh\/index.php\/wp-json\/wp\/v2\/categories?post=327"},{"taxonomy":"post_tag","embeddable":true,"href":"https:\/\/www.lesvigiesduminou.bzh\/index.php\/wp-json\/wp\/v2\/tags?post=327"}],"curies":[{"name":"wp","href":"https:\/\/api.w.org\/{rel}","templated":true}]}}