{"id":2688,"date":"2023-03-01T21:27:38","date_gmt":"2023-03-01T20:27:38","guid":{"rendered":"https:\/\/www.lesvigiesduminou.bzh\/?p=2688"},"modified":"2023-03-01T21:32:41","modified_gmt":"2023-03-01T20:32:41","slug":"recherches-et-vagues-dinnovations-sur-nos-rivages","status":"publish","type":"post","link":"https:\/\/www.lesvigiesduminou.bzh\/index.php\/2023\/03\/01\/recherches-et-vagues-dinnovations-sur-nos-rivages\/","title":{"rendered":"Recherches et vagues d\u2019innovations sur nos rivages"},"content":{"rendered":"\n<p>De l\u2019\u00e9nergie, les Vigies du Minou en d\u00e9pensent sans compter pour mener \u00e0 bien leurs activit\u00e9s. Un luxe aujourd\u2019hui alors que le prix du p\u00e9trole ne cesse d\u2019augmenter.<\/p>\n\n\n\n<p>Ce matin l\u00e0, au pied du phare, une d\u00e9ferlante d\u2019embruns sal\u00e9s explosait sur les rochers. Un doux r\u00eaveur asperg\u00e9 \u00e9mergeait de ses pens\u00e9es. Tout au bout du promontoire, un ing\u00e9nieur par la m\u00eame vague \u00e9clabouss\u00e9 s\u2019\u00e9criait: \u00ab&nbsp;Eureka, j\u2019ai trouv\u00e9&nbsp;\u00bb. Je vais transformer la puissance des houles, des courants marins, du vent, du choc des vagues sur les rochers en courant \u00e9lectrique. &nbsp;<\/p>\n\n\n\n<p>Grace \u00e0 la baguette magique de la f\u00e9e \u00e9lectricit\u00e9 et au talent de l\u2019inventeur, le monde pourrait en \u00eatre transform\u00e9. &nbsp; &nbsp;<\/p>\n\n\n\n<p>En 1889, d\u00e9j\u00e0, \u00e0 l\u2019occasion de l\u2019exposition universelle de Paris, <strong>Aristide Berges<\/strong> (1) inventait le terme de \u00ab&nbsp;<strong>houille blanche<\/strong>&nbsp;\u00bb. La force hydraulique de l\u2019eau transform\u00e9e en \u00e9nergie \u00e9lectrique promettait alors un progr\u00e8s consid\u00e9rable aux gigantesques app\u00e9tits de l\u2019industrie. Une r\u00e9volution technologique se pr\u00e9parait, la \u00ab&nbsp;houille blanche&nbsp;\u00bb allait remplacer la \u00ab&nbsp;houille noire&nbsp;\u00bb, le charbon.&nbsp;<\/p>\n\n\n\n<p>Pour mener \u00e0 bien cette nouvelle enqu\u00eate des Vigies du Minou, nous vous proposons de quitter momentan\u00e9ment notre littoral et de rejoindre cette fois la r\u00e9gion grenobloise. Une autre foire internationale attirait alors de nombreux inventeurs. Qui sait, quelle rencontre nous pourrions y faire?&nbsp;<\/p>\n\n\n\n<figure class=\"wp-block-image aligncenter size-large\"><img loading=\"lazy\" decoding=\"async\" width=\"1024\" height=\"792\" src=\"https:\/\/www.lesvigiesduminou.bzh\/wp-content\/uploads\/2023\/02\/A-expo-houille-blanche-1925-2-affiches-1024x792.jpg\" alt=\"\" class=\"wp-image-2716\" srcset=\"https:\/\/www.lesvigiesduminou.bzh\/wp-content\/uploads\/2023\/02\/A-expo-houille-blanche-1925-2-affiches-1024x792.jpg 1024w, https:\/\/www.lesvigiesduminou.bzh\/wp-content\/uploads\/2023\/02\/A-expo-houille-blanche-1925-2-affiches-300x232.jpg 300w, https:\/\/www.lesvigiesduminou.bzh\/wp-content\/uploads\/2023\/02\/A-expo-houille-blanche-1925-2-affiches-768x594.jpg 768w, https:\/\/www.lesvigiesduminou.bzh\/wp-content\/uploads\/2023\/02\/A-expo-houille-blanche-1925-2-affiches-1536x1189.jpg 1536w, https:\/\/www.lesvigiesduminou.bzh\/wp-content\/uploads\/2023\/02\/A-expo-houille-blanche-1925-2-affiches-2048x1585.jpg 2048w, https:\/\/www.lesvigiesduminou.bzh\/wp-content\/uploads\/2023\/02\/A-expo-houille-blanche-1925-2-affiches-24x19.jpg 24w, https:\/\/www.lesvigiesduminou.bzh\/wp-content\/uploads\/2023\/02\/A-expo-houille-blanche-1925-2-affiches-36x28.jpg 36w, https:\/\/www.lesvigiesduminou.bzh\/wp-content\/uploads\/2023\/02\/A-expo-houille-blanche-1925-2-affiches-48x37.jpg 48w\" sizes=\"auto, (max-width: 1024px) 100vw, 1024px\" \/><figcaption class=\"wp-element-caption\">Affiches: Exposition internationale de Grenoble 1925 &#8211; La Houille Blanche<\/figcaption><\/figure>\n\n\n\n<p>Au pied des montagnes, au creux des vall\u00e9es, la puissance des torrents des Alpes, une fois dompt\u00e9e, canalis\u00e9e dans de longues conduites promettait alors, gr\u00e2ce \u00e0 la seule force de l\u2019eau, d\u2019alimenter toute une r\u00e9gion et ses industries en \u00e9lectricit\u00e9.&nbsp;<\/p>\n\n\n\n<p>A Grenoble (2), en 1925, parmi les pavillons construits sur les 20 hectares d\u00e9di\u00e9s aux nouvelles innovations, le <strong>grand palais de la houille blanch<\/strong>e attirait tout particuli\u00e8rement l\u2019attention des visiteurs.<\/p>\n\n\n\n<p>102 m\u00e8tres de long, 37 de large et 18 de haut, sous sa vo\u00fbte en b\u00e9ton arm\u00e9, l\u2019immense hall d\u2019exposition pr\u00e9sentait ici, un groupe d\u2019\u00e9lectrochimie. L\u00e0, un autre d\u2019\u00e9lectrom\u00e9tallurgie, des mat\u00e9riels hydrauliques et \u00e9lectriques tels que turbines, transformateurs, disjoncteurs.\u00a0 Un v\u00e9ritable laboratoire permettait l\u2019essai de diff\u00e9rents appareils \u00e9lectriques.<\/p>\n\n\n\n<p>Des maquettes reproduisaient plusieurs proc\u00e9d\u00e9s d\u2019utilisation de la force de l\u2019eau.<\/p>\n\n\n\n<p>Dans cette atmosph\u00e8re \u00e9lectrique, au coeur de cette p\u00e9pini\u00e8re d&rsquo;\u00e9lectrons rassembl\u00e9s, un \u00ab&nbsp;Geo Trouvetout&nbsp;\u00bb agitateur d\u2019id\u00e9es avait fait le voyage. Charles Camus, vicomte de la Guibourg\u00e8re tentait derri\u00e8re son stand, au pays des montagnes, de d\u00e9montrer les capacit\u00e9s de son invention.&nbsp;<\/p>\n\n\n\n<p>Pas de cascade en Bretagne, mais <strong>des vagues, elles aussi capables d\u2019entra\u00eener une dynamo<\/strong> et de g\u00e9n\u00e9rer de l\u2019\u00e9lectricit\u00e9.&nbsp; Ses exp\u00e9riences et les brevets qu\u2019il avait d\u00e9pos\u00e9s d\u00e9montraient la force motrice in\u00e9puisable de la houle.&nbsp;<\/p>\n\n\n\n<p>Charles Camus de la Guibourg\u00e8re avait proc\u00e9d\u00e9 \u00e0 l\u2019exp\u00e9rimentation de ses prototypes <strong>sur la plage de Sainte-Anne du Portzic<\/strong> \u00e0 Brest. Compl\u00e9ment de la houille blanche, l\u2019inventeur pr\u00e9sentait <strong>\u00ab&nbsp;La houille verte&nbsp;<\/strong>\u00bb. &nbsp;<\/p>\n\n\n\n<p>Quelle vienne des torrents des montagnes ou des houles marines, l\u2019\u00e9nergie cin\u00e9tique des forces hydrauliques de la nature conjuguant leurs puissances, pourraient bient\u00f4t subvenir \u00e0 nos besoins.&nbsp;<\/p>\n\n\n\n<p>Devant les premiers visiteurs attentifs, l\u2019inventeur entamait ainsi sa d\u00e9monstration th\u00e9orique:<\/p>\n\n\n\n<blockquote class=\"wp-block-quote is-layout-flow wp-block-quote-is-layout-flow\">\n<p>\u00ab\u00a0La houle et les vagues provoquent des ondulations rythmiques, \u00e0 courte p\u00e9riode, mais \u00e0 amplitude variables. Ces ondulations se trouvent dans toutes les mers et m\u00eame au milieu du calme relatif de la surface de la mer, il se produit de grands sillons mobiles, des milliers de tonnes d\u2019eau s\u2019\u00e9l\u00e8vent et s\u2019abaissent alternativement en ob\u00e9issant \u00e0 des lois math\u00e9matiques dues aux vibrations circulaires des mol\u00e9cules d\u2019eau. L\u2019\u00e9nergie repr\u00e9sent\u00e9e par la force vive de ces ondulations est consid\u00e9rable et c\u2019est ce qui explique la puissance destructive et brisante des vagues, pouss\u00e9es par les mar\u00e9es, les vents et autres causes pr\u00e9sum\u00e9es mais insuffisamment connues jusqu\u2019\u00e0 ce jour.<\/p>\n<\/blockquote>\n\n\n\n<figure class=\"wp-block-image aligncenter size-large\"><img loading=\"lazy\" decoding=\"async\" width=\"1024\" height=\"454\" src=\"https:\/\/www.lesvigiesduminou.bzh\/wp-content\/uploads\/2023\/02\/C-experience-ste-anne-du-portzic-oct-1924-P1310108-copie-3-1024x454.jpg\" alt=\"\" class=\"wp-image-2719\" srcset=\"https:\/\/www.lesvigiesduminou.bzh\/wp-content\/uploads\/2023\/02\/C-experience-ste-anne-du-portzic-oct-1924-P1310108-copie-3-1024x454.jpg 1024w, https:\/\/www.lesvigiesduminou.bzh\/wp-content\/uploads\/2023\/02\/C-experience-ste-anne-du-portzic-oct-1924-P1310108-copie-3-300x133.jpg 300w, https:\/\/www.lesvigiesduminou.bzh\/wp-content\/uploads\/2023\/02\/C-experience-ste-anne-du-portzic-oct-1924-P1310108-copie-3-768x341.jpg 768w, https:\/\/www.lesvigiesduminou.bzh\/wp-content\/uploads\/2023\/02\/C-experience-ste-anne-du-portzic-oct-1924-P1310108-copie-3-1536x681.jpg 1536w, https:\/\/www.lesvigiesduminou.bzh\/wp-content\/uploads\/2023\/02\/C-experience-ste-anne-du-portzic-oct-1924-P1310108-copie-3-2048x908.jpg 2048w, https:\/\/www.lesvigiesduminou.bzh\/wp-content\/uploads\/2023\/02\/C-experience-ste-anne-du-portzic-oct-1924-P1310108-copie-3-24x11.jpg 24w, https:\/\/www.lesvigiesduminou.bzh\/wp-content\/uploads\/2023\/02\/C-experience-ste-anne-du-portzic-oct-1924-P1310108-copie-3-36x16.jpg 36w, https:\/\/www.lesvigiesduminou.bzh\/wp-content\/uploads\/2023\/02\/C-experience-ste-anne-du-portzic-oct-1924-P1310108-copie-3-48x21.jpg 48w\" sizes=\"auto, (max-width: 1024px) 100vw, 1024px\" \/><figcaption class=\"wp-element-caption\">Source: Archives d\u00e9partementales du Finist\u00e8re<\/figcaption><\/figure>\n\n\n\n<blockquote class=\"wp-block-quote is-layout-flow wp-block-quote-is-layout-flow\">\n<p>Exemple: En mer agit\u00e9e, la vitesse des vagues peut atteindre jusque\u2019\u00e0 25 milles marins soit 42 km\/h et leur hauteur peut atteindre 10 m\u00e8tres. La force vive MV2 c\u2019est-\u00e0-dire le produit de la masse par le carr\u00e9 de la vitesse, donnerait pour ce cas, la force th\u00e9orique de 2000 chevaux vapeur par m\u00e8tre courant transversal.\u00a0\u00bb<\/p>\n<\/blockquote>\n\n\n\n<figure class=\"wp-block-image aligncenter size-large\"><img loading=\"lazy\" decoding=\"async\" width=\"1024\" height=\"950\" src=\"https:\/\/www.lesvigiesduminou.bzh\/wp-content\/uploads\/2023\/02\/D-Demonstration-schema-la-houille-verte-1024x950.jpg\" alt=\"\" class=\"wp-image-2720\" srcset=\"https:\/\/www.lesvigiesduminou.bzh\/wp-content\/uploads\/2023\/02\/D-Demonstration-schema-la-houille-verte-1024x950.jpg 1024w, https:\/\/www.lesvigiesduminou.bzh\/wp-content\/uploads\/2023\/02\/D-Demonstration-schema-la-houille-verte-300x278.jpg 300w, https:\/\/www.lesvigiesduminou.bzh\/wp-content\/uploads\/2023\/02\/D-Demonstration-schema-la-houille-verte-768x713.jpg 768w, https:\/\/www.lesvigiesduminou.bzh\/wp-content\/uploads\/2023\/02\/D-Demonstration-schema-la-houille-verte-24x22.jpg 24w, https:\/\/www.lesvigiesduminou.bzh\/wp-content\/uploads\/2023\/02\/D-Demonstration-schema-la-houille-verte-36x33.jpg 36w, https:\/\/www.lesvigiesduminou.bzh\/wp-content\/uploads\/2023\/02\/D-Demonstration-schema-la-houille-verte-48x45.jpg 48w, https:\/\/www.lesvigiesduminou.bzh\/wp-content\/uploads\/2023\/02\/D-Demonstration-schema-la-houille-verte.jpg 1067w\" sizes=\"auto, (max-width: 1024px) 100vw, 1024px\" \/><figcaption class=\"wp-element-caption\">Source Archives d\u00e9partementales du Finist\u00e8re<\/figcaption><\/figure>\n\n\n\n<p>Sainte-Anne-du-Portzic le 17 octobre 1924 : <\/p>\n\n\n\n<p>\u00ab\u00a0Les essais ont \u00e9t\u00e9 effectu\u00e9s au moyen d\u2019<strong>un radeau de fortune\u00a0<\/strong> compos\u00e9 d\u2019un ch\u00e2ssis, sur lequel deux barriques vides de 200 litres \u00e9taient plac\u00e9es c\u00f4t\u00e9 rivage. Du c\u00f4t\u00e9 oppos\u00e9 du ch\u00e2ssis \u00e9tait mont\u00e9 un ressort de voiture auquel \u00e9tait fix\u00e9 un poids compensateur de 25 kg. \/\u2026 \/ L\u2019appareil \u00e9tait ancr\u00e9 sur un corps mort de 100 kg.\u00a0<\/p>\n\n\n\n<p>Les 15 et 16 octobre, par mer calme, le mouvement de va-et-vient a \u00e9t\u00e9 nettement visible et le mouvement alternatif du radeau de fortune a vari\u00e9 entre 20 et 40 cm.\u00bb<\/p>\n\n\n\n<figure class=\"wp-block-image aligncenter size-large\"><img loading=\"lazy\" decoding=\"async\" width=\"1024\" height=\"505\" src=\"https:\/\/www.lesvigiesduminou.bzh\/wp-content\/uploads\/2023\/02\/E-Portzic-les-poids-compensateurs-P1310110-copie-2-1024x505.jpg\" alt=\"\" class=\"wp-image-2721\" srcset=\"https:\/\/www.lesvigiesduminou.bzh\/wp-content\/uploads\/2023\/02\/E-Portzic-les-poids-compensateurs-P1310110-copie-2-1024x505.jpg 1024w, https:\/\/www.lesvigiesduminou.bzh\/wp-content\/uploads\/2023\/02\/E-Portzic-les-poids-compensateurs-P1310110-copie-2-300x148.jpg 300w, https:\/\/www.lesvigiesduminou.bzh\/wp-content\/uploads\/2023\/02\/E-Portzic-les-poids-compensateurs-P1310110-copie-2-768x379.jpg 768w, https:\/\/www.lesvigiesduminou.bzh\/wp-content\/uploads\/2023\/02\/E-Portzic-les-poids-compensateurs-P1310110-copie-2-1536x757.jpg 1536w, https:\/\/www.lesvigiesduminou.bzh\/wp-content\/uploads\/2023\/02\/E-Portzic-les-poids-compensateurs-P1310110-copie-2-2048x1010.jpg 2048w, https:\/\/www.lesvigiesduminou.bzh\/wp-content\/uploads\/2023\/02\/E-Portzic-les-poids-compensateurs-P1310110-copie-2-24x12.jpg 24w, https:\/\/www.lesvigiesduminou.bzh\/wp-content\/uploads\/2023\/02\/E-Portzic-les-poids-compensateurs-P1310110-copie-2-36x18.jpg 36w, https:\/\/www.lesvigiesduminou.bzh\/wp-content\/uploads\/2023\/02\/E-Portzic-les-poids-compensateurs-P1310110-copie-2-48x24.jpg 48w\" sizes=\"auto, (max-width: 1024px) 100vw, 1024px\" \/><figcaption class=\"wp-element-caption\">Source Archives d\u00e9partementales du Finist\u00e8re<\/figcaption><\/figure>\n\n\n\n<figure class=\"wp-block-image aligncenter size-full\"><img loading=\"lazy\" decoding=\"async\" width=\"788\" height=\"504\" src=\"https:\/\/www.lesvigiesduminou.bzh\/wp-content\/uploads\/2023\/02\/F-Brevet-Camus-576-942.jpg\" alt=\"\" class=\"wp-image-2722\" srcset=\"https:\/\/www.lesvigiesduminou.bzh\/wp-content\/uploads\/2023\/02\/F-Brevet-Camus-576-942.jpg 788w, https:\/\/www.lesvigiesduminou.bzh\/wp-content\/uploads\/2023\/02\/F-Brevet-Camus-576-942-300x192.jpg 300w, https:\/\/www.lesvigiesduminou.bzh\/wp-content\/uploads\/2023\/02\/F-Brevet-Camus-576-942-768x491.jpg 768w, https:\/\/www.lesvigiesduminou.bzh\/wp-content\/uploads\/2023\/02\/F-Brevet-Camus-576-942-24x15.jpg 24w, https:\/\/www.lesvigiesduminou.bzh\/wp-content\/uploads\/2023\/02\/F-Brevet-Camus-576-942-36x23.jpg 36w, https:\/\/www.lesvigiesduminou.bzh\/wp-content\/uploads\/2023\/02\/F-Brevet-Camus-576-942-48x31.jpg 48w\" sizes=\"auto, (max-width: 788px) 100vw, 788px\" \/><figcaption class=\"wp-element-caption\">Source: Brevet d&rsquo;invention Camus de la Guibourg\u00e8re<\/figcaption><\/figure>\n\n\n\n<figure class=\"wp-block-image aligncenter size-large is-resized\"><img loading=\"lazy\" decoding=\"async\" src=\"https:\/\/www.lesvigiesduminou.bzh\/wp-content\/uploads\/2023\/02\/G-Plan-appareil-pour-utiliser-la-force-es-vague-Camus-de-la-Guibourgere-1925-647x1024.jpg\" alt=\"\" class=\"wp-image-2723\" width=\"619\" height=\"980\" srcset=\"https:\/\/www.lesvigiesduminou.bzh\/wp-content\/uploads\/2023\/02\/G-Plan-appareil-pour-utiliser-la-force-es-vague-Camus-de-la-Guibourgere-1925-647x1024.jpg 647w, https:\/\/www.lesvigiesduminou.bzh\/wp-content\/uploads\/2023\/02\/G-Plan-appareil-pour-utiliser-la-force-es-vague-Camus-de-la-Guibourgere-1925-190x300.jpg 190w, https:\/\/www.lesvigiesduminou.bzh\/wp-content\/uploads\/2023\/02\/G-Plan-appareil-pour-utiliser-la-force-es-vague-Camus-de-la-Guibourgere-1925-768x1215.jpg 768w, https:\/\/www.lesvigiesduminou.bzh\/wp-content\/uploads\/2023\/02\/G-Plan-appareil-pour-utiliser-la-force-es-vague-Camus-de-la-Guibourgere-1925-971x1536.jpg 971w, https:\/\/www.lesvigiesduminou.bzh\/wp-content\/uploads\/2023\/02\/G-Plan-appareil-pour-utiliser-la-force-es-vague-Camus-de-la-Guibourgere-1925-1294x2048.jpg 1294w, https:\/\/www.lesvigiesduminou.bzh\/wp-content\/uploads\/2023\/02\/G-Plan-appareil-pour-utiliser-la-force-es-vague-Camus-de-la-Guibourgere-1925-15x24.jpg 15w, https:\/\/www.lesvigiesduminou.bzh\/wp-content\/uploads\/2023\/02\/G-Plan-appareil-pour-utiliser-la-force-es-vague-Camus-de-la-Guibourgere-1925-23x36.jpg 23w, https:\/\/www.lesvigiesduminou.bzh\/wp-content\/uploads\/2023\/02\/G-Plan-appareil-pour-utiliser-la-force-es-vague-Camus-de-la-Guibourgere-1925-30x48.jpg 30w, https:\/\/www.lesvigiesduminou.bzh\/wp-content\/uploads\/2023\/02\/G-Plan-appareil-pour-utiliser-la-force-es-vague-Camus-de-la-Guibourgere-1925.jpg 1567w\" sizes=\"auto, (max-width: 619px) 100vw, 619px\" \/><figcaption class=\"wp-element-caption\">Improvements in apparatus for utilizing waves energy GB228914A- 1925 11 19<\/figcaption><\/figure>\n\n\n\n<p>Plusieurs <strong>brevets d\u2019invention<\/strong> (3) furent d\u00e9pos\u00e9s au minist\u00e8re du commerce et de l\u2019industrie par <strong>Charles Camus de la Guibourg\u00e8re<\/strong>&nbsp; comme celui-ci publi\u00e9 le 10 d\u00e9cembre 1925:&nbsp;<\/p>\n\n\n\n<p>&nbsp;N\u00b0 576.942<\/p>\n\n\n\n<p>&nbsp;\u00abTransformation en \u00e9lectricit\u00e9 des forces de la mer, courants, vagues, chocs sur les brisants&nbsp;\u00bb<\/p>\n\n\n\n<p>Un syst\u00e8me de cha\u00eenes actionn\u00e9es par le mouvement de la houle et des ressorts compensateurs transmettent l\u2019inertie de la houle aux instruments \u00e9lectriques situ\u00e9s sur le rivage.&nbsp;<\/p>\n\n\n\n<h2 class=\"wp-block-heading\"><strong>D&rsquo;autres mesures &#8211;<\/strong> <strong>La puissance destructive des vagues<\/strong><\/h2>\n\n\n\n<p>Une \u00e9tude des Phares et Balises conduite par M. Petry en 1930 tente \u00e0 mesurer les \u00e9nergies d\u00e9ploy\u00e9es. <strong>Lors des temp\u00eates la puissance des houles peut atteindre mille chevaux <\/strong>par m\u00e8tre lin\u00e9aire de c\u00f4te. Quels ouvrages construits en mer o\u00f9 en bord de c\u00f4te pourraient r\u00e9sister \u00e0 de tels coups de boutoirs?&nbsp;<\/p>\n\n\n\n<p>A cette \u00e9poque, on connait mal la force que des coups de la mer peut donner contre un obstacle. Certains constructeurs estiment qu\u2019il suffit de calculer les ouvrages pour r\u00e9sister \u00e0 une pression de cinq tonnes par m\u00e8tre carr\u00e9. D\u2019autres affirment que la mer peut exercer des effets \u00e9quivalents \u00e0 une pression de cent tonnes par m\u00e8tre carr\u00e9.<\/p>\n\n\n\n<p>M\u00eame en dehors de ph\u00e9nom\u00e8nes exceptionnels comme les raz de mar\u00e9e, <strong>les destructions sont fr\u00e9quentes.<\/strong><\/p>\n\n\n\n<p>L\u2019hiver 1930-1931 sera mis \u00e0 profit pour effectuer ces mesures.<\/p>\n\n\n\n<p>Le phare du Cr\u00e9ach \u00e0 Ouessant, le phare de la Jument, la tourelle du Chat au Raz de Sein et <strong>le phare du Minou<\/strong> participeront \u00e0 ces observations.&nbsp;<\/p>\n\n\n\n<p>Au pied des phares, aux endroits les plus expos\u00e9s aux temp\u00eates, l\u2019appareil employ\u00e9 devra \u00eatre robuste et des plus simples.&nbsp;<\/p>\n\n\n\n<p>Des tiges de fers cylindriques de diff\u00e9rents diam\u00e8tres seront encastr\u00e9es dans une roche expos\u00e9e \u00e0 la mer. D\u00e9passant de 50 cm de la roche, des fers de 10, 12, 14, 16, 18, 20, 22, 24 mm seront soumis \u00e0 la force des vagues.&nbsp; Les gardiens de phares veilleront \u00e0 remplacer chaque fer pli\u00e9 par un fer droit d\u00e8s que l\u2019\u00e9tat de la mer le permettra.<\/p>\n\n\n\n<p>On notera chaque jour l\u2019\u00e9tat de la mer, le creux des lames, la p\u00e9riode de la houle.&nbsp;<\/p>\n\n\n\n<p>(Au \u00ab&nbsp;Chat&nbsp;\u00bb de Sein, au pied de la tourelle, les fers seront pos\u00e9s en octobre 1929 et relev\u00e9s en mai 1930).<\/p>\n\n\n\n<p>Le 11 janvier 1930, \u00e0 Ouessant au Cr\u00e9ach, les observations effectu\u00e9es sur les fers tordus par les vagues r\u00e9v\u00e8leront <strong>une force de 16 tonnes par m\u00e8tre carr\u00e9.&nbsp;<\/strong><\/p>\n\n\n\n<figure class=\"wp-block-image aligncenter size-large\"><img loading=\"lazy\" decoding=\"async\" width=\"1024\" height=\"785\" src=\"https:\/\/www.lesvigiesduminou.bzh\/wp-content\/uploads\/2023\/02\/H-barres-de-mesures-de-houle-1929-1930-P1310201-copie-1024x785.jpg\" alt=\"\" class=\"wp-image-2724\" srcset=\"https:\/\/www.lesvigiesduminou.bzh\/wp-content\/uploads\/2023\/02\/H-barres-de-mesures-de-houle-1929-1930-P1310201-copie-1024x785.jpg 1024w, https:\/\/www.lesvigiesduminou.bzh\/wp-content\/uploads\/2023\/02\/H-barres-de-mesures-de-houle-1929-1930-P1310201-copie-300x230.jpg 300w, https:\/\/www.lesvigiesduminou.bzh\/wp-content\/uploads\/2023\/02\/H-barres-de-mesures-de-houle-1929-1930-P1310201-copie-768x589.jpg 768w, https:\/\/www.lesvigiesduminou.bzh\/wp-content\/uploads\/2023\/02\/H-barres-de-mesures-de-houle-1929-1930-P1310201-copie-1536x1177.jpg 1536w, https:\/\/www.lesvigiesduminou.bzh\/wp-content\/uploads\/2023\/02\/H-barres-de-mesures-de-houle-1929-1930-P1310201-copie-2048x1570.jpg 2048w, https:\/\/www.lesvigiesduminou.bzh\/wp-content\/uploads\/2023\/02\/H-barres-de-mesures-de-houle-1929-1930-P1310201-copie-24x18.jpg 24w, https:\/\/www.lesvigiesduminou.bzh\/wp-content\/uploads\/2023\/02\/H-barres-de-mesures-de-houle-1929-1930-P1310201-copie-36x28.jpg 36w, https:\/\/www.lesvigiesduminou.bzh\/wp-content\/uploads\/2023\/02\/H-barres-de-mesures-de-houle-1929-1930-P1310201-copie-48x37.jpg 48w\" sizes=\"auto, (max-width: 1024px) 100vw, 1024px\" \/><figcaption class=\"wp-element-caption\">Archives d\u00e9partementales du Finist\u00e8re : Les fers seront encastr\u00e9s dans la roche aux endroits les plus expos\u00e9s<\/figcaption><\/figure>\n\n\n\n<figure class=\"wp-block-image aligncenter size-large\"><img loading=\"lazy\" decoding=\"async\" width=\"1024\" height=\"822\" src=\"https:\/\/www.lesvigiesduminou.bzh\/wp-content\/uploads\/2023\/02\/K-Laboratoire-barres-de-mesures-de-houle-1929-1930-P1310199-laboratoire-copie-1024x822.jpg\" alt=\"\" class=\"wp-image-2729\" srcset=\"https:\/\/www.lesvigiesduminou.bzh\/wp-content\/uploads\/2023\/02\/K-Laboratoire-barres-de-mesures-de-houle-1929-1930-P1310199-laboratoire-copie-1024x822.jpg 1024w, https:\/\/www.lesvigiesduminou.bzh\/wp-content\/uploads\/2023\/02\/K-Laboratoire-barres-de-mesures-de-houle-1929-1930-P1310199-laboratoire-copie-300x241.jpg 300w, https:\/\/www.lesvigiesduminou.bzh\/wp-content\/uploads\/2023\/02\/K-Laboratoire-barres-de-mesures-de-houle-1929-1930-P1310199-laboratoire-copie-768x616.jpg 768w, https:\/\/www.lesvigiesduminou.bzh\/wp-content\/uploads\/2023\/02\/K-Laboratoire-barres-de-mesures-de-houle-1929-1930-P1310199-laboratoire-copie-1536x1233.jpg 1536w, https:\/\/www.lesvigiesduminou.bzh\/wp-content\/uploads\/2023\/02\/K-Laboratoire-barres-de-mesures-de-houle-1929-1930-P1310199-laboratoire-copie-2048x1643.jpg 2048w, https:\/\/www.lesvigiesduminou.bzh\/wp-content\/uploads\/2023\/02\/K-Laboratoire-barres-de-mesures-de-houle-1929-1930-P1310199-laboratoire-copie-24x19.jpg 24w, https:\/\/www.lesvigiesduminou.bzh\/wp-content\/uploads\/2023\/02\/K-Laboratoire-barres-de-mesures-de-houle-1929-1930-P1310199-laboratoire-copie-36x29.jpg 36w, https:\/\/www.lesvigiesduminou.bzh\/wp-content\/uploads\/2023\/02\/K-Laboratoire-barres-de-mesures-de-houle-1929-1930-P1310199-laboratoire-copie-48x39.jpg 48w\" sizes=\"auto, (max-width: 1024px) 100vw, 1024px\" \/><figcaption class=\"wp-element-caption\">Source AD29 &#8211; Reproduire la torsion des fers au laboratoire   <\/figcaption><\/figure>\n\n\n\n<p>En 1961, <strong>un pieu mesureur d\u2019effort<\/strong> fut install\u00e9 \u00e0 la pointe du Petit Minou. L\u2019appareil con\u00e7u par l\u2019\u00e9lectricit\u00e9 de France et notamment le laboratoire national d\u2019hydraulique de Chatou \u00e9tait destin\u00e9 \u00e0 mesurer la force des lames. Le pieu \u00e9tait encore visible il y a quelques ann\u00e9es comme en t\u00e9moigne cette ancienne carte postale .&nbsp;<\/p>\n\n\n\n<figure class=\"wp-block-image aligncenter size-large\"><img loading=\"lazy\" decoding=\"async\" width=\"1024\" height=\"626\" src=\"https:\/\/www.lesvigiesduminou.bzh\/wp-content\/uploads\/2023\/02\/J-CP-La-Pie-pieu-mesure-defforts-1024x626.jpg\" alt=\"\" class=\"wp-image-2726\" srcset=\"https:\/\/www.lesvigiesduminou.bzh\/wp-content\/uploads\/2023\/02\/J-CP-La-Pie-pieu-mesure-defforts-1024x626.jpg 1024w, https:\/\/www.lesvigiesduminou.bzh\/wp-content\/uploads\/2023\/02\/J-CP-La-Pie-pieu-mesure-defforts-300x183.jpg 300w, https:\/\/www.lesvigiesduminou.bzh\/wp-content\/uploads\/2023\/02\/J-CP-La-Pie-pieu-mesure-defforts-768x469.jpg 768w, https:\/\/www.lesvigiesduminou.bzh\/wp-content\/uploads\/2023\/02\/J-CP-La-Pie-pieu-mesure-defforts-1536x938.jpg 1536w, https:\/\/www.lesvigiesduminou.bzh\/wp-content\/uploads\/2023\/02\/J-CP-La-Pie-pieu-mesure-defforts-24x15.jpg 24w, https:\/\/www.lesvigiesduminou.bzh\/wp-content\/uploads\/2023\/02\/J-CP-La-Pie-pieu-mesure-defforts-36x22.jpg 36w, https:\/\/www.lesvigiesduminou.bzh\/wp-content\/uploads\/2023\/02\/J-CP-La-Pie-pieu-mesure-defforts-48x29.jpg 48w, https:\/\/www.lesvigiesduminou.bzh\/wp-content\/uploads\/2023\/02\/J-CP-La-Pie-pieu-mesure-defforts.jpg 1928w\" sizes=\"auto, (max-width: 1024px) 100vw, 1024px\" \/><figcaption class=\"wp-element-caption\">Carte postale Edition Lapie.  1961, on craint alors des interf\u00e9rences entre le capteur de houle et les \u00e9missions radar (source Pharbal Brest)  <\/figcaption><\/figure>\n\n\n\n<p>Les travaux de recherches \u00ab&nbsp;d\u2019EDF Lab Chatou&nbsp;\u00bb (4) se poursuivent aujourd\u2019hui dans les domaines de la production d\u2019\u00e9lectricit\u00e9 d\u00e9carbon\u00e9e.<\/p>\n\n\n\n<p><strong>Houille blanche <\/strong>(Aristide Berges), <strong>houille verte<\/strong> (Charles Camus de la Guibourg\u00e8re) , <strong>houille bleue<\/strong> (le b\u00e9lier hydraulique d\u2019Andr\u00e9 Coyne), de toutes les couleurs, l\u2019\u00e9nergie hydraulique nous glisse encore partiellement entre les doigts.&nbsp;<\/p>\n\n\n\n<p>Sur le goulet, les recherches sur la production d\u2019\u00e9lectricit\u00e9 \u00e0 partir des&nbsp; forces hydrauliques de la nature se poursuivent cependant comme \u00e0 Sainte-Anne-du-Portzic. Les ing\u00e9nieurs de l\u2019IFREMER  d\u00e9veloppent un projet de <strong>digue portuaire productrice d\u2019\u00e9nergie<\/strong> \u00ab&nbsp;DIKWE&nbsp;\u00bb (5) \u00e0 quelques encablures du radeau de fortune capteur de houle imagin\u00e9 en 1925 par Camus de la Guibourg\u00e8re.&nbsp;<\/p>\n\n\n\n<h2 class=\"wp-block-heading\"><strong>Sources<\/strong><\/h2>\n\n\n\n<p>Archives d\u00e9partementales du Finist\u00e8re Quimper &#8211; S\u00e9rie S &#8211; Yannick Lenouvel &#8211; R\u00e9my Salaun<\/p>\n\n\n\n<p>Archives des Phares et Balises Brest : R\u00e9my Salaun<\/p>\n\n\n\n<h2 class=\"wp-block-heading\"><strong>Notes et r\u00e9f\u00e9rences<\/strong><\/h2>\n\n\n\n<p>(1) Aristide Berges:  <a href=\"https:\/\/journals.openedition.org\/lectures\/11891\">https:\/\/journals.openedition.org\/lectures\/11891<\/a><\/p>\n\n\n\n<p>(2) Exposition Internationale de Grenoble:<\/p>\n\n\n\n<p><a href=\"https:\/\/fr.wikipedia.org\/wiki\/Exposition_internationale_de_la_houille_blanche_de_1925\">https:\/\/fr.wikipedia.org\/wiki\/Exposition_internationale_de_la_houille_blanche_de_1925<\/a><\/p>\n\n\n\n<p>(3) Brevets d\u2019invention Camus de la Guibourg\u00e8re &#8211; 1922 &#8211; 1924 &#8211; 1925:&nbsp;<\/p>\n\n\n\n<p><a href=\"https:\/\/worldwide.espacenet.com\/patent\/search?q=nftxt%20any%20%22Camus%22%20AND%20nftxt%20any%20%22Guibourgere%22\">https:\/\/worldwide.espacenet.com\/patent\/search?q=nftxt%20any%20%22Camus%22%20AND%20nftxt%20any%20%22Guibourgere%22<\/a><\/p>\n\n\n\n<p>(4) EDF Lab Chatou https:\/\/www.edf.fr\/groupe-edf\/inventer-l-avenir-de-l-energie\/r-d-un-savoir-faire-mondial\/5-ans-edf-lab-saclay\/edf-lab-chatou-75-ans-de-recherche&nbsp;<\/p>\n\n\n\n<p>(5) IFREMER Projet Dikwe<\/p>\n\n\n\n<p><a href=\"https:\/\/rd-technologiques.ifremer.fr\/Actualites\/A-la-Une\/2022\/Innovation-La-premiere-digue-portuaire-productrice-d-energie-au-monde-DIKWE-entre-dans-une-phase-de-tests-en-mer\">https:\/\/rd-technologiques.ifremer.fr\/Actualites\/A-la-Une\/2022\/Innovation-La-premiere-digue-portuaire-productrice-d-energie-au-monde-DIKWE-entre-dans-une-phase-de-tests-en-mer<\/a><\/p>\n","protected":false},"excerpt":{"rendered":"<p>De l\u2019\u00e9nergie, les Vigies du Minou en d\u00e9pensent sans compter pour mener \u00e0 bien leurs activit\u00e9s. Un luxe aujourd\u2019hui alors que le [&hellip;]<\/p>\n","protected":false},"author":23,"featured_media":2718,"comment_status":"open","ping_status":"open","sticky":false,"template":"","format":"standard","meta":{"footnotes":""},"categories":[43,19],"tags":[146],"class_list":["post-2688","post","type-post","status-publish","format-standard","has-post-thumbnail","hentry","category-petit-minou","category-minoupedia","tag-vagues"],"_links":{"self":[{"href":"https:\/\/www.lesvigiesduminou.bzh\/index.php\/wp-json\/wp\/v2\/posts\/2688","targetHints":{"allow":["GET"]}}],"collection":[{"href":"https:\/\/www.lesvigiesduminou.bzh\/index.php\/wp-json\/wp\/v2\/posts"}],"about":[{"href":"https:\/\/www.lesvigiesduminou.bzh\/index.php\/wp-json\/wp\/v2\/types\/post"}],"author":[{"embeddable":true,"href":"https:\/\/www.lesvigiesduminou.bzh\/index.php\/wp-json\/wp\/v2\/users\/23"}],"replies":[{"embeddable":true,"href":"https:\/\/www.lesvigiesduminou.bzh\/index.php\/wp-json\/wp\/v2\/comments?post=2688"}],"version-history":[{"count":20,"href":"https:\/\/www.lesvigiesduminou.bzh\/index.php\/wp-json\/wp\/v2\/posts\/2688\/revisions"}],"predecessor-version":[{"id":2756,"href":"https:\/\/www.lesvigiesduminou.bzh\/index.php\/wp-json\/wp\/v2\/posts\/2688\/revisions\/2756"}],"wp:featuredmedia":[{"embeddable":true,"href":"https:\/\/www.lesvigiesduminou.bzh\/index.php\/wp-json\/wp\/v2\/media\/2718"}],"wp:attachment":[{"href":"https:\/\/www.lesvigiesduminou.bzh\/index.php\/wp-json\/wp\/v2\/media?parent=2688"}],"wp:term":[{"taxonomy":"category","embeddable":true,"href":"https:\/\/www.lesvigiesduminou.bzh\/index.php\/wp-json\/wp\/v2\/categories?post=2688"},{"taxonomy":"post_tag","embeddable":true,"href":"https:\/\/www.lesvigiesduminou.bzh\/index.php\/wp-json\/wp\/v2\/tags?post=2688"}],"curies":[{"name":"wp","href":"https:\/\/api.w.org\/{rel}","templated":true}]}}