{"id":2555,"date":"2022-10-09T13:16:40","date_gmt":"2022-10-09T11:16:40","guid":{"rendered":"https:\/\/www.lesvigiesduminou.bzh\/?p=2555"},"modified":"2022-10-10T10:51:11","modified_gmt":"2022-10-10T08:51:11","slug":"les-vigies-exposent","status":"publish","type":"post","link":"https:\/\/www.lesvigiesduminou.bzh\/index.php\/2022\/10\/09\/les-vigies-exposent\/","title":{"rendered":"Les Vigies exposent"},"content":{"rendered":"\n<p>Les 17 et 18 septembre derniers, les Vigies du Minou et le service animation de la commune de Plouzan\u00e9 proposaient une r\u00e9trospective de leurs recherches au fort du Petit Minou.<\/p>\n\n\n\n<p>Dix huit affiches pr\u00e9sent\u00e9es sur des panneaux mis \u00e0 notre disposition par les services techniques de la commune, allaient nous permettre d\u2019exposer une partie des images d\u2019archives collect\u00e9es ces trois derni\u00e8res ann\u00e9es.<\/p>\n\n\n\n<figure class=\"wp-block-image size-large\"><img loading=\"lazy\" decoding=\"async\" width=\"1024\" height=\"683\" src=\"https:\/\/www.lesvigiesduminou.bzh\/wp-content\/uploads\/2022\/10\/AAA-mise-en-place-des-affiches-P1350756-copie-1024x683.jpg\" alt=\"\" class=\"wp-image-2556\" srcset=\"https:\/\/www.lesvigiesduminou.bzh\/wp-content\/uploads\/2022\/10\/AAA-mise-en-place-des-affiches-P1350756-copie-1024x683.jpg 1024w, https:\/\/www.lesvigiesduminou.bzh\/wp-content\/uploads\/2022\/10\/AAA-mise-en-place-des-affiches-P1350756-copie-300x200.jpg 300w, https:\/\/www.lesvigiesduminou.bzh\/wp-content\/uploads\/2022\/10\/AAA-mise-en-place-des-affiches-P1350756-copie-768x512.jpg 768w, https:\/\/www.lesvigiesduminou.bzh\/wp-content\/uploads\/2022\/10\/AAA-mise-en-place-des-affiches-P1350756-copie-1536x1024.jpg 1536w, https:\/\/www.lesvigiesduminou.bzh\/wp-content\/uploads\/2022\/10\/AAA-mise-en-place-des-affiches-P1350756-copie-2048x1365.jpg 2048w, https:\/\/www.lesvigiesduminou.bzh\/wp-content\/uploads\/2022\/10\/AAA-mise-en-place-des-affiches-P1350756-copie-24x16.jpg 24w, https:\/\/www.lesvigiesduminou.bzh\/wp-content\/uploads\/2022\/10\/AAA-mise-en-place-des-affiches-P1350756-copie-36x24.jpg 36w, https:\/\/www.lesvigiesduminou.bzh\/wp-content\/uploads\/2022\/10\/AAA-mise-en-place-des-affiches-P1350756-copie-48x32.jpg 48w\" sizes=\"auto, (max-width: 1024px) 100vw, 1024px\" \/><figcaption>Mise en place des panneaux par th\u00e8me<\/figcaption><\/figure>\n\n\n\n<p>L&rsquo;initiative \u00ab\u00a0<strong>collecte et transmission de m\u00e9moire<\/strong>\u00a0\u00bb de l\u2019association n\u2019avait pas m\u00e9nag\u00e9 ses efforts depuis plusieurs semaines pour pr\u00e9parer cette animation. Choix des sujets, s\u00e9lections des illustrations, r\u00e9daction des textes, mises en page, lecture, v\u00e9rification et \u00e9ni\u00e8mes relectures.&nbsp;<\/p>\n\n\n\n<p>Le parvis du fort nous offrait plus de 250 m2, en plein air, d\u00e9di\u00e9s \u00e0 cette exposition. Les th\u00e8mes que nous allions aborder nous surprennent encore tant les sujets d\u2019int\u00e9r\u00eats sont riches et vari\u00e9s. Ce promontoire si souvent photographi\u00e9 reste discret sur ces activit\u00e9s pass\u00e9es mais, avec de la pers\u00e9v\u00e9rance et de la curiosit\u00e9 \u2026&nbsp;<\/p>\n\n\n\n<p>Le fort, sentinelle veillant sur l\u2019entr\u00e9e de la rade de Brest a derri\u00e8re lui une tr\u00e8s longue carri\u00e8re militaire. <strong>Le Minou,  bastion du goulet<\/strong>, Vauban en profitera pour vous r\u00e9v\u00e9ler quelques plans strat\u00e9giques de sa ceinture de fer. &nbsp;<\/p>\n\n\n\n<p>Ces deux journ\u00e9es d\u00e9di\u00e9es \u00e0 notre&nbsp; patrimoine vont nous permettre d\u2019attirer l\u2019attention de <strong>1200 visiteurs<\/strong> sur cet environnement \u00e0 mettre d\u00e9sormais en valeur et \u00e0 prot\u00e9ger.&nbsp;<\/p>\n\n\n\n<figure class=\"wp-block-image size-large\"><img loading=\"lazy\" decoding=\"async\" width=\"1024\" height=\"683\" src=\"https:\/\/www.lesvigiesduminou.bzh\/wp-content\/uploads\/2022\/10\/BBB-prepration-des-stands-mairie-Vigies-P1350764-copie-1024x683.jpg\" alt=\"\" class=\"wp-image-2557\" srcset=\"https:\/\/www.lesvigiesduminou.bzh\/wp-content\/uploads\/2022\/10\/BBB-prepration-des-stands-mairie-Vigies-P1350764-copie-1024x683.jpg 1024w, https:\/\/www.lesvigiesduminou.bzh\/wp-content\/uploads\/2022\/10\/BBB-prepration-des-stands-mairie-Vigies-P1350764-copie-300x200.jpg 300w, https:\/\/www.lesvigiesduminou.bzh\/wp-content\/uploads\/2022\/10\/BBB-prepration-des-stands-mairie-Vigies-P1350764-copie-768x512.jpg 768w, https:\/\/www.lesvigiesduminou.bzh\/wp-content\/uploads\/2022\/10\/BBB-prepration-des-stands-mairie-Vigies-P1350764-copie-1536x1024.jpg 1536w, https:\/\/www.lesvigiesduminou.bzh\/wp-content\/uploads\/2022\/10\/BBB-prepration-des-stands-mairie-Vigies-P1350764-copie-2048x1365.jpg 2048w, https:\/\/www.lesvigiesduminou.bzh\/wp-content\/uploads\/2022\/10\/BBB-prepration-des-stands-mairie-Vigies-P1350764-copie-24x16.jpg 24w, https:\/\/www.lesvigiesduminou.bzh\/wp-content\/uploads\/2022\/10\/BBB-prepration-des-stands-mairie-Vigies-P1350764-copie-36x24.jpg 36w, https:\/\/www.lesvigiesduminou.bzh\/wp-content\/uploads\/2022\/10\/BBB-prepration-des-stands-mairie-Vigies-P1350764-copie-48x32.jpg 48w\" sizes=\"auto, (max-width: 1024px) 100vw, 1024px\" \/><figcaption>Pr\u00e9paration des stands<\/figcaption><\/figure>\n\n\n\n<p>Une fois franchi l\u2019ancien pont levis, ouvrons l\u2019app\u00e9tit de nos invit\u00e9s avec un menu propos\u00e9 en 1938 par la r\u00f4tisserie de l\u2019h\u00f4tel du Minou (\u00e9toil\u00e9e au guide Michelin). Un excellent champagne mill\u00e9sim\u00e9 cuv\u00e9e 1928 y \u00e9tait servi. Nombreux furent les visiteurs \u00e0 nous demander o\u00f9 se trouvait ce <strong>fameux restaurant<\/strong> disparu aujourd\u2019hui. Avec un brin d&rsquo;humour, les plus gourmands auraient souhait\u00e9 y r\u00e9server une table. Edmond et Dalila Torchio, les propri\u00e9taires, auraient appr\u00e9ci\u00e9. D\u00e9sol\u00e9s, pour ce soir nous sommes complets.   <\/p>\n\n\n\n<figure class=\"wp-block-image size-large\"><img loading=\"lazy\" decoding=\"async\" width=\"1024\" height=\"436\" src=\"https:\/\/www.lesvigiesduminou.bzh\/wp-content\/uploads\/2022\/10\/CCC-vernissage-mairie-Vigies-P1350776-copie-1024x436.jpg\" alt=\"\" class=\"wp-image-2558\" srcset=\"https:\/\/www.lesvigiesduminou.bzh\/wp-content\/uploads\/2022\/10\/CCC-vernissage-mairie-Vigies-P1350776-copie-1024x436.jpg 1024w, https:\/\/www.lesvigiesduminou.bzh\/wp-content\/uploads\/2022\/10\/CCC-vernissage-mairie-Vigies-P1350776-copie-300x128.jpg 300w, https:\/\/www.lesvigiesduminou.bzh\/wp-content\/uploads\/2022\/10\/CCC-vernissage-mairie-Vigies-P1350776-copie-768x327.jpg 768w, https:\/\/www.lesvigiesduminou.bzh\/wp-content\/uploads\/2022\/10\/CCC-vernissage-mairie-Vigies-P1350776-copie-1536x653.jpg 1536w, https:\/\/www.lesvigiesduminou.bzh\/wp-content\/uploads\/2022\/10\/CCC-vernissage-mairie-Vigies-P1350776-copie-2048x871.jpg 2048w, https:\/\/www.lesvigiesduminou.bzh\/wp-content\/uploads\/2022\/10\/CCC-vernissage-mairie-Vigies-P1350776-copie-24x10.jpg 24w, https:\/\/www.lesvigiesduminou.bzh\/wp-content\/uploads\/2022\/10\/CCC-vernissage-mairie-Vigies-P1350776-copie-36x15.jpg 36w, https:\/\/www.lesvigiesduminou.bzh\/wp-content\/uploads\/2022\/10\/CCC-vernissage-mairie-Vigies-P1350776-copie-48x20.jpg 48w\" sizes=\"auto, (max-width: 1024px) 100vw, 1024px\" \/><figcaption>Vernissage et allocution du pr\u00e9sident devant les repr\u00e9sentants de la mairie et les adh\u00e9rents<\/figcaption><\/figure>\n\n\n\n<p>Touchons du doigt la grande aventure des <strong>c\u00e2bles t\u00e9l\u00e9graphiques<\/strong> transatlantiques. Le premier c\u00e2ble \u00ab&nbsp;fran\u00e7ais&nbsp;\u00bb fut d\u00e9ploy\u00e9 ici, \u00e0 nos pieds, sous la plage. Imaginez les c\u00e2bliers, tr\u00e8s t\u00f4t ce matin du 17 juin 1869. Une centaine de marins souquant sur le lourd serpent de cuivre et d\u2019acier qui serait bient\u00f4t, apr\u00e8s un mois d\u2019efforts, reli\u00e9 au continent am\u00e9ricain. Le c\u00e2ble Paris New-York passait bien par Plouzan\u00e9.<\/p>\n\n\n\n<p>La r\u00e9colte saisonni\u00e8re du <strong>sable coquillier<\/strong>: La mer depuis des milliers d\u2019ann\u00e9es amassait sur ces dunes sous-marines les d\u00e9bris de bans de corail, de coquillages, de min\u00e9raux calcaires. Saupoudrez ce traezh (sable coquillier) sur vos terres, au sol trop acide, et vous pourrez ainsi profiter d\u2019autres cultures mara\u00eech\u00e8res. Ce bienfait de la nature n\u2019avait pas \u00e9chapp\u00e9 \u00e0 nos premiers laboureurs. Il leur restait, au prix de nombreux efforts, \u00e0 venir au Minou par la terre et par la mer pour le r\u00e9colter.<\/p>\n\n\n\n<p>Un <strong>clin d\u2019oeil cin\u00e9matographique<\/strong>, Mich\u00e8le Morgan, Jean Gabin devant la cam\u00e9ra de Jean Gr\u00e9millon.\u00a0 H\u00e9 oui, les premi\u00e8res images du film Remorque furent tourn\u00e9es ici et toujours dans cette salle de restaurant de la r\u00f4tisserie du Minou. La r\u00e9alisation du film fut interrompue par la guerre en 1940. Durant quatre longues ann\u00e9es, le drapeau allemand flottera au dessus des remparts du Minou.<\/p>\n\n\n\n<figure class=\"wp-block-image size-large\"><img loading=\"lazy\" decoding=\"async\" width=\"1024\" height=\"825\" src=\"https:\/\/www.lesvigiesduminou.bzh\/wp-content\/uploads\/2022\/10\/EEE-Aniamtion-orchestre-fanfarnaum-fanfarnaum-tuba-au-minou-1024x825.jpg\" alt=\"\" class=\"wp-image-2559\" srcset=\"https:\/\/www.lesvigiesduminou.bzh\/wp-content\/uploads\/2022\/10\/EEE-Aniamtion-orchestre-fanfarnaum-fanfarnaum-tuba-au-minou-1024x825.jpg 1024w, https:\/\/www.lesvigiesduminou.bzh\/wp-content\/uploads\/2022\/10\/EEE-Aniamtion-orchestre-fanfarnaum-fanfarnaum-tuba-au-minou-300x242.jpg 300w, https:\/\/www.lesvigiesduminou.bzh\/wp-content\/uploads\/2022\/10\/EEE-Aniamtion-orchestre-fanfarnaum-fanfarnaum-tuba-au-minou-768x618.jpg 768w, https:\/\/www.lesvigiesduminou.bzh\/wp-content\/uploads\/2022\/10\/EEE-Aniamtion-orchestre-fanfarnaum-fanfarnaum-tuba-au-minou-1536x1237.jpg 1536w, https:\/\/www.lesvigiesduminou.bzh\/wp-content\/uploads\/2022\/10\/EEE-Aniamtion-orchestre-fanfarnaum-fanfarnaum-tuba-au-minou-24x19.jpg 24w, https:\/\/www.lesvigiesduminou.bzh\/wp-content\/uploads\/2022\/10\/EEE-Aniamtion-orchestre-fanfarnaum-fanfarnaum-tuba-au-minou-36x29.jpg 36w, https:\/\/www.lesvigiesduminou.bzh\/wp-content\/uploads\/2022\/10\/EEE-Aniamtion-orchestre-fanfarnaum-fanfarnaum-tuba-au-minou-48x39.jpg 48w, https:\/\/www.lesvigiesduminou.bzh\/wp-content\/uploads\/2022\/10\/EEE-Aniamtion-orchestre-fanfarnaum-fanfarnaum-tuba-au-minou.jpg 1925w\" sizes=\"auto, (max-width: 1024px) 100vw, 1024px\" \/><figcaption>Animation musicale du dimanche avec Fanfarnaum<\/figcaption><\/figure>\n\n\n\n<p>Evidemment, vous \u00e9tiez venus pour cela, <strong>le phare! <\/strong>Sa construction, les logements du gardien et de sa famille, la tour radar et son rad\u00f4me n\u2019ont presque plus de secrets pour les Vigies. Deux journ\u00e9es intenses suffiront \u00e0 peine \u00e0 partager le r\u00e9sultat de nos recherches avec vous.&nbsp;<\/p>\n\n\n\n<p>Cette ann\u00e9e, pour toutes celles et ceux qui avaient r\u00e9serv\u00e9 leur visite sur le site internet de la mairie, les guides b\u00e9n\u00e9voles des Vigies vous conduisaient au sommet du phare. <strong>Plus de 400 visiteurs<\/strong> et seulement 30 minutes par groupe pour profiter du panorama offert en haut des 90 marches. Durant deux jours, les visites s&rsquo;encha\u00eenent. Notre plus jeune guide, du haut de ses 12 ans vous a sans doute impressionn\u00e9. La valeur n\u2019attend pas le nombre des ann\u00e9es dit-on.&nbsp;<\/p>\n\n\n\n<figure class=\"wp-block-image aligncenter size-large\"><img loading=\"lazy\" decoding=\"async\" width=\"683\" height=\"1024\" src=\"https:\/\/www.lesvigiesduminou.bzh\/wp-content\/uploads\/2022\/10\/GGG-un-menu-allechant-P1350882-copie-683x1024.jpg\" alt=\"\" class=\"wp-image-2560\" srcset=\"https:\/\/www.lesvigiesduminou.bzh\/wp-content\/uploads\/2022\/10\/GGG-un-menu-allechant-P1350882-copie-683x1024.jpg 683w, https:\/\/www.lesvigiesduminou.bzh\/wp-content\/uploads\/2022\/10\/GGG-un-menu-allechant-P1350882-copie-200x300.jpg 200w, https:\/\/www.lesvigiesduminou.bzh\/wp-content\/uploads\/2022\/10\/GGG-un-menu-allechant-P1350882-copie-768x1152.jpg 768w, https:\/\/www.lesvigiesduminou.bzh\/wp-content\/uploads\/2022\/10\/GGG-un-menu-allechant-P1350882-copie-1024x1536.jpg 1024w, https:\/\/www.lesvigiesduminou.bzh\/wp-content\/uploads\/2022\/10\/GGG-un-menu-allechant-P1350882-copie-1365x2048.jpg 1365w, https:\/\/www.lesvigiesduminou.bzh\/wp-content\/uploads\/2022\/10\/GGG-un-menu-allechant-P1350882-copie-16x24.jpg 16w, https:\/\/www.lesvigiesduminou.bzh\/wp-content\/uploads\/2022\/10\/GGG-un-menu-allechant-P1350882-copie-24x36.jpg 24w, https:\/\/www.lesvigiesduminou.bzh\/wp-content\/uploads\/2022\/10\/GGG-un-menu-allechant-P1350882-copie-32x48.jpg 32w, https:\/\/www.lesvigiesduminou.bzh\/wp-content\/uploads\/2022\/10\/GGG-un-menu-allechant-P1350882-copie-scaled.jpg 1707w\" sizes=\"auto, (max-width: 683px) 100vw, 683px\" \/><figcaption>Un menu all\u00e9chant &#8211; 1938. Mais o\u00f9 se trouvait cet h\u00f4tel?<\/figcaption><\/figure>\n\n\n\n<p>Afin de partager avec le plus grand nombre d&rsquo;entre vous et de poursuivre ces recherches, notre site internet nous permet de publier ces moments particuliers avec ceux qui n\u2019ont pas pu se d\u00e9placer. C\u2019est souvent l\u2019occasion de faire <strong>de nouvelles connaissances<\/strong> et d\u2019enrichir nos archives. Certains nous demandent d\u00e9j\u00e0 si nous proposerons une nouvelle exposition. Nous y r\u00e9fl\u00e9chissons.&nbsp;<\/p>\n\n\n\n<p>De nombreuses <strong>cartes postales anciennes<\/strong> furent pr\u00e9sent\u00e9es lors de cette exposition. Nous tenons \u00e0 remercier particuli\u00e8rement les collectionneurs cartophiles qui ont accept\u00e9 de mettre ces documents \u00e0 notre disposition. Nadine et Jean-Baptiste se reconna\u00eetront, qu\u2019ils en soit encore remerci\u00e9s.&nbsp;<\/p>\n\n\n\n<figure class=\"wp-block-image aligncenter size-large\"><img loading=\"lazy\" decoding=\"async\" width=\"771\" height=\"1024\" src=\"https:\/\/www.lesvigiesduminou.bzh\/wp-content\/uploads\/2022\/10\/III-les-guides-Noe-Noe-Yannick-guides-au-phare-771x1024.jpg\" alt=\"\" class=\"wp-image-2561\" srcset=\"https:\/\/www.lesvigiesduminou.bzh\/wp-content\/uploads\/2022\/10\/III-les-guides-Noe-Noe-Yannick-guides-au-phare-771x1024.jpg 771w, https:\/\/www.lesvigiesduminou.bzh\/wp-content\/uploads\/2022\/10\/III-les-guides-Noe-Noe-Yannick-guides-au-phare-226x300.jpg 226w, https:\/\/www.lesvigiesduminou.bzh\/wp-content\/uploads\/2022\/10\/III-les-guides-Noe-Noe-Yannick-guides-au-phare-768x1020.jpg 768w, https:\/\/www.lesvigiesduminou.bzh\/wp-content\/uploads\/2022\/10\/III-les-guides-Noe-Noe-Yannick-guides-au-phare-1157x1536.jpg 1157w, https:\/\/www.lesvigiesduminou.bzh\/wp-content\/uploads\/2022\/10\/III-les-guides-Noe-Noe-Yannick-guides-au-phare-1542x2048.jpg 1542w, https:\/\/www.lesvigiesduminou.bzh\/wp-content\/uploads\/2022\/10\/III-les-guides-Noe-Noe-Yannick-guides-au-phare-18x24.jpg 18w, https:\/\/www.lesvigiesduminou.bzh\/wp-content\/uploads\/2022\/10\/III-les-guides-Noe-Noe-Yannick-guides-au-phare-27x36.jpg 27w, https:\/\/www.lesvigiesduminou.bzh\/wp-content\/uploads\/2022\/10\/III-les-guides-Noe-Noe-Yannick-guides-au-phare-36x48.jpg 36w, https:\/\/www.lesvigiesduminou.bzh\/wp-content\/uploads\/2022\/10\/III-les-guides-Noe-Noe-Yannick-guides-au-phare-scaled.jpg 1928w\" sizes=\"auto, (max-width: 771px) 100vw, 771px\" \/><figcaption>Une visite du phare compl\u00e8te l&rsquo;exposition<\/figcaption><\/figure>\n\n\n\n<p><strong>Poursuivre les recherches<\/strong>: Loin d\u2019avoir d\u00e9couvert d\u2019autres sources d\u2019informations, quelques jours apr\u00e8s cette exposition, un autre collectionneur nous proposait de consulter ses pr\u00e9cieux albums, fruits de longs dimanches \u00e0 fr\u00e9quenter les foires aux vieux papiers d\u2019antan. Plus de 25 ans de recherches de tri, d\u2019\u00e9changes, Ren\u00e9 nous adressait un email et nous ouvrait sa porte et ses classeurs.&nbsp;<\/p>\n\n\n\n<figure class=\"wp-block-image size-large\"><img loading=\"lazy\" decoding=\"async\" width=\"1024\" height=\"759\" src=\"https:\/\/www.lesvigiesduminou.bzh\/wp-content\/uploads\/2022\/10\/JJJ-les-guides-sandrine-1024x759.jpg\" alt=\"\" class=\"wp-image-2569\" srcset=\"https:\/\/www.lesvigiesduminou.bzh\/wp-content\/uploads\/2022\/10\/JJJ-les-guides-sandrine-1024x759.jpg 1024w, https:\/\/www.lesvigiesduminou.bzh\/wp-content\/uploads\/2022\/10\/JJJ-les-guides-sandrine-300x222.jpg 300w, https:\/\/www.lesvigiesduminou.bzh\/wp-content\/uploads\/2022\/10\/JJJ-les-guides-sandrine-768x569.jpg 768w, https:\/\/www.lesvigiesduminou.bzh\/wp-content\/uploads\/2022\/10\/JJJ-les-guides-sandrine-24x18.jpg 24w, https:\/\/www.lesvigiesduminou.bzh\/wp-content\/uploads\/2022\/10\/JJJ-les-guides-sandrine-36x27.jpg 36w, https:\/\/www.lesvigiesduminou.bzh\/wp-content\/uploads\/2022\/10\/JJJ-les-guides-sandrine-48x36.jpg 48w, https:\/\/www.lesvigiesduminou.bzh\/wp-content\/uploads\/2022\/10\/JJJ-les-guides-sandrine.jpg 1027w\" sizes=\"auto, (max-width: 1024px) 100vw, 1024px\" \/><figcaption>Sandrine vous accueille &#8211; Est-ce qu&rsquo;il reste des places pour la visite?  <\/figcaption><\/figure>\n\n\n\n<p>Parmi ses tr\u00e9sors, \u00e0 en faire p\u00e2lir d\u2019envie les \u00ab&nbsp;ship spotters&nbsp;\u00bb d\u2019aujourd\u2019hui, ces sentinelles passionn\u00e9es de photographies et de toutes sortes de navires \u00e0 voiles, \u00e0 vapeur, de commerce, de marine de guerre. Ren\u00e9, il y a quelques jours nous laissait d\u00e9couvrir une nouvelle photographie in\u00e9dite.<\/p>\n\n\n\n<p>Le paquebot Normandie fit une courte escale \u00e0 Brest entre 1935 et 1940. Nous avions la photographie au bout des doigts. Nos limiers se lanc\u00e8rent sur l\u2019affaire. Les archives de presse t\u00e9moignaient de ce ravitaillement exceptionnel du plus grand paquebot du monde, le 9 mai 1935 \u00e0 Brest. Quelques jours apr\u00e8s son lancement \u00e0 Saint-Nazaire, le Normandie effectuait avec succ\u00e8s ses essais de propulsion sur la base de vitesse des Gl\u00e9nans.<\/p>\n\n\n\n<figure class=\"wp-block-image size-large\"><img loading=\"lazy\" decoding=\"async\" width=\"1024\" height=\"683\" src=\"https:\/\/www.lesvigiesduminou.bzh\/wp-content\/uploads\/2022\/10\/HHH-les-guides-Annie-guide-au-phare-1024x683.jpg\" alt=\"\" class=\"wp-image-2562\" srcset=\"https:\/\/www.lesvigiesduminou.bzh\/wp-content\/uploads\/2022\/10\/HHH-les-guides-Annie-guide-au-phare-1024x683.jpg 1024w, https:\/\/www.lesvigiesduminou.bzh\/wp-content\/uploads\/2022\/10\/HHH-les-guides-Annie-guide-au-phare-300x200.jpg 300w, https:\/\/www.lesvigiesduminou.bzh\/wp-content\/uploads\/2022\/10\/HHH-les-guides-Annie-guide-au-phare-768x512.jpg 768w, https:\/\/www.lesvigiesduminou.bzh\/wp-content\/uploads\/2022\/10\/HHH-les-guides-Annie-guide-au-phare-1536x1024.jpg 1536w, https:\/\/www.lesvigiesduminou.bzh\/wp-content\/uploads\/2022\/10\/HHH-les-guides-Annie-guide-au-phare-2048x1365.jpg 2048w, https:\/\/www.lesvigiesduminou.bzh\/wp-content\/uploads\/2022\/10\/HHH-les-guides-Annie-guide-au-phare-24x16.jpg 24w, https:\/\/www.lesvigiesduminou.bzh\/wp-content\/uploads\/2022\/10\/HHH-les-guides-Annie-guide-au-phare-36x24.jpg 36w, https:\/\/www.lesvigiesduminou.bzh\/wp-content\/uploads\/2022\/10\/HHH-les-guides-Annie-guide-au-phare-48x32.jpg 48w\" sizes=\"auto, (max-width: 1024px) 100vw, 1024px\" \/><figcaption>&#8230;&#8230;..  En 1939 le phare est \u00e9lectrifi\u00e9 &#8230;&#8230;. <\/figcaption><\/figure>\n\n\n\n<p>D\u00e9clar\u00e9 apte \u00e0 commencer ses croisi\u00e8res entre le Havre et New-York, il lui fallait une escale \u00e0 Brest pour ravitailler. La grande rade \u00e0 la pointe du Finist\u00e8re, trop \u00e9loign\u00e9e de Paris avait tent\u00e9 d\u2019offrir ses eaux calmes aux grands navires transatlantiques. Le Havre lui avait ravi la place. Pr\u00e9fet, pr\u00e9fet maritime et de nombreuses autorit\u00e9s et personnalit\u00e9s \u00e9taient venues d\u00e9jeuner ce jour l\u00e0 \u00e0 \u00ab&nbsp;l\u2019hostellerie du vieux Minou&nbsp;\u00bb. Faute de saliver devant ce menu, nous avions la photographie du Normandie arborant son pavois en doublant le phare du Minou.&nbsp;Ainsi se r\u00e9\u00e9crivent <strong>les pages d&rsquo;histoire du phare de Plouzan\u00e9.<\/strong><\/p>\n\n\n\n<figure class=\"wp-block-image size-large\"><img loading=\"lazy\" decoding=\"async\" width=\"1024\" height=\"707\" src=\"https:\/\/www.lesvigiesduminou.bzh\/wp-content\/uploads\/2022\/10\/CP-R-LE-VERGE-PLOUZANE-639-Paquebot-Normandie-au-Minou-9-5-1935-1024x707.jpg\" alt=\"\" class=\"wp-image-2564\" srcset=\"https:\/\/www.lesvigiesduminou.bzh\/wp-content\/uploads\/2022\/10\/CP-R-LE-VERGE-PLOUZANE-639-Paquebot-Normandie-au-Minou-9-5-1935-1024x707.jpg 1024w, https:\/\/www.lesvigiesduminou.bzh\/wp-content\/uploads\/2022\/10\/CP-R-LE-VERGE-PLOUZANE-639-Paquebot-Normandie-au-Minou-9-5-1935-300x207.jpg 300w, https:\/\/www.lesvigiesduminou.bzh\/wp-content\/uploads\/2022\/10\/CP-R-LE-VERGE-PLOUZANE-639-Paquebot-Normandie-au-Minou-9-5-1935-768x530.jpg 768w, https:\/\/www.lesvigiesduminou.bzh\/wp-content\/uploads\/2022\/10\/CP-R-LE-VERGE-PLOUZANE-639-Paquebot-Normandie-au-Minou-9-5-1935-1536x1061.jpg 1536w, https:\/\/www.lesvigiesduminou.bzh\/wp-content\/uploads\/2022\/10\/CP-R-LE-VERGE-PLOUZANE-639-Paquebot-Normandie-au-Minou-9-5-1935-24x17.jpg 24w, https:\/\/www.lesvigiesduminou.bzh\/wp-content\/uploads\/2022\/10\/CP-R-LE-VERGE-PLOUZANE-639-Paquebot-Normandie-au-Minou-9-5-1935-36x25.jpg 36w, https:\/\/www.lesvigiesduminou.bzh\/wp-content\/uploads\/2022\/10\/CP-R-LE-VERGE-PLOUZANE-639-Paquebot-Normandie-au-Minou-9-5-1935-48x33.jpg 48w, https:\/\/www.lesvigiesduminou.bzh\/wp-content\/uploads\/2022\/10\/CP-R-LE-VERGE-PLOUZANE-639-Paquebot-Normandie-au-Minou-9-5-1935.jpg 1920w\" sizes=\"auto, (max-width: 1024px) 100vw, 1024px\" \/><figcaption>Dans les tr\u00e9sors de nos collectionneurs et prochaines expositions &#8211; Le paquebot Normandie au Minou en 1935 <\/figcaption><\/figure>\n\n\n\n<p><strong>De prochaines expositions.<\/strong> Vous avez peut-\u00eatre, vous aussi, dans vos tiroirs <strong>des archives in\u00e9dites<\/strong> que nous pourrions mettre en valeur?<\/p>\n\n\n\n<p>N\u2019h\u00e9sitez pas \u00e0 nous contacter, nous en prendrions grand soin et nous pourrions, avec votre accord, les partager.&nbsp;<\/p>\n\n\n\n<p><strong>Les Vigies du Minou.&nbsp;<\/strong><\/p>\n","protected":false},"excerpt":{"rendered":"<p>Les 17 et 18 septembre derniers, les Vigies du Minou et le service animation de la commune de Plouzan\u00e9 proposaient une r\u00e9trospective [&hellip;]<\/p>\n","protected":false},"author":23,"featured_media":2582,"comment_status":"open","ping_status":"open","sticky":false,"template":"","format":"standard","meta":{"footnotes":""},"categories":[4,43],"tags":[135,133],"class_list":["post-2555","post","type-post","status-publish","format-standard","has-post-thumbnail","hentry","category-actualites","category-petit-minou","tag-exposition","tag-minou"],"_links":{"self":[{"href":"https:\/\/www.lesvigiesduminou.bzh\/index.php\/wp-json\/wp\/v2\/posts\/2555","targetHints":{"allow":["GET"]}}],"collection":[{"href":"https:\/\/www.lesvigiesduminou.bzh\/index.php\/wp-json\/wp\/v2\/posts"}],"about":[{"href":"https:\/\/www.lesvigiesduminou.bzh\/index.php\/wp-json\/wp\/v2\/types\/post"}],"author":[{"embeddable":true,"href":"https:\/\/www.lesvigiesduminou.bzh\/index.php\/wp-json\/wp\/v2\/users\/23"}],"replies":[{"embeddable":true,"href":"https:\/\/www.lesvigiesduminou.bzh\/index.php\/wp-json\/wp\/v2\/comments?post=2555"}],"version-history":[{"count":19,"href":"https:\/\/www.lesvigiesduminou.bzh\/index.php\/wp-json\/wp\/v2\/posts\/2555\/revisions"}],"predecessor-version":[{"id":2589,"href":"https:\/\/www.lesvigiesduminou.bzh\/index.php\/wp-json\/wp\/v2\/posts\/2555\/revisions\/2589"}],"wp:featuredmedia":[{"embeddable":true,"href":"https:\/\/www.lesvigiesduminou.bzh\/index.php\/wp-json\/wp\/v2\/media\/2582"}],"wp:attachment":[{"href":"https:\/\/www.lesvigiesduminou.bzh\/index.php\/wp-json\/wp\/v2\/media?parent=2555"}],"wp:term":[{"taxonomy":"category","embeddable":true,"href":"https:\/\/www.lesvigiesduminou.bzh\/index.php\/wp-json\/wp\/v2\/categories?post=2555"},{"taxonomy":"post_tag","embeddable":true,"href":"https:\/\/www.lesvigiesduminou.bzh\/index.php\/wp-json\/wp\/v2\/tags?post=2555"}],"curies":[{"name":"wp","href":"https:\/\/api.w.org\/{rel}","templated":true}]}}