{"id":2522,"date":"2022-06-19T15:16:35","date_gmt":"2022-06-19T13:16:35","guid":{"rendered":"https:\/\/www.lesvigiesduminou.bzh\/?p=2522"},"modified":"2022-06-19T15:16:36","modified_gmt":"2022-06-19T13:16:36","slug":"les-medias-parlent-de-nos-balades-commentees","status":"publish","type":"post","link":"https:\/\/www.lesvigiesduminou.bzh\/index.php\/2022\/06\/19\/les-medias-parlent-de-nos-balades-commentees\/","title":{"rendered":"Les m\u00e9dias parlent de nos balades comment\u00e9es"},"content":{"rendered":"\n<p>Le T\u00e9l\u00e9gramme nous fait un peu de pub pour nos balades comment\u00e9es du 25 juin 2022 : <\/p>\n\n\n\n<ul class=\"wp-block-list\"><li><a href=\"https:\/\/www.letelegramme.fr\/finistere\/plouzane\/les-vigies-du-minou-relancent-leurs-balades-commentees-a-plouzane-10-06-2022-13063669.php\">https:\/\/www.letelegramme.fr\/finistere\/plouzane\/les-vigies-du-minou-relancent-leurs-balades-commentees-a-plouzane-10-06-2022-13063669.php<\/a><\/li><\/ul>\n\n\n\n<p><\/p>\n","protected":false},"excerpt":{"rendered":"<p>Le T\u00e9l\u00e9gramme nous fait un peu de pub pour nos balades comment\u00e9es du 25 juin 2022 : https:\/\/www.letelegramme.fr\/finistere\/plouzane\/les-vigies-du-minou-relancent-leurs-balades-commentees-a-plouzane-10-06-2022-13063669.php<\/p>\n","protected":false},"author":3,"featured_media":1041,"comment_status":"open","ping_status":"open","sticky":false,"template":"","format":"standard","meta":{"footnotes":""},"categories":[4,43],"tags":[131,11,8,7],"class_list":["post-2522","post","type-post","status-publish","format-standard","has-post-thumbnail","hentry","category-actualites","category-petit-minou","tag-balades-commentees","tag-petit-minou","tag-telegramme","tag-presse"],"_links":{"self":[{"href":"https:\/\/www.lesvigiesduminou.bzh\/index.php\/wp-json\/wp\/v2\/posts\/2522","targetHints":{"allow":["GET"]}}],"collection":[{"href":"https:\/\/www.lesvigiesduminou.bzh\/index.php\/wp-json\/wp\/v2\/posts"}],"about":[{"href":"https:\/\/www.lesvigiesduminou.bzh\/index.php\/wp-json\/wp\/v2\/types\/post"}],"author":[{"embeddable":true,"href":"https:\/\/www.lesvigiesduminou.bzh\/index.php\/wp-json\/wp\/v2\/users\/3"}],"replies":[{"embeddable":true,"href":"https:\/\/www.lesvigiesduminou.bzh\/index.php\/wp-json\/wp\/v2\/comments?post=2522"}],"version-history":[{"count":1,"href":"https:\/\/www.lesvigiesduminou.bzh\/index.php\/wp-json\/wp\/v2\/posts\/2522\/revisions"}],"predecessor-version":[{"id":2523,"href":"https:\/\/www.lesvigiesduminou.bzh\/index.php\/wp-json\/wp\/v2\/posts\/2522\/revisions\/2523"}],"wp:featuredmedia":[{"embeddable":true,"href":"https:\/\/www.lesvigiesduminou.bzh\/index.php\/wp-json\/wp\/v2\/media\/1041"}],"wp:attachment":[{"href":"https:\/\/www.lesvigiesduminou.bzh\/index.php\/wp-json\/wp\/v2\/media?parent=2522"}],"wp:term":[{"taxonomy":"category","embeddable":true,"href":"https:\/\/www.lesvigiesduminou.bzh\/index.php\/wp-json\/wp\/v2\/categories?post=2522"},{"taxonomy":"post_tag","embeddable":true,"href":"https:\/\/www.lesvigiesduminou.bzh\/index.php\/wp-json\/wp\/v2\/tags?post=2522"}],"curies":[{"name":"wp","href":"https:\/\/api.w.org\/{rel}","templated":true}]}}