{"id":2180,"date":"2022-02-19T12:02:31","date_gmt":"2022-02-19T11:02:31","guid":{"rendered":"https:\/\/www.lesvigiesduminou.bzh\/?p=2180"},"modified":"2024-10-30T17:45:17","modified_gmt":"2024-10-30T16:45:17","slug":"des-bruyeres-aux-champs-de-ble-les-amendements-marins-a-plouzane","status":"publish","type":"post","link":"https:\/\/www.lesvigiesduminou.bzh\/index.php\/2022\/02\/19\/des-bruyeres-aux-champs-de-ble-les-amendements-marins-a-plouzane\/","title":{"rendered":"Des bruy\u00e8res aux champs de bl\u00e9 &#8211; Les amendements marins \u00e0 Plouzan\u00e9"},"content":{"rendered":"\n<h2 class=\"wp-block-heading\"><strong>Une terre plus fertile<\/strong><\/h2>\n\n\n\n<p>Des femmes, des hommes, des chevaux, du sable et des algues.<\/p>\n\n\n\n<p>Jadis, la r\u00e9colte des <strong>go\u00e9mons d\u2019\u00e9pave<\/strong> arrach\u00e9s naturellement par les vagues \u00e9tait autoris\u00e9e toute l\u2019ann\u00e9e. Cependant, pour enrichir les terres, les cultivateurs leur pr\u00e9f\u00e9raient les <strong>go\u00e9mons de rive<\/strong>. Seules les grandes mar\u00e9es permettaient de les r\u00e9colter. Pour pr\u00e9server la ressource, la coupe de ces derniers fut r\u00e9glement\u00e9e.<\/p>\n\n\n\n<figure class=\"wp-block-image aligncenter size-large\"><img loading=\"lazy\" decoding=\"async\" width=\"1024\" height=\"592\" src=\"https:\/\/www.lesvigiesduminou.bzh\/wp-content\/uploads\/2022\/02\/Le-Minou-1873-J-Duclos-des-canons-et-des-algues-1024x592.jpg\" alt=\"\" class=\"wp-image-2245\" srcset=\"https:\/\/www.lesvigiesduminou.bzh\/wp-content\/uploads\/2022\/02\/Le-Minou-1873-J-Duclos-des-canons-et-des-algues-1024x592.jpg 1024w, https:\/\/www.lesvigiesduminou.bzh\/wp-content\/uploads\/2022\/02\/Le-Minou-1873-J-Duclos-des-canons-et-des-algues-300x173.jpg 300w, https:\/\/www.lesvigiesduminou.bzh\/wp-content\/uploads\/2022\/02\/Le-Minou-1873-J-Duclos-des-canons-et-des-algues-768x444.jpg 768w, https:\/\/www.lesvigiesduminou.bzh\/wp-content\/uploads\/2022\/02\/Le-Minou-1873-J-Duclos-des-canons-et-des-algues-1536x888.jpg 1536w, https:\/\/www.lesvigiesduminou.bzh\/wp-content\/uploads\/2022\/02\/Le-Minou-1873-J-Duclos-des-canons-et-des-algues-2048x1183.jpg 2048w, https:\/\/www.lesvigiesduminou.bzh\/wp-content\/uploads\/2022\/02\/Le-Minou-1873-J-Duclos-des-canons-et-des-algues-24x14.jpg 24w, https:\/\/www.lesvigiesduminou.bzh\/wp-content\/uploads\/2022\/02\/Le-Minou-1873-J-Duclos-des-canons-et-des-algues-36x21.jpg 36w, https:\/\/www.lesvigiesduminou.bzh\/wp-content\/uploads\/2022\/02\/Le-Minou-1873-J-Duclos-des-canons-et-des-algues-48x28.jpg 48w\" sizes=\"auto, (max-width: 1024px) 100vw, 1024px\" \/><figcaption class=\"wp-element-caption\">\u00a9 Collection priv\u00e9e &#8211; Le fort du Minou vers 1873 &#8211; Les mulons de go\u00e9mon <\/figcaption><\/figure>\n\n\n\n<p>A Plouzan\u00e9, le 7 avril 1856 alors qu\u2019au clocher l\u2019heure approchait de midi, sur la gr\u00e8ve du Dellec, Fanch s\u2019appr\u00eatait \u00e0 charger la charrette et piquait sa fourche dans un mulon d\u2019algues ruisselantes. Soizic du coin de l\u2019oeil, sa petite faucille \u00e0 la main, discr\u00e8tement l\u2019observait. Les pieds tremp\u00e9s, dans ses sabots elle avait bien failli glisser et tomber dans les rochers. Les deux jeunes paysans avaient ri. Les femmes et les hommes depuis ce matin ne m\u00e9nageaient pas leurs efforts, c\u2019est que le temps \u00e9tait compt\u00e9. La mer bient\u00f4t allait remonter.&nbsp;<\/p>\n\n\n\n<p>Entre r\u00e9alit\u00e9 et fiction, en s&rsquo;appuyant sur des t\u00e9moignages et pr\u00e9c\u00e9dentes publications, nous vous invitons \u00e0 nous suivre sur les voies charreti\u00e8res que la mer nous r\u00e9v\u00e8le aux grandes mar\u00e9es.     <\/p>\n\n\n\n<figure class=\"wp-block-image aligncenter size-large\"><img loading=\"lazy\" decoding=\"async\" width=\"683\" height=\"1024\" src=\"https:\/\/www.lesvigiesduminou.bzh\/wp-content\/uploads\/2022\/02\/Voie-charretiere-Plouzane-Petit-Dellec-Est-1-P1280906-copie-683x1024.jpg\" alt=\"\" class=\"wp-image-2220\" srcset=\"https:\/\/www.lesvigiesduminou.bzh\/wp-content\/uploads\/2022\/02\/Voie-charretiere-Plouzane-Petit-Dellec-Est-1-P1280906-copie-683x1024.jpg 683w, https:\/\/www.lesvigiesduminou.bzh\/wp-content\/uploads\/2022\/02\/Voie-charretiere-Plouzane-Petit-Dellec-Est-1-P1280906-copie-200x300.jpg 200w, https:\/\/www.lesvigiesduminou.bzh\/wp-content\/uploads\/2022\/02\/Voie-charretiere-Plouzane-Petit-Dellec-Est-1-P1280906-copie-768x1152.jpg 768w, https:\/\/www.lesvigiesduminou.bzh\/wp-content\/uploads\/2022\/02\/Voie-charretiere-Plouzane-Petit-Dellec-Est-1-P1280906-copie-1024x1536.jpg 1024w, https:\/\/www.lesvigiesduminou.bzh\/wp-content\/uploads\/2022\/02\/Voie-charretiere-Plouzane-Petit-Dellec-Est-1-P1280906-copie-1365x2048.jpg 1365w, https:\/\/www.lesvigiesduminou.bzh\/wp-content\/uploads\/2022\/02\/Voie-charretiere-Plouzane-Petit-Dellec-Est-1-P1280906-copie-16x24.jpg 16w, https:\/\/www.lesvigiesduminou.bzh\/wp-content\/uploads\/2022\/02\/Voie-charretiere-Plouzane-Petit-Dellec-Est-1-P1280906-copie-24x36.jpg 24w, https:\/\/www.lesvigiesduminou.bzh\/wp-content\/uploads\/2022\/02\/Voie-charretiere-Plouzane-Petit-Dellec-Est-1-P1280906-copie-32x48.jpg 32w, https:\/\/www.lesvigiesduminou.bzh\/wp-content\/uploads\/2022\/02\/Voie-charretiere-Plouzane-Petit-Dellec-Est-1-P1280906-copie-scaled.jpg 1707w\" sizes=\"auto, (max-width: 683px) 100vw, 683px\" \/><figcaption class=\"wp-element-caption\">\u00a9 Yannick Lenouvel &#8211;  Aux grandes mar\u00e9es les voies charreti\u00e8res se d\u00e9voilent sous les eaux<\/figcaption><\/figure>\n\n\n\n<p>Les roues des charrettes tir\u00e9es par les chevaux crissaient en man\u0153uvrant sur l\u2019\u00e9troite cale. Le p\u2019tit Jean de Kernevent s\u2019\u00e9tait empar\u00e9 du licol de la jument. Pour la premi\u00e8re fois, c\u2019est lui qui allait mener l\u2019attelage jusqu\u2019aux rochers, l\u00e0-bas au bout de la gr\u00e8ve comme son p\u00e8re et son grand-p\u00e8re l&rsquo;avaient fait. La descente est raide, le sentier \u00e9troit. Il faut prudemment guider le cheval avant d\u2019atteindre la plage. \u00ab&nbsp;<strong>Retiens la bon sang! Ne la laisse pas partir!&nbsp;\u00bb&nbsp;<\/strong><\/p>\n\n\n\n<p>Les Vigies du Minou depuis quelques mois recherchent les traces, les cicatrices grav\u00e9es dans la roche, fouillent les archives de papier, interrogent les m\u00e9moires d\u2019un temps, pas si lointain, o\u00f9 l\u2019on descendait avec les chevaux jusqu\u2019\u00e0 la mer.&nbsp;<\/p>\n\n\n\n<p>Non pas pour s\u2019y baigner, mais au printemps, aux grandes mar\u00e9es pour y chercher les engrais naturels n\u00e9cessaires \u00e0 l\u2019enrichissement des terres.&nbsp;<\/p>\n\n\n\n<p>Les bras costauds, les mains gerc\u00e9es, les dos cass\u00e9s au coin du feu, en fin de journ\u00e9e s\u2019en souviennent. Ce fut encore une rude journ\u00e9e. Il nous reste seulement deux jours pour profiter de cette mar\u00e9e et remonter les algues jusqu\u2019\u00e0 la ferme.<\/p>\n\n\n\n<figure class=\"wp-block-image aligncenter size-large\"><img loading=\"lazy\" decoding=\"async\" width=\"1024\" height=\"482\" src=\"https:\/\/www.lesvigiesduminou.bzh\/wp-content\/uploads\/2022\/02\/AAA-Arrete-du-maire-1856-goemon-de-rive-1-1024x482.jpg\" alt=\"\" class=\"wp-image-2207\" srcset=\"https:\/\/www.lesvigiesduminou.bzh\/wp-content\/uploads\/2022\/02\/AAA-Arrete-du-maire-1856-goemon-de-rive-1-1024x482.jpg 1024w, https:\/\/www.lesvigiesduminou.bzh\/wp-content\/uploads\/2022\/02\/AAA-Arrete-du-maire-1856-goemon-de-rive-1-300x141.jpg 300w, https:\/\/www.lesvigiesduminou.bzh\/wp-content\/uploads\/2022\/02\/AAA-Arrete-du-maire-1856-goemon-de-rive-1-768x362.jpg 768w, https:\/\/www.lesvigiesduminou.bzh\/wp-content\/uploads\/2022\/02\/AAA-Arrete-du-maire-1856-goemon-de-rive-1-24x11.jpg 24w, https:\/\/www.lesvigiesduminou.bzh\/wp-content\/uploads\/2022\/02\/AAA-Arrete-du-maire-1856-goemon-de-rive-1-36x17.jpg 36w, https:\/\/www.lesvigiesduminou.bzh\/wp-content\/uploads\/2022\/02\/AAA-Arrete-du-maire-1856-goemon-de-rive-1-48x23.jpg 48w, https:\/\/www.lesvigiesduminou.bzh\/wp-content\/uploads\/2022\/02\/AAA-Arrete-du-maire-1856-goemon-de-rive-1.jpg 1461w\" sizes=\"auto, (max-width: 1024px) 100vw, 1024px\" \/><figcaption class=\"wp-element-caption\">Source AD 29 &#8211; Les amendements marins. 1856 &#8211; Nous maire de la commune de Plouzan\u00e9 arr\u00eatons &#8230;. <\/figcaption><\/figure>\n\n\n\n<h2 class=\"wp-block-heading\"><strong>Pr\u00e9server la ressource, \u00e9viter les conflits<\/strong><\/h2>\n\n\n\n<p>L\u2019arr\u00eat\u00e9 du Maire pour cette ann\u00e9e 1856 accordait seulement <strong>trois jours pour la r\u00e9colte des <\/strong><span style=\"font-weight: 600\">go\u00e9mons<\/span><strong> de rive<\/strong> sur le littoral de la commune. 7, 8 et 9 avril, Il faudra \u00eatre pr\u00eats. De la pointe du Petit-Minou jusqu\u2019\u00e0 Sainte-Anne du Portzic&nbsp; et sur toute la c\u00f4te, l\u00e0 o\u00f9 les acc\u00e8s aux gr\u00e8ves le permettent, les paysans se regrouperont par ferme et hameau, on invitera les cousins. <\/p>\n\n\n\n<p>Sur les rives du Goulet, du haut des champs, Goulven observait la mer. Dans le ciel hier soir, la lune presque pleine ne l\u2019avait pas tromp\u00e9. Les mar\u00e9es basses, laissaient apparaitre une nouvelle fois des roches couvertes habituellement des chevelures rousses de go\u00e9mons qui dansaient. <\/p>\n\n\n\n<p>Dans les fermes, on le savait, impatients, un peu grognons on murmurait:&nbsp; \u00ab&nbsp;C\u2019\u00e9tait hier qu\u2019il fallait y aller, c\u2019\u00e9tait hier!&nbsp;\u00bb&nbsp; La mer \u00e9tait d\u00e9j\u00e0 tr\u00e8s basse aux alentours de midi! Oui mais voil\u00e0, hier 6 avril 1856, c\u2019\u00e9tait dimanche. Il n\u2019\u00e9tait pas question de manquer la grand-messe pour aller tirer les algues. <strong>\u00ab&nbsp;Labour zul, labour nul&nbsp;\u00bb<\/strong> m\u00eame le dicton s\u2019y employait. Il fallait l\u2019accepter, pas de travail le dimanche malgr\u00e9 la grande mar\u00e9e. Alors lundi matin, tout le monde sera pr\u00eat.&nbsp;<\/p>\n\n\n\n<p>L\u2019affaire \u00e9tait chaque ann\u00e9e d\u2019importance. Apr\u00e8s avis d\u2019un conseil municipal, le maire de Plouzan\u00e9, comme dans les autres communes du littoral du Finist\u00e8re, adressait un courrier au sous pr\u00e9fet \u00e0 Brest. Des dates de r\u00e9colte des go\u00ebmons de rive \u00e9taient propos\u00e9es. Le sous-pr\u00e9fet transmettait \u00e0 son tour les demandes \u00e0 la pr\u00e9fecture \u00e0 Quimper.<\/p>\n\n\n\n<figure class=\"wp-block-image aligncenter size-large\"><img loading=\"lazy\" decoding=\"async\" width=\"1024\" height=\"599\" src=\"https:\/\/www.lesvigiesduminou.bzh\/wp-content\/uploads\/2022\/02\/cadastre-Minou-pte-du-diable-1-copie-1024x599.jpg\" alt=\"\" class=\"wp-image-2218\" srcset=\"https:\/\/www.lesvigiesduminou.bzh\/wp-content\/uploads\/2022\/02\/cadastre-Minou-pte-du-diable-1-copie-1024x599.jpg 1024w, https:\/\/www.lesvigiesduminou.bzh\/wp-content\/uploads\/2022\/02\/cadastre-Minou-pte-du-diable-1-copie-300x175.jpg 300w, https:\/\/www.lesvigiesduminou.bzh\/wp-content\/uploads\/2022\/02\/cadastre-Minou-pte-du-diable-1-copie-768x449.jpg 768w, https:\/\/www.lesvigiesduminou.bzh\/wp-content\/uploads\/2022\/02\/cadastre-Minou-pte-du-diable-1-copie-1536x898.jpg 1536w, https:\/\/www.lesvigiesduminou.bzh\/wp-content\/uploads\/2022\/02\/cadastre-Minou-pte-du-diable-1-copie-2048x1198.jpg 2048w, https:\/\/www.lesvigiesduminou.bzh\/wp-content\/uploads\/2022\/02\/cadastre-Minou-pte-du-diable-1-copie-24x14.jpg 24w, https:\/\/www.lesvigiesduminou.bzh\/wp-content\/uploads\/2022\/02\/cadastre-Minou-pte-du-diable-1-copie-36x21.jpg 36w, https:\/\/www.lesvigiesduminou.bzh\/wp-content\/uploads\/2022\/02\/cadastre-Minou-pte-du-diable-1-copie-48x28.jpg 48w\" sizes=\"auto, (max-width: 1024px) 100vw, 1024px\" \/><figcaption class=\"wp-element-caption\">Comme chaque ann\u00e9e, les fermiers se r\u00e9partissent les gr\u00e8ves, certaines sont priv\u00e9es. <\/figcaption><\/figure>\n\n\n\n<h2 class=\"wp-block-heading\"><strong>Aux archives<\/strong><\/h2>\n\n\n\n<p>Pour en apprendre un peu plus sur la r\u00e9glementation et s\u2019y retrouver dans les rouages de l\u2019administration, il y a quelques semaines, deux enqu\u00eateurs des Vigies du Minou se rendaient \u00e0 Quimper, aux archives d\u00e9partementales.<\/p>\n\n\n\n<p>Guid\u00e9s par les archivistes, sous les cotes de la <strong>s\u00e9rie 4S des amendements marins<\/strong>, les deux d\u00e9tectives recherchaient parmi les nombreux dossiers, ceux qui pourraient concerner Plouzan\u00e9. &nbsp;<\/p>\n\n\n\n<p>Monsieur le Pr\u00e9fet, j\u2019ai l\u2019honneur de vous adresser l\u2019arr\u00eat\u00e9 du maire de Plouzan\u00e9 au sujet de <strong>la coupe du go\u00ebmon<\/strong> sur la commune\u2026..<\/p>\n\n\n\n<p>Malheureusement pour nous, le dossier ne comportait que la page une, sans aucun d\u00e9tail. En feuilletant pr\u00e9cautionneusement les feuilles jaunies par le temps, le pr\u00e9fet r\u00e9pondait au sous-pr\u00e9fet \u00e0 Brest:&nbsp;<\/p>\n\n\n\n<p>\u00ab&nbsp;Je n\u2019ai aucune observation \u00e0 faire au sujet de cet arr\u00eat\u00e9\u2026. il pourra donc \u00eatre mis \u00e0 ex\u00e9cution.&nbsp;\u00bb<\/p>\n\n\n\n<p>Et vous l\u2019avez compris, les archives n\u2019avaient conserv\u00e9 que les pages de garde de ces courriers navettes entre la mairie, la sous pr\u00e9fecture et la pr\u00e9fecture.&nbsp;<\/p>\n\n\n\n<p>Aucun d\u00e9tail pour rassasier notre curiosit\u00e9.&nbsp;Il nous fallait encore pers\u00e9v\u00e9rer.&nbsp; &nbsp;<\/p>\n\n\n\n<h2 class=\"wp-block-heading\"><strong>Qui cherche trouve<\/strong><\/h2>\n\n\n\n<p>Page apr\u00e8s page, c\u2019est l\u2019<strong>ann\u00e9e 1856<\/strong> qui allait r\u00e9compenser nos efforts gr\u00e2ce \u00e0 cet arr\u00eat\u00e9 r\u00e9dig\u00e9 le 12 f\u00e9vrier, un mois et demi avant les grandes mar\u00e9es. A Plouzan\u00e9 le temps presse, sera t&rsquo;il valid\u00e9 par le pr\u00e9fet? En voici l\u2019intitul\u00e9:<\/p>\n\n\n\n<p>Nous <strong>Maire de la commune de Plouzan\u00e9<\/strong> canton de&nbsp; Saint-Renan d\u00e9partement du Finist\u00e8re, Vu la circulaire de Mr Le Pr\u00e9fet du Finist\u00e8re en date du 24 7bre (sept) 1855 ins\u00e9r\u00e9e au N\u00b0 1310 du bulletin administratif consid\u00e9rant qu\u2019il est de l\u2019int\u00e9r\u00eat des habitants de la commune que la coupe et l\u2019enl\u00e8vement des go\u00e9mons de rive se fassent avec r\u00e9gularit\u00e9 et avec ordre<\/p>\n\n\n\n<p>Arr\u00eatons:<\/p>\n\n\n\n<p><strong>Art 1<\/strong>: L\u2019\u00e9poque de la coupe de go\u00ebmon de rive sera <strong>fix\u00e9e annuellement<\/strong> dans cette commune par arr\u00eat\u00e9 pr\u00e9alable.<\/p>\n\n\n\n<p><strong>Art 2<\/strong>: Il est express\u00e9ment <strong>d\u00e9fendu de proc\u00e9der \u00e0 la coupe<\/strong> de ce go\u00ebmon en dehors des jours fix\u00e9s par le dit arr\u00eat\u00e9.<\/p>\n\n\n\n<p><strong>Art 3<\/strong>: <strong>Le seul instrument <\/strong>dont on puisse faire usage pour ce travail est <strong>la faucille.<\/strong> Les autres instruments tel que les ciseaux et au&nbsp; moyen desquels on arrache le go\u00ebmon au lieu de les couper sont interdits.<\/p>\n\n\n\n<p><strong>Art 4<\/strong>: Les go\u00e9mons devront \u00eatre <strong>coup\u00e9s \u00e0 deux centim\u00e8tres<\/strong> au moins de la roche.<\/p>\n\n\n\n<p><strong>Art 5<\/strong>: Les go\u00e9mons coup\u00e9s et qu\u2019on aura laiss\u00e9 s\u00e9journer sur les rochers <strong>devront \u00eatre enlev\u00e9s le jour m\u00eame<\/strong> de la gr\u00e8ve.<\/p>\n\n\n\n<p><strong>Art 6<\/strong>: Il est bien entendu que <strong>nul ne pourra d\u00e9poser ses go\u00e9mons sur les propri\u00e9t\u00e9s voisines<\/strong> de la gr\u00e8ve sans le consentement du propri\u00e9taire ou fermier.<\/p>\n\n\n\n<p><strong>Art 7<\/strong>: <strong>Le garde champ\u00eatre<\/strong> de notre commune est charg\u00e9 de veiller \u00e0 ce que le pr\u00e9sent r\u00e8glement soit bien observ\u00e9.<\/p>\n\n\n\n<p><strong>Art 8<\/strong>: La coupe du go\u00e9mon de rive aura lieu en 1856 dans la commune de <strong>Plouzan\u00e9 le 7, 8 et 9 avril 1856<\/strong>.<\/p>\n\n\n\n<p>Pour ex\u00e9cution conforme \u00e0 l\u2019arr\u00eat\u00e9 pr\u00e9sent Le maire de la commune de Plouzan\u00e9 en date du 12 f\u00e9vrier 1856.<\/p>\n\n\n\n<p>En mairie de Plouzan\u00e9 le 1er mars 1856.<\/p>\n\n\n\n<p>Le Maire<\/p>\n\n\n\n<p><strong>JF Malaboux<\/strong><\/p>\n\n\n\n<figure class=\"wp-block-image aligncenter size-large\"><img loading=\"lazy\" decoding=\"async\" width=\"1024\" height=\"683\" src=\"https:\/\/www.lesvigiesduminou.bzh\/wp-content\/uploads\/2022\/02\/Voie-charretiere-Plouzane-Petit-Dellec-Est-P1280877-1024x683.jpg\" alt=\"\" class=\"wp-image-2222\" srcset=\"https:\/\/www.lesvigiesduminou.bzh\/wp-content\/uploads\/2022\/02\/Voie-charretiere-Plouzane-Petit-Dellec-Est-P1280877-1024x683.jpg 1024w, https:\/\/www.lesvigiesduminou.bzh\/wp-content\/uploads\/2022\/02\/Voie-charretiere-Plouzane-Petit-Dellec-Est-P1280877-300x200.jpg 300w, https:\/\/www.lesvigiesduminou.bzh\/wp-content\/uploads\/2022\/02\/Voie-charretiere-Plouzane-Petit-Dellec-Est-P1280877-768x512.jpg 768w, https:\/\/www.lesvigiesduminou.bzh\/wp-content\/uploads\/2022\/02\/Voie-charretiere-Plouzane-Petit-Dellec-Est-P1280877-1536x1024.jpg 1536w, https:\/\/www.lesvigiesduminou.bzh\/wp-content\/uploads\/2022\/02\/Voie-charretiere-Plouzane-Petit-Dellec-Est-P1280877-2048x1365.jpg 2048w, https:\/\/www.lesvigiesduminou.bzh\/wp-content\/uploads\/2022\/02\/Voie-charretiere-Plouzane-Petit-Dellec-Est-P1280877-24x16.jpg 24w, https:\/\/www.lesvigiesduminou.bzh\/wp-content\/uploads\/2022\/02\/Voie-charretiere-Plouzane-Petit-Dellec-Est-P1280877-36x24.jpg 36w, https:\/\/www.lesvigiesduminou.bzh\/wp-content\/uploads\/2022\/02\/Voie-charretiere-Plouzane-Petit-Dellec-Est-P1280877-48x32.jpg 48w\" sizes=\"auto, (max-width: 1024px) 100vw, 1024px\" \/><figcaption class=\"wp-element-caption\">\u00a9 Yannick Lenouvel &#8211; Le Dellec &#8211; Acc\u00e9der aux go\u00e9mons immerg\u00e9s<\/figcaption><\/figure>\n\n\n\n<h2 class=\"wp-block-heading\"><strong>Depuis combien de temps exploite-t-on ces amendements marins?<\/strong><\/h2>\n\n\n\n<p>De l\u2019ordonnance de la marine du mois d\u2019aoust 1681 aussi appel\u00e9e \u00ab&nbsp;ordonnance de Colbert&nbsp;\u00bb.<\/p>\n\n\n\n<p>Titre X &#8211; De la coupe du varech<\/p>\n\n\n\n<p>Article premier : Les habitants des paroisses situ\u00e9es sur les costes de la mer s\u2019assembleront le premier dimanche du mois de janvier de chacune ann\u00e9e, \u00e0 l\u2019issue de la messe paroissiale, pour r\u00e9gler les jours auxquels devra commencer et finir la coupe de l\u2019herbe appel\u00e9e varech ou vraicq, sar ou gouesmon, croissant en mer \u00e0 l\u2019endroit de leur territoire &nbsp;<\/p>\n\n\n\n<p>Tous ces mots signifient une herbe qui croit en mer sur les rochers et que la mer arrache en montant et jette sur les bords. Les riverains s\u2019en servent pour engraisser leurs terres. Cette herbe s\u2019appelle sur les costes de Normandie varech ou vraicq. Cette m\u00eame herbe s\u2019appelle sur les costes du pa\u00efs d\u2019Aunis, sar, et sur celles de Bretagne on la nomme gouesmon.<\/p>\n\n\n\n<p>Colbert s\u2019appuyant sur des ordonnances ant\u00e9rieures et coutumes ancestrales locales r\u00e9glemente en 1681 la coupe des go\u00e9mons de rive!&nbsp;<\/p>\n\n\n\n<figure class=\"wp-block-image size-large\"><img loading=\"lazy\" decoding=\"async\" width=\"1024\" height=\"765\" src=\"https:\/\/www.lesvigiesduminou.bzh\/wp-content\/uploads\/2022\/05\/Ordonnance-de-la-marine-1681-Colbert-1024x765.jpg\" alt=\"\" class=\"wp-image-2498\" srcset=\"https:\/\/www.lesvigiesduminou.bzh\/wp-content\/uploads\/2022\/05\/Ordonnance-de-la-marine-1681-Colbert-1024x765.jpg 1024w, https:\/\/www.lesvigiesduminou.bzh\/wp-content\/uploads\/2022\/05\/Ordonnance-de-la-marine-1681-Colbert-300x224.jpg 300w, https:\/\/www.lesvigiesduminou.bzh\/wp-content\/uploads\/2022\/05\/Ordonnance-de-la-marine-1681-Colbert-768x574.jpg 768w, https:\/\/www.lesvigiesduminou.bzh\/wp-content\/uploads\/2022\/05\/Ordonnance-de-la-marine-1681-Colbert-1536x1148.jpg 1536w, https:\/\/www.lesvigiesduminou.bzh\/wp-content\/uploads\/2022\/05\/Ordonnance-de-la-marine-1681-Colbert-24x18.jpg 24w, https:\/\/www.lesvigiesduminou.bzh\/wp-content\/uploads\/2022\/05\/Ordonnance-de-la-marine-1681-Colbert-36x27.jpg 36w, https:\/\/www.lesvigiesduminou.bzh\/wp-content\/uploads\/2022\/05\/Ordonnance-de-la-marine-1681-Colbert-48x36.jpg 48w, https:\/\/www.lesvigiesduminou.bzh\/wp-content\/uploads\/2022\/05\/Ordonnance-de-la-marine-1681-Colbert.jpg 1887w\" sizes=\"auto, (max-width: 1024px) 100vw, 1024px\" \/><figcaption class=\"wp-element-caption\">Source Gallica &#8211; Ordonnance de la marine 1681 &#8211; Titre X &#8211; de la coupe du varech <\/figcaption><\/figure>\n\n\n\n<p>Des bruy\u00e8res sauvages aux champs de bl\u00e9, faudrait-il remonter pour notre enqu\u00eate jusqu\u2019aux premiers laboureurs?&nbsp; Transformer une lande de gen\u00eats, <strong>une garenne inculte en terres arables<\/strong>. Cela ne ce fit pas, au fil des saisons, sans effort, pers\u00e9v\u00e9rance et partage des ressources.<\/p>\n\n\n\n<p>A quelques encablures, en rade de Brest, la p\u00eache, l&rsquo;ostr\u00e9iculture, le pr\u00e9l\u00e8vement de ma\u00ebrl et de sable coquiller se disputent le territoire, chacun souhaitant y pr\u00e9server ses int\u00e9r\u00eats. Tant et si bien qu&rsquo;en 1849 le Minist\u00e8re de la Marine et des Colonies doit trancher suite \u00e0 la demande de la soci\u00e9t\u00e9 d&rsquo;agriculture de l&rsquo;arrondissement de Brest. Un rapport circonstanci\u00e9 est publi\u00e9 s&rsquo;appuyant sur des ordonnances de 1731 et 1726. Les pr\u00e9l\u00e8vements de sable et d&rsquo;algues afin d&rsquo;enrichir les terres ne datent pas d&rsquo;hier.<\/p>\n\n\n\n<figure class=\"wp-block-image size-large\"><img loading=\"lazy\" decoding=\"async\" width=\"1024\" height=\"610\" src=\"https:\/\/www.lesvigiesduminou.bzh\/wp-content\/uploads\/2022\/05\/enquete-marine-1743-ref-ordonnances-1726-1731-1024x610.jpg\" alt=\"\" class=\"wp-image-2492\" srcset=\"https:\/\/www.lesvigiesduminou.bzh\/wp-content\/uploads\/2022\/05\/enquete-marine-1743-ref-ordonnances-1726-1731-1024x610.jpg 1024w, https:\/\/www.lesvigiesduminou.bzh\/wp-content\/uploads\/2022\/05\/enquete-marine-1743-ref-ordonnances-1726-1731-300x179.jpg 300w, https:\/\/www.lesvigiesduminou.bzh\/wp-content\/uploads\/2022\/05\/enquete-marine-1743-ref-ordonnances-1726-1731-768x457.jpg 768w, https:\/\/www.lesvigiesduminou.bzh\/wp-content\/uploads\/2022\/05\/enquete-marine-1743-ref-ordonnances-1726-1731-1536x915.jpg 1536w, https:\/\/www.lesvigiesduminou.bzh\/wp-content\/uploads\/2022\/05\/enquete-marine-1743-ref-ordonnances-1726-1731-24x14.jpg 24w, https:\/\/www.lesvigiesduminou.bzh\/wp-content\/uploads\/2022\/05\/enquete-marine-1743-ref-ordonnances-1726-1731-36x21.jpg 36w, https:\/\/www.lesvigiesduminou.bzh\/wp-content\/uploads\/2022\/05\/enquete-marine-1743-ref-ordonnances-1726-1731-48x29.jpg 48w, https:\/\/www.lesvigiesduminou.bzh\/wp-content\/uploads\/2022\/05\/enquete-marine-1743-ref-ordonnances-1726-1731.jpg 1619w\" sizes=\"auto, (max-width: 1024px) 100vw, 1024px\" \/><figcaption class=\"wp-element-caption\">Source : Gallica : Extrait du rapport de la commission et r\u00e9glementation du dragage en rade de Brest &#8211; Minist\u00e8re de la Marine et des Colonies 1849 &#8211; Remerciements Projet HistoRade https:\/\/historade.fr <\/figcaption><\/figure>\n\n\n\n<p>     &nbsp;<\/p>\n\n\n\n<p>En arpentant les gr\u00e8ves de notre littoral, en fouinant dans les archives d\u00e9partementales \u00e0 Quimper, autour de la table, invit\u00e9s \u00e0 partager les souvenirs des anciens, la m\u00e9moire de ces activit\u00e9s agricoles et saisonni\u00e8res devrait nous revenir. &nbsp;<\/p>\n\n\n\n<h2 class=\"wp-block-heading\"><strong>Documents et t\u00e9moignages rares, mais l\u2019estran va parler&nbsp;<\/strong><\/h2>\n\n\n\n<p>C\u2019est la roche en premier qui pourrait nous raconter. Nous allons nous aussi, profiter des grandes mar\u00e9es pour rechercher les traces laiss\u00e9es par le passage des chevaux et des charrettes ruisselantes lourdement charg\u00e9es. &nbsp;<\/p>\n\n\n\n<figure class=\"wp-block-image aligncenter size-large\"><img loading=\"lazy\" decoding=\"async\" width=\"683\" height=\"1024\" src=\"https:\/\/www.lesvigiesduminou.bzh\/wp-content\/uploads\/2022\/02\/Voie-charretiere-Plouzane-Petit-Dellec-Est-P1280932-683x1024.jpg\" alt=\"\" class=\"wp-image-2225\" srcset=\"https:\/\/www.lesvigiesduminou.bzh\/wp-content\/uploads\/2022\/02\/Voie-charretiere-Plouzane-Petit-Dellec-Est-P1280932-683x1024.jpg 683w, https:\/\/www.lesvigiesduminou.bzh\/wp-content\/uploads\/2022\/02\/Voie-charretiere-Plouzane-Petit-Dellec-Est-P1280932-200x300.jpg 200w, https:\/\/www.lesvigiesduminou.bzh\/wp-content\/uploads\/2022\/02\/Voie-charretiere-Plouzane-Petit-Dellec-Est-P1280932-768x1152.jpg 768w, https:\/\/www.lesvigiesduminou.bzh\/wp-content\/uploads\/2022\/02\/Voie-charretiere-Plouzane-Petit-Dellec-Est-P1280932-1024x1536.jpg 1024w, https:\/\/www.lesvigiesduminou.bzh\/wp-content\/uploads\/2022\/02\/Voie-charretiere-Plouzane-Petit-Dellec-Est-P1280932-1365x2048.jpg 1365w, https:\/\/www.lesvigiesduminou.bzh\/wp-content\/uploads\/2022\/02\/Voie-charretiere-Plouzane-Petit-Dellec-Est-P1280932-16x24.jpg 16w, https:\/\/www.lesvigiesduminou.bzh\/wp-content\/uploads\/2022\/02\/Voie-charretiere-Plouzane-Petit-Dellec-Est-P1280932-24x36.jpg 24w, https:\/\/www.lesvigiesduminou.bzh\/wp-content\/uploads\/2022\/02\/Voie-charretiere-Plouzane-Petit-Dellec-Est-P1280932-32x48.jpg 32w, https:\/\/www.lesvigiesduminou.bzh\/wp-content\/uploads\/2022\/02\/Voie-charretiere-Plouzane-Petit-Dellec-Est-P1280932-scaled.jpg 1707w\" sizes=\"auto, (max-width: 683px) 100vw, 683px\" \/><figcaption class=\"wp-element-caption\">\u00a9 Yannick  Lenouvel  &#8211; Jusqu&rsquo;\u00e0 la pointe du Diable !<\/figcaption><\/figure>\n\n\n\n<p>Au risque qu\u2019une temp\u00eate soudaine viennent an\u00e9antir leurs efforts, une quinzaine de jours avant la date de la coupe, les riverains propri\u00e9taires ou m\u00e9tayers qui cultivaient des parcelles proches des gr\u00e8ves tentaient, parmi les rochers, d\u2019am\u00e9nager des passages praticables pour les attelages.<\/p>\n\n\n\n<h2 class=\"wp-block-heading\"><strong>Les voies charreti\u00e8res<\/strong><\/h2>\n\n\n\n<p>Au Grand Dellec, du haut de la cale, au pied des falaises, \u00e0 l\u2019\u00e9cho du bruit des vagues qui s\u2019apaisent r\u00e9pond maintenant le fracas des charrettes encore vides. Le claquement des fouets, le bois contre le fer, le fer contre la roche, les hennissements des chevaux. Plus tard le forgeron de la Trinit\u00e9 proposera de prot\u00e9ger les roues ferr\u00e9es des charrettes d\u2019une garniture \u00e9paisse de caoutchouc. Les chocs sur les rayons de bois et sur les essieux en seront un peu amortis.&nbsp;<\/p>\n\n\n\n<p>Trac\u00e9es depuis combien d\u2019ann\u00e9es par l\u2019usure des roues des charrettes et probablement quelques coups de pics, les voies charreti\u00e8res devant nous se prolongeaient encore sous la mer qui descendait. <\/p>\n\n\n\n<p>De la gr\u00e8ve de Mescleuziou (Petit-Dellec) les sillons nous guidaient presque jusqu\u2019\u00e0 la pointe du Diable. Les roches affleurent l\u00e0-bas, couvertes de go\u00e9mon brillant et plus rares, dans les trous d&rsquo;eau, les grands laminaires serpentent lascivement \u00e0 l\u2019\u00e9tale de basse mer.<\/p>\n\n\n\n<p>Dans le prolongement de la cale du Grand Dellec le sillon part vers l\u2019Est sur les plateaux rocheux o\u00f9 s\u2019accrochent les algues fouett\u00e9es par les courants marins du Goulet.<\/p>\n\n\n\n<p>Ici on a am\u00e9nag\u00e9 tant bien que mal parmi les blocs de pierres une aire \u00e0 virer. La jument harnach\u00e9e dans les brancards y a fait demi tour, son poulain effarouch\u00e9 ne veut pas la quitter. &nbsp;<\/p>\n\n\n\n<p>Les chevaux iront dans l\u2019eau jusqu\u2019au poitrail permettant ainsi de cueillir les algues jusqu\u2019au bout du bout des bras des go\u00e9moniers. La jument et son poulain ne s\u2019y risqueront pas.&nbsp;<\/p>\n\n\n\n<figure class=\"wp-block-image aligncenter size-large\"><img loading=\"lazy\" decoding=\"async\" width=\"1024\" height=\"683\" src=\"https:\/\/www.lesvigiesduminou.bzh\/wp-content\/uploads\/2022\/02\/Kazeken-filet-8IMG_4383-expo-@-Gregory-Pol-2-1024x683.jpg\" alt=\"\" class=\"wp-image-2209\" srcset=\"https:\/\/www.lesvigiesduminou.bzh\/wp-content\/uploads\/2022\/02\/Kazeken-filet-8IMG_4383-expo-@-Gregory-Pol-2-1024x683.jpg 1024w, https:\/\/www.lesvigiesduminou.bzh\/wp-content\/uploads\/2022\/02\/Kazeken-filet-8IMG_4383-expo-@-Gregory-Pol-2-300x200.jpg 300w, https:\/\/www.lesvigiesduminou.bzh\/wp-content\/uploads\/2022\/02\/Kazeken-filet-8IMG_4383-expo-@-Gregory-Pol-2-768x512.jpg 768w, https:\/\/www.lesvigiesduminou.bzh\/wp-content\/uploads\/2022\/02\/Kazeken-filet-8IMG_4383-expo-@-Gregory-Pol-2-1536x1024.jpg 1536w, https:\/\/www.lesvigiesduminou.bzh\/wp-content\/uploads\/2022\/02\/Kazeken-filet-8IMG_4383-expo-@-Gregory-Pol-2-2048x1366.jpg 2048w, https:\/\/www.lesvigiesduminou.bzh\/wp-content\/uploads\/2022\/02\/Kazeken-filet-8IMG_4383-expo-@-Gregory-Pol-2-24x16.jpg 24w, https:\/\/www.lesvigiesduminou.bzh\/wp-content\/uploads\/2022\/02\/Kazeken-filet-8IMG_4383-expo-@-Gregory-Pol-2-36x24.jpg 36w, https:\/\/www.lesvigiesduminou.bzh\/wp-content\/uploads\/2022\/02\/Kazeken-filet-8IMG_4383-expo-@-Gregory-Pol-2-48x32.jpg 48w\" sizes=\"auto, (max-width: 1024px) 100vw, 1024px\" \/><figcaption class=\"wp-element-caption\">\u00a9 Gr\u00e9gory Pol &#8211; Confection de la drome (Plouneour-Trez)<\/figcaption><\/figure>\n\n\n\n<h2 class=\"wp-block-heading\"><strong>Un  kazeken* \u00e0 la d\u00e9rive<\/strong><\/h2>\n\n\n\n<p>Vers l\u2019Ouest, l\u00e0 o\u00f9 les falaises ne laissent aucun acc\u00e8s par la terre, les plus intr\u00e9pides iront couper les algues en direction du Mengant. Confectionnant des radeaux d\u2019algues flottants avec le courant d\u00e9j\u00e0 remontant. Gare \u00e0 celui qui se laisserait emporter ou emprisonner dans ce filet du kazeken. Ballot\u00e9e par le flot, chevauch\u00e9e par un ou deux gondoliers munis de longues perches, la drome flottante sera guid\u00e9e, remorqu\u00e9e depuis le rivage jusqu\u2019\u00e0 la gr\u00e8ve o\u00f9 tous ceux qui ont travaill\u00e9 viendront pr\u00e9lever leur part de go\u00e9mon si durement gagn\u00e9e. C&rsquo;est \u00ab\u00a0boutin\u00a0\u00bb, ceux qui ont particip\u00e9 \u00e0 la r\u00e9alisation de ce radeau pourront pr\u00e9lever leur part de go\u00e9mon.  <\/p>\n\n\n\n<p>Un jour la corde de halage cassa. Le kazeken parti \u00e0 la d\u00e9rive traversa le Goulet jusqu&rsquo;en presqu&rsquo;\u00eele de Plougastel chevauch\u00e9 par deux naufrag\u00e9s ne sachant probablement pas nager. <\/p>\n\n\n\n<p>De m\u00e9moire de Plouzan\u00e9ens recueillie tout r\u00e9cemment, le grand-p\u00e8re, les fr\u00e8res et les cousins allaient confectionner les kazeken l\u00e0-bas, jusqu\u2019au pied des falaises du Guenny. Le radeau d\u2019algues \u00e9tait emprisonn\u00e9 dans les cordages. Ficel\u00e9 comme un r\u00f4ti. Le dessus de la drome \u00e9tait maintenu par les civi\u00e8res servant \u00e0 transporter les algues. Le chargement devait \u00eatre nou\u00e9, souqu\u00e9 solidement. Trop de mou dans le filet, c\u2019\u00e9tait l\u2019assurance de voir le kazeken se disperser au gr\u00e9 des premi\u00e8res vagues et ses bateliers, gondoliers de fortune risquer de se noyer dans le courant. Pour qui connait les amas de roches de la rive Nord du Goulet entre le Guenny, le Mengant et le Dellec, y conduire un ballot d&rsquo;algues chevauch\u00e9 par deux hommes jusqu&rsquo;\u00e0 la premi\u00e8re gr\u00e8ve devait \u00eatre tr\u00e8s laborieux et tr\u00e8s risqu\u00e9.<\/p>\n\n\n\n<p>*<em>Kazeken d\u00e9signe \u00e9galement un corsage<\/em><\/p>\n\n\n\n<p>  &nbsp;<\/p>\n\n\n\n<figure class=\"wp-block-image size-large\"><img loading=\"lazy\" decoding=\"async\" width=\"1024\" height=\"675\" src=\"https:\/\/www.lesvigiesduminou.bzh\/wp-content\/uploads\/2022\/02\/Kazeken-drome-radeau-IMG_4692-@-Gregory-Pol-copie-2-1-1024x675.jpg\" alt=\"\" class=\"wp-image-2211\" srcset=\"https:\/\/www.lesvigiesduminou.bzh\/wp-content\/uploads\/2022\/02\/Kazeken-drome-radeau-IMG_4692-@-Gregory-Pol-copie-2-1-1024x675.jpg 1024w, https:\/\/www.lesvigiesduminou.bzh\/wp-content\/uploads\/2022\/02\/Kazeken-drome-radeau-IMG_4692-@-Gregory-Pol-copie-2-1-300x198.jpg 300w, https:\/\/www.lesvigiesduminou.bzh\/wp-content\/uploads\/2022\/02\/Kazeken-drome-radeau-IMG_4692-@-Gregory-Pol-copie-2-1-768x506.jpg 768w, https:\/\/www.lesvigiesduminou.bzh\/wp-content\/uploads\/2022\/02\/Kazeken-drome-radeau-IMG_4692-@-Gregory-Pol-copie-2-1-1536x1012.jpg 1536w, https:\/\/www.lesvigiesduminou.bzh\/wp-content\/uploads\/2022\/02\/Kazeken-drome-radeau-IMG_4692-@-Gregory-Pol-copie-2-1-2048x1350.jpg 2048w, https:\/\/www.lesvigiesduminou.bzh\/wp-content\/uploads\/2022\/02\/Kazeken-drome-radeau-IMG_4692-@-Gregory-Pol-copie-2-1-24x16.jpg 24w, https:\/\/www.lesvigiesduminou.bzh\/wp-content\/uploads\/2022\/02\/Kazeken-drome-radeau-IMG_4692-@-Gregory-Pol-copie-2-1-36x24.jpg 36w, https:\/\/www.lesvigiesduminou.bzh\/wp-content\/uploads\/2022\/02\/Kazeken-drome-radeau-IMG_4692-@-Gregory-Pol-copie-2-1-48x32.jpg 48w\" sizes=\"auto, (max-width: 1024px) 100vw, 1024px\" \/><figcaption class=\"wp-element-caption\">\u00a9 Gr\u00e9gory Pol &#8211; La drome devra r\u00e9sister aux vagues et aux courants (Illustration Ploun\u00e9our-Trez)<\/figcaption><\/figure>\n\n\n\n<p>La premi\u00e8re r\u00e9colte \u00e9tant termin\u00e9e, la mer d\u00e9j\u00e0 haute,  il n&rsquo;y avait pas de retardataires pour aller se mettre \u00e0 table. A la ferme mijotait sur le feu de la cuisini\u00e8re un grand chaudron de ragout et nous avions faim  nous raconte Yvonne Briand-Cadiou dans son livre&nbsp; \u00ab&nbsp;A l\u2019ombre de deux clochers&nbsp;\u00bb (La vie de tous les jours \u00e0 Plouzan\u00e9).&nbsp;<\/p>\n\n\n\n<p>La r\u00e9colte des go\u00e9mons de rive, ce n\u2019\u00e9tait que trois jours par an. Alors, malgr\u00e9 la fatigue, on \u00e9tait heureux. Apr\u00e8s un copieux repas, les hommes retournaient \u00e0 la gr\u00e8ve pour charger les derniers tas d\u2019algues qui s\u2019\u00e9gouttaient le long du chemin.&nbsp;<\/p>\n\n\n\n<p>Cette ann\u00e9e encore, le go\u00ebmon de rive fournira un engrais excellent pour de belles r\u00e9coltes de betteraves fourrag\u00e8res, de froment, d\u2019orge et de tr\u00e8fle.&nbsp;<\/p>\n\n\n\n<p>Le dernier soir, Fanch le fils de Kerezoun avait m\u00eame os\u00e9 inviter la jolie Soiz de Mescleuziou \u00e0 danser!<\/p>\n\n\n\n<h2 class=\"wp-block-heading\"><strong>Des algues et du sable: Traezh &#8211; Le sable coquiller du Minou<\/strong><\/h2>\n\n\n\n<p>D\u00e9bris de roches, de coraux, de coquillages, par n\u00e9cessit\u00e9, et bien au del\u00e0 de notre commune,&nbsp; les bancs de sable coquiller du Minou furent depuis tr\u00e8s longtemps exploit\u00e9s.<\/p>\n\n\n\n<p>Comme dans un champ qui offre sa r\u00e9colte, les laboureurs trouvaient sur l\u2019estran du Goulet mati\u00e8re \u00e0 enrichir les terres et diversifier les cultures. Le traezh, sable coquiller, en quatre ou cinq ann\u00e9es se dissout lentement diminuant l\u2019acidit\u00e9 des sols. Un apport de calcaire s\u2019av\u00e8re n\u00e9cessaire \u00e0 nos terres afin d\u2019 y cultiver des c\u00e9r\u00e9ales comme l\u2019orge, l\u2019avoine et le bl\u00e9. Les amendements de go\u00e9mons et de sable coquiller furent longtemps la seule opportunit\u00e9 offerte par la nature pour am\u00e9liorer sensiblement les rendements agricoles et mara\u00eechers.&nbsp;<\/p>\n\n\n\n<h2 class=\"wp-block-heading\"><strong>Au Minou: Un gisement gratuit et in\u00e9puisable<\/strong><\/h2>\n\n\n\n<p>Selon les saisons, aux grandes temp\u00eates d\u2019Ouest, les bancs de traezh se rechargent laissant croire alors \u00e0 une ressource intarissable. Si les vents ne sont pas favorables, il suffit d\u2019attendre une prochaine mar\u00e9e. (Vent du Nord, les bancs se rechargent &#8211; Vent du Sud le volume des bancs de sable diminue). Exp\u00e9rience du m\u00e9tier et observation de l&rsquo;environnement nous confiait r\u00e9cemment un t\u00e9moin de cette activit\u00e9.   &nbsp;<\/p>\n\n\n\n<p>Ici, pour guider notre enqu\u00eate sur le terrain, pas de trace de voies charreti\u00e8res. Contrairement \u00e0 la roche marqu\u00e9e par les empruntes des lourdes charrettes charg\u00e9es de go\u00e9mon, la mer \u00e0 chaque mar\u00e9e efface sur les plages les traces des pr\u00e9l\u00e8vements de sable.&nbsp;<\/p>\n\n\n\n<p>Il fallait aux Vigies trouver d\u2019autres sources d\u2019information.<\/p>\n\n\n\n<figure class=\"wp-block-image size-large\"><img loading=\"lazy\" decoding=\"async\" width=\"1024\" height=\"576\" src=\"https:\/\/www.lesvigiesduminou.bzh\/wp-content\/uploads\/2022\/02\/Plage-Minou-Ouest-vers-1875-extrait-1024x576.jpg\" alt=\"\" class=\"wp-image-2260\" srcset=\"https:\/\/www.lesvigiesduminou.bzh\/wp-content\/uploads\/2022\/02\/Plage-Minou-Ouest-vers-1875-extrait-1024x576.jpg 1024w, https:\/\/www.lesvigiesduminou.bzh\/wp-content\/uploads\/2022\/02\/Plage-Minou-Ouest-vers-1875-extrait-300x169.jpg 300w, https:\/\/www.lesvigiesduminou.bzh\/wp-content\/uploads\/2022\/02\/Plage-Minou-Ouest-vers-1875-extrait-768x432.jpg 768w, https:\/\/www.lesvigiesduminou.bzh\/wp-content\/uploads\/2022\/02\/Plage-Minou-Ouest-vers-1875-extrait-1536x864.jpg 1536w, https:\/\/www.lesvigiesduminou.bzh\/wp-content\/uploads\/2022\/02\/Plage-Minou-Ouest-vers-1875-extrait-2048x1151.jpg 2048w, https:\/\/www.lesvigiesduminou.bzh\/wp-content\/uploads\/2022\/02\/Plage-Minou-Ouest-vers-1875-extrait-24x13.jpg 24w, https:\/\/www.lesvigiesduminou.bzh\/wp-content\/uploads\/2022\/02\/Plage-Minou-Ouest-vers-1875-extrait-36x20.jpg 36w, https:\/\/www.lesvigiesduminou.bzh\/wp-content\/uploads\/2022\/02\/Plage-Minou-Ouest-vers-1875-extrait-48x27.jpg 48w\" sizes=\"auto, (max-width: 1024px) 100vw, 1024px\" \/><figcaption class=\"wp-element-caption\">\u00a9 Collection priv\u00e9e &#8211; Extraction de sable au Minou vers 1875<\/figcaption><\/figure>\n\n\n\n<p>Les archives num\u00e9ris\u00e9es viendront encore \u00e0 notre secours. A Plouzan\u00e9 nous retrouvons des preuves de cette exploitation du sable coquiller gr\u00e2ce aux d\u00e9lib\u00e9rations du Conseil G\u00e9n\u00e9ral du Finist\u00e8re en 1868.&nbsp;<\/p>\n\n\n\n<p>Pas de voies charreti\u00e8res cette fois mais c\u2019est cependant <strong>un chemin qui va nous mettre sur la piste<\/strong>.&nbsp;<\/p>\n\n\n\n<p>Venant du chemin du Conquet et plongeant vers la mer, le chemin vicinal qui m\u00e8ne \u00e0 la gr\u00e8ve du Minou est r\u00e9guli\u00e8rement emprunt\u00e9 par des attelages provenant de 19 communes alentours nous apprend le r\u00e9sultat d\u2019une enqu\u00eate pr\u00e9alable au classement du dit chemin vicinal en chemin d\u2019int\u00e9r\u00eat commun.&nbsp;<\/p>\n\n\n\n<p>\u00ab\u00a0ll est impossible de laisser \u00e0 la commune de Plouzan\u00e9 seule l\u2019entretien d\u2019un chemin sur lequel existe une telle activit\u00e9 de circulation.\u00a0\u00bb<\/p>\n\n\n\n<p>Il conduit en effet \u00e0 <strong>un d\u00e9p\u00f4t quasi in\u00e9puisable de sable calcaire<\/strong> et sert \u00e0 un grand nombre de communes de l\u2019arrondissement de Brest.<\/p>\n\n\n\n<p>Autour de la table des n\u00e9gociations, face aux arguments avanc\u00e9s par l\u2019enqu\u00eate de 1867, seules quatre communes acceptent le classement du chemin du Minou en chemin d\u2019int\u00e9r\u00eat commun. Apr\u00e8s d\u00e9lib\u00e9rations, le Conseil G\u00e9n\u00e9ral devra trancher. Quatre communes voisines contribueront d\u00e9sormais aux d\u00e9penses li\u00e9es \u00e0 l\u2019entretien du chemin d\u2019int\u00e9r\u00eat commun.&nbsp;<\/p>\n\n\n\n<p>Bien que le <strong>pr\u00e9l\u00e8vement de sable soit gratuit au Minou<\/strong> les autres communes pr\u00e9f\u00e8rent d\u00e9sormais aller acheter le traezh \u00e0 Brest.<\/p>\n\n\n\n<p>Les sables calcaires dragu\u00e9s par les bateaux (les bagou Minou) y sont d\u00e9charg\u00e9s sur les quais du nouveau port Napol\u00e9on.&nbsp;<\/p>\n\n\n\n<p>Ces communes renoncent \u00e0 aller chercher le sable sur la plage du Minou qui, disent-elles est beaucoup plus \u00e9loign\u00e9e.&nbsp;<\/p>\n\n\n\n<h2 class=\"wp-block-heading\"><strong>Ressource intarissable, gratuite mais cependant<\/strong> &#8230;<\/h2>\n\n\n\n<p>Quelques grains de sable dans les rouages relev\u00e9s par les Vigies:<\/p>\n\n\n\n<ul class=\"wp-block-list\">\n<li><strong>1874 &#8211; 1877:<\/strong> Plougonvelin, la douane dresse des proc\u00e8s verbaux, constat\u00e9s par la gendarmerie, \u00e0 l\u2019encontre de cultivateurs qui ont proc\u00e9d\u00e9 malgr\u00e9 l\u2019interdiction \u00e0 des pr\u00e9l\u00e8vements irr\u00e9guliers de sable dans les dunes du Trez-Hir.\u00a0Les pr\u00e9venus seront condamn\u00e9s \u00e0 un franc d&rsquo;amende.<\/li>\n<\/ul>\n\n\n\n<figure class=\"wp-block-image size-large\"><img loading=\"lazy\" decoding=\"async\" width=\"1024\" height=\"832\" src=\"https:\/\/www.lesvigiesduminou.bzh\/wp-content\/uploads\/2022\/02\/PV-Loc-Maria-prelevement-de-sable-interdit-1878-1024x832.jpg\" alt=\"\" class=\"wp-image-2261\" srcset=\"https:\/\/www.lesvigiesduminou.bzh\/wp-content\/uploads\/2022\/02\/PV-Loc-Maria-prelevement-de-sable-interdit-1878-1024x832.jpg 1024w, https:\/\/www.lesvigiesduminou.bzh\/wp-content\/uploads\/2022\/02\/PV-Loc-Maria-prelevement-de-sable-interdit-1878-300x244.jpg 300w, https:\/\/www.lesvigiesduminou.bzh\/wp-content\/uploads\/2022\/02\/PV-Loc-Maria-prelevement-de-sable-interdit-1878-768x624.jpg 768w, https:\/\/www.lesvigiesduminou.bzh\/wp-content\/uploads\/2022\/02\/PV-Loc-Maria-prelevement-de-sable-interdit-1878-24x20.jpg 24w, https:\/\/www.lesvigiesduminou.bzh\/wp-content\/uploads\/2022\/02\/PV-Loc-Maria-prelevement-de-sable-interdit-1878-36x29.jpg 36w, https:\/\/www.lesvigiesduminou.bzh\/wp-content\/uploads\/2022\/02\/PV-Loc-Maria-prelevement-de-sable-interdit-1878-48x39.jpg 48w, https:\/\/www.lesvigiesduminou.bzh\/wp-content\/uploads\/2022\/02\/PV-Loc-Maria-prelevement-de-sable-interdit-1878.jpg 1438w\" sizes=\"auto, (max-width: 1024px) 100vw, 1024px\" \/><figcaption class=\"wp-element-caption\">Source AD 29 &#8211; 1878 &#8211; Loc Maria Pr\u00e9l\u00e8vement de sable interdit &#8211; <\/figcaption><\/figure>\n\n\n\n<figure class=\"wp-block-image size-large\"><img loading=\"lazy\" decoding=\"async\" width=\"1024\" height=\"921\" src=\"https:\/\/www.lesvigiesduminou.bzh\/wp-content\/uploads\/2022\/02\/HK_233_chargement-de-sable-au-Minou_Coll-Henry-Kerisit-2-1024x921.jpg\" alt=\"\" class=\"wp-image-4064\" srcset=\"https:\/\/www.lesvigiesduminou.bzh\/wp-content\/uploads\/2022\/02\/HK_233_chargement-de-sable-au-Minou_Coll-Henry-Kerisit-2-1024x921.jpg 1024w, https:\/\/www.lesvigiesduminou.bzh\/wp-content\/uploads\/2022\/02\/HK_233_chargement-de-sable-au-Minou_Coll-Henry-Kerisit-2-300x270.jpg 300w, https:\/\/www.lesvigiesduminou.bzh\/wp-content\/uploads\/2022\/02\/HK_233_chargement-de-sable-au-Minou_Coll-Henry-Kerisit-2-768x691.jpg 768w, https:\/\/www.lesvigiesduminou.bzh\/wp-content\/uploads\/2022\/02\/HK_233_chargement-de-sable-au-Minou_Coll-Henry-Kerisit-2-1536x1381.jpg 1536w, https:\/\/www.lesvigiesduminou.bzh\/wp-content\/uploads\/2022\/02\/HK_233_chargement-de-sable-au-Minou_Coll-Henry-Kerisit-2-2048x1842.jpg 2048w, https:\/\/www.lesvigiesduminou.bzh\/wp-content\/uploads\/2022\/02\/HK_233_chargement-de-sable-au-Minou_Coll-Henry-Kerisit-2-1000x899.jpg 1000w, https:\/\/www.lesvigiesduminou.bzh\/wp-content\/uploads\/2022\/02\/HK_233_chargement-de-sable-au-Minou_Coll-Henry-Kerisit-2-230x207.jpg 230w, https:\/\/www.lesvigiesduminou.bzh\/wp-content\/uploads\/2022\/02\/HK_233_chargement-de-sable-au-Minou_Coll-Henry-Kerisit-2-350x315.jpg 350w, https:\/\/www.lesvigiesduminou.bzh\/wp-content\/uploads\/2022\/02\/HK_233_chargement-de-sable-au-Minou_Coll-Henry-Kerisit-2-480x432.jpg 480w, https:\/\/www.lesvigiesduminou.bzh\/wp-content\/uploads\/2022\/02\/HK_233_chargement-de-sable-au-Minou_Coll-Henry-Kerisit-2-24x22.jpg 24w, https:\/\/www.lesvigiesduminou.bzh\/wp-content\/uploads\/2022\/02\/HK_233_chargement-de-sable-au-Minou_Coll-Henry-Kerisit-2-36x32.jpg 36w, https:\/\/www.lesvigiesduminou.bzh\/wp-content\/uploads\/2022\/02\/HK_233_chargement-de-sable-au-Minou_Coll-Henry-Kerisit-2-48x43.jpg 48w\" sizes=\"auto, (max-width: 1024px) 100vw, 1024px\" \/><\/figure>\n\n\n\n<p class=\"has-text-align-center\">Rare photographie collection Henry Kerisit &#8211; Chargement d&rsquo;une gabare \u00e9chou\u00e9e sur la plage du Minou<\/p>\n\n\n\n<p>Un t\u00e9moignage photographique pr\u00e9cieux extrait de la collection de M. Henry Kerisit. L&rsquo;\u00e9quipage de cette gabare pont\u00e9e charge la cale de traez, ce sable coquillier recherch\u00e9 par les paysans et les mara\u00eechers. A compter de d\u00e9cembre 1905, les pr\u00e9l\u00e8vements de sable seront interdit sur la plage ouest afin de prot\u00e9ger les c\u00e2bles t\u00e9l\u00e9graphiques transatlantiques qui y sont ensouill\u00e9s.   <\/p>\n\n\n\n<ul class=\"wp-block-list\">\n<li><strong>Des activit\u00e9s incompatibles<\/strong>: <\/li>\n<\/ul>\n\n\n\n<figure class=\"wp-block-image size-full\"><img loading=\"lazy\" decoding=\"async\" width=\"918\" height=\"889\" src=\"https:\/\/www.lesvigiesduminou.bzh\/wp-content\/uploads\/2022\/02\/La-croix-3-12-1905-protection-des-cables-sous-marins-sabliers-prefet.jpg\" alt=\"\" class=\"wp-image-2215\" srcset=\"https:\/\/www.lesvigiesduminou.bzh\/wp-content\/uploads\/2022\/02\/La-croix-3-12-1905-protection-des-cables-sous-marins-sabliers-prefet.jpg 918w, https:\/\/www.lesvigiesduminou.bzh\/wp-content\/uploads\/2022\/02\/La-croix-3-12-1905-protection-des-cables-sous-marins-sabliers-prefet-300x291.jpg 300w, https:\/\/www.lesvigiesduminou.bzh\/wp-content\/uploads\/2022\/02\/La-croix-3-12-1905-protection-des-cables-sous-marins-sabliers-prefet-768x744.jpg 768w, https:\/\/www.lesvigiesduminou.bzh\/wp-content\/uploads\/2022\/02\/La-croix-3-12-1905-protection-des-cables-sous-marins-sabliers-prefet-24x24.jpg 24w, https:\/\/www.lesvigiesduminou.bzh\/wp-content\/uploads\/2022\/02\/La-croix-3-12-1905-protection-des-cables-sous-marins-sabliers-prefet-36x36.jpg 36w, https:\/\/www.lesvigiesduminou.bzh\/wp-content\/uploads\/2022\/02\/La-croix-3-12-1905-protection-des-cables-sous-marins-sabliers-prefet-48x46.jpg 48w\" sizes=\"auto, (max-width: 918px) 100vw, 918px\" \/><figcaption class=\"wp-element-caption\">\u00a9 Hebdomadaire LA CROIX &#8211; 3 d\u00e9cembre 1905 source Gallica<\/figcaption><\/figure>\n\n\n\n<ul class=\"wp-block-list\">\n<li><strong>1905:<\/strong> Les c\u00e2bles transatlantiques sous marins, mouill\u00e9s dans l\u2019anse du Minou en 1869 reliant Paris \u00e0 New York ainsi que les suivants reliant la France \u00e0 l\u2019Afrique pourraient \u00eatre endommag\u00e9s par les dragages de sable. L\u2019arr\u00eat\u00e9 du pr\u00e9fet maritime du 3 d\u00e9cembre 1905 interdit d\u00e9sormais la p\u00eache, le dragage et le mouillage des navires dans la zone d\u2019ensouillage des c\u00e2bles transatlantiques qui partent de la plage du Minou. \u00a0<\/li>\n<\/ul>\n\n\n\n<figure class=\"wp-block-image size-large\"><img loading=\"lazy\" decoding=\"async\" width=\"1024\" height=\"651\" src=\"https:\/\/www.lesvigiesduminou.bzh\/wp-content\/uploads\/2022\/02\/1905-12-03-Minou-mouillages-draguages-interdits-zone-de-cables-copie-1-1024x651.jpg\" alt=\"\" class=\"wp-image-2214\" srcset=\"https:\/\/www.lesvigiesduminou.bzh\/wp-content\/uploads\/2022\/02\/1905-12-03-Minou-mouillages-draguages-interdits-zone-de-cables-copie-1-1024x651.jpg 1024w, https:\/\/www.lesvigiesduminou.bzh\/wp-content\/uploads\/2022\/02\/1905-12-03-Minou-mouillages-draguages-interdits-zone-de-cables-copie-1-300x191.jpg 300w, https:\/\/www.lesvigiesduminou.bzh\/wp-content\/uploads\/2022\/02\/1905-12-03-Minou-mouillages-draguages-interdits-zone-de-cables-copie-1-768x488.jpg 768w, https:\/\/www.lesvigiesduminou.bzh\/wp-content\/uploads\/2022\/02\/1905-12-03-Minou-mouillages-draguages-interdits-zone-de-cables-copie-1-24x15.jpg 24w, https:\/\/www.lesvigiesduminou.bzh\/wp-content\/uploads\/2022\/02\/1905-12-03-Minou-mouillages-draguages-interdits-zone-de-cables-copie-1-36x23.jpg 36w, https:\/\/www.lesvigiesduminou.bzh\/wp-content\/uploads\/2022\/02\/1905-12-03-Minou-mouillages-draguages-interdits-zone-de-cables-copie-1-48x31.jpg 48w, https:\/\/www.lesvigiesduminou.bzh\/wp-content\/uploads\/2022\/02\/1905-12-03-Minou-mouillages-draguages-interdits-zone-de-cables-copie-1.jpg 1244w\" sizes=\"auto, (max-width: 1024px) 100vw, 1024px\" \/><figcaption class=\"wp-element-caption\">1905 &#8211; Le dragage du sable est interdit \u00e0 l&rsquo;Ouest du phare du Minou<\/figcaption><\/figure>\n\n\n\n<ul class=\"wp-block-list\">\n<li><strong>1908<\/strong> : La r\u00e9glementation des extractions de sable consid\u00e9r\u00e9s comme engrais marins est r\u00e9gl\u00e9e par un arr\u00eat\u00e9 du pr\u00e9fet maritime du 1er octobre 1908. Ces <strong>extractions \u00e9tant libres et gratuite<\/strong>s ne sont <strong>interdites qu\u2019en vue de la conservation du littoral<\/strong>, d\u2019ouvrages maritimes, de chemins bordants ou acc\u00e9dant aux gr\u00e8ves. \u00a0<\/li>\n<\/ul>\n\n\n\n<ul class=\"wp-block-list\">\n<li><strong>1914 &#8211; Sabliers et manoeuvres militaires <\/strong>:<\/li>\n<\/ul>\n\n\n\n<figure class=\"wp-block-image size-large\"><img loading=\"lazy\" decoding=\"async\" width=\"1024\" height=\"694\" src=\"https:\/\/www.lesvigiesduminou.bzh\/wp-content\/uploads\/2022\/02\/naufrage-sloop-Delphine-torpilleur-367-28-02-1914-Goulket-de-Brest-1024x694.jpg\" alt=\"\" class=\"wp-image-2250\" srcset=\"https:\/\/www.lesvigiesduminou.bzh\/wp-content\/uploads\/2022\/02\/naufrage-sloop-Delphine-torpilleur-367-28-02-1914-Goulket-de-Brest-1024x694.jpg 1024w, https:\/\/www.lesvigiesduminou.bzh\/wp-content\/uploads\/2022\/02\/naufrage-sloop-Delphine-torpilleur-367-28-02-1914-Goulket-de-Brest-300x203.jpg 300w, https:\/\/www.lesvigiesduminou.bzh\/wp-content\/uploads\/2022\/02\/naufrage-sloop-Delphine-torpilleur-367-28-02-1914-Goulket-de-Brest-768x520.jpg 768w, https:\/\/www.lesvigiesduminou.bzh\/wp-content\/uploads\/2022\/02\/naufrage-sloop-Delphine-torpilleur-367-28-02-1914-Goulket-de-Brest-24x16.jpg 24w, https:\/\/www.lesvigiesduminou.bzh\/wp-content\/uploads\/2022\/02\/naufrage-sloop-Delphine-torpilleur-367-28-02-1914-Goulket-de-Brest-36x24.jpg 36w, https:\/\/www.lesvigiesduminou.bzh\/wp-content\/uploads\/2022\/02\/naufrage-sloop-Delphine-torpilleur-367-28-02-1914-Goulket-de-Brest-48x33.jpg 48w, https:\/\/www.lesvigiesduminou.bzh\/wp-content\/uploads\/2022\/02\/naufrage-sloop-Delphine-torpilleur-367-28-02-1914-Goulket-de-Brest.jpg 1160w\" sizes=\"auto, (max-width: 1024px) 100vw, 1024px\" \/><figcaption class=\"wp-element-caption\">Ouest Eclair &#8211; 28 f\u00e9vrier 1914 &#8211; Un torpilleur coule le sablier Delphine  <\/figcaption><\/figure>\n\n\n\n<ul class=\"wp-block-list\">\n<li><strong>1931-<\/strong> Les bagou Minou vont \u00eatre progressivement remplac\u00e9s par des gabares motoris\u00e9es de Lampaul Plouarzel. Les capacit\u00e9s de chargement seront multipli\u00e9es par 10.  <\/li>\n<\/ul>\n\n\n\n<figure class=\"wp-block-image size-large\"><img loading=\"lazy\" decoding=\"async\" width=\"1024\" height=\"654\" src=\"https:\/\/www.lesvigiesduminou.bzh\/wp-content\/uploads\/2022\/02\/Les-bagou-minou-1931-carte-postale-1024x654.jpg\" alt=\"\" class=\"wp-image-2251\" srcset=\"https:\/\/www.lesvigiesduminou.bzh\/wp-content\/uploads\/2022\/02\/Les-bagou-minou-1931-carte-postale-1024x654.jpg 1024w, https:\/\/www.lesvigiesduminou.bzh\/wp-content\/uploads\/2022\/02\/Les-bagou-minou-1931-carte-postale-300x191.jpg 300w, https:\/\/www.lesvigiesduminou.bzh\/wp-content\/uploads\/2022\/02\/Les-bagou-minou-1931-carte-postale-768x490.jpg 768w, https:\/\/www.lesvigiesduminou.bzh\/wp-content\/uploads\/2022\/02\/Les-bagou-minou-1931-carte-postale-1536x980.jpg 1536w, https:\/\/www.lesvigiesduminou.bzh\/wp-content\/uploads\/2022\/02\/Les-bagou-minou-1931-carte-postale-2048x1307.jpg 2048w, https:\/\/www.lesvigiesduminou.bzh\/wp-content\/uploads\/2022\/02\/Les-bagou-minou-1931-carte-postale-24x15.jpg 24w, https:\/\/www.lesvigiesduminou.bzh\/wp-content\/uploads\/2022\/02\/Les-bagou-minou-1931-carte-postale-36x23.jpg 36w, https:\/\/www.lesvigiesduminou.bzh\/wp-content\/uploads\/2022\/02\/Les-bagou-minou-1931-carte-postale-48x31.jpg 48w\" sizes=\"auto, (max-width: 1024px) 100vw, 1024px\" \/><figcaption class=\"wp-element-caption\">Les bagou-Minou  gabares sabli\u00e8res de Port Launay &#8211; Daoulas &#8211; Le Faou &#8211; Landerneau <\/figcaption><\/figure>\n\n\n\n<h2 class=\"wp-block-heading\"><strong>1950 &#8211; Un pr\u00e9cieux t\u00e9moignage<\/strong> <\/h2>\n\n\n\n<p>Prigent Leroux, de Kerlembars&nbsp;<\/p>\n\n\n\n<p>Je me souviens de mon p\u00e8re qui extrayait le sable vers 1950.<\/p>\n\n\n\n<p>Mon p\u00e8re Fran\u00e7ois, n\u00e9 en 1907, tirait du sable du Minou. Je devais avoir 6 ans.<\/p>\n\n\n\n<p>Notre ferme avait 17 chevaux. On avait des \u00e9talons pour la reproduction. Mon p\u00e8re aid\u00e9 par trois ou quatre gars allaient sur la plage pour pelleter le sable. Trois chevaux \u00e9taient attel\u00e9s \u00e0 la charrette.&nbsp;<\/p>\n\n\n\n<p>La charrette avait \u00e9t\u00e9 fabriqu\u00e9e par Valentin, le forgeron, et par Corolleur le menuisier de la Trinit\u00e9.&nbsp;Elle \u00e9tait \u00e9quip\u00e9e de roues caoutchout\u00e9es<\/p>\n\n\n\n<p>Sur la plage, il fallait creuser un trou pour que les roues de la charrette descendent. Le sable amass\u00e9 en tas sur le c\u00f4t\u00e9 s\u2019\u00e9gouttait. Il y avait moins de poids \u00e0 pelleter et la hauteur de la benne \u00e9tait moindre.<\/p>\n\n\n\n<p>La puissance des trois chevaux \u00e9tait alors n\u00e9cessaire pour sortir la charrette de la plage ou elle s\u2019enlisait.<\/p>\n\n\n\n<figure class=\"wp-block-image size-large\"><img loading=\"lazy\" decoding=\"async\" width=\"1024\" height=\"576\" src=\"https:\/\/www.lesvigiesduminou.bzh\/wp-content\/uploads\/2022\/02\/Jument-poulain-2-DSC_7436-copie-1024x576.jpg\" alt=\"\" class=\"wp-image-2228\" srcset=\"https:\/\/www.lesvigiesduminou.bzh\/wp-content\/uploads\/2022\/02\/Jument-poulain-2-DSC_7436-copie-1024x576.jpg 1024w, https:\/\/www.lesvigiesduminou.bzh\/wp-content\/uploads\/2022\/02\/Jument-poulain-2-DSC_7436-copie-300x169.jpg 300w, https:\/\/www.lesvigiesduminou.bzh\/wp-content\/uploads\/2022\/02\/Jument-poulain-2-DSC_7436-copie-768x432.jpg 768w, https:\/\/www.lesvigiesduminou.bzh\/wp-content\/uploads\/2022\/02\/Jument-poulain-2-DSC_7436-copie-1536x865.jpg 1536w, https:\/\/www.lesvigiesduminou.bzh\/wp-content\/uploads\/2022\/02\/Jument-poulain-2-DSC_7436-copie-2048x1153.jpg 2048w, https:\/\/www.lesvigiesduminou.bzh\/wp-content\/uploads\/2022\/02\/Jument-poulain-2-DSC_7436-copie-24x14.jpg 24w, https:\/\/www.lesvigiesduminou.bzh\/wp-content\/uploads\/2022\/02\/Jument-poulain-2-DSC_7436-copie-36x20.jpg 36w, https:\/\/www.lesvigiesduminou.bzh\/wp-content\/uploads\/2022\/02\/Jument-poulain-2-DSC_7436-copie-48x27.jpg 48w\" sizes=\"auto, (max-width: 1024px) 100vw, 1024px\" \/><figcaption class=\"wp-element-caption\">\u00a9 Yannick  Lenouvel &#8211; 17 chevaux \u00e0 la ferme <\/figcaption><\/figure>\n\n\n\n<p>Ils d\u00e9posaient ensuite le sable le long de la route qui remonte de la plage. Ce sable \u00e9tait ensuite repris par le tracteur qui le&nbsp; transportait jusqu\u2019au champ. On \u00e9talait ce sable, \u00e0 la pelle, dans les champs.<\/p>\n\n\n\n<p>Notre ferme a \u00e9t\u00e9 une des premi\u00e8res \u00e0 avoir un tracteur sur Plouzan\u00e9. Un Renault.<\/p>\n\n\n\n<p>Plus tard, j\u2019ai de m\u00eame, extrait du sable. Lorsque j\u2019avais 17ans, le tracteur \u00e9tait d\u00e9j\u00e0 \u00e9quip\u00e9 d\u2019un chargeur. Les gendarmes ne disaient rien pour l\u2019utilisation de cette technique.<\/p>\n\n\n\n<figure class=\"wp-block-image size-large\"><img loading=\"lazy\" decoding=\"async\" width=\"1024\" height=\"624\" src=\"https:\/\/www.lesvigiesduminou.bzh\/wp-content\/uploads\/2022\/02\/Bon-de-sable-1982-mairie-de-Plouzane-1024x624.jpg\" alt=\"\" class=\"wp-image-2254\" srcset=\"https:\/\/www.lesvigiesduminou.bzh\/wp-content\/uploads\/2022\/02\/Bon-de-sable-1982-mairie-de-Plouzane-1024x624.jpg 1024w, https:\/\/www.lesvigiesduminou.bzh\/wp-content\/uploads\/2022\/02\/Bon-de-sable-1982-mairie-de-Plouzane-300x183.jpg 300w, https:\/\/www.lesvigiesduminou.bzh\/wp-content\/uploads\/2022\/02\/Bon-de-sable-1982-mairie-de-Plouzane-768x468.jpg 768w, https:\/\/www.lesvigiesduminou.bzh\/wp-content\/uploads\/2022\/02\/Bon-de-sable-1982-mairie-de-Plouzane-1536x936.jpg 1536w, https:\/\/www.lesvigiesduminou.bzh\/wp-content\/uploads\/2022\/02\/Bon-de-sable-1982-mairie-de-Plouzane-24x15.jpg 24w, https:\/\/www.lesvigiesduminou.bzh\/wp-content\/uploads\/2022\/02\/Bon-de-sable-1982-mairie-de-Plouzane-36x22.jpg 36w, https:\/\/www.lesvigiesduminou.bzh\/wp-content\/uploads\/2022\/02\/Bon-de-sable-1982-mairie-de-Plouzane-48x29.jpg 48w, https:\/\/www.lesvigiesduminou.bzh\/wp-content\/uploads\/2022\/02\/Bon-de-sable-1982-mairie-de-Plouzane.jpg 2012w\" sizes=\"auto, (max-width: 1024px) 100vw, 1024px\" \/><figcaption class=\"wp-element-caption\">Archives Plouzan\u00e9 &#8211; Bon pour 15 m3 <\/figcaption><\/figure>\n\n\n\n<p>Nous \u00e9tions parfois jusqu\u2019\u00e0 dix agriculteurs \u00e0 travailler sur la plage. On payait une taxe pas excessive et l\u2019on pouvait pr\u00e9lever 15m3. La mairie ou les affaires maritimes d\u00e9livraient ces bons. Les gendarmes maritimes passaient, de temps en temps, pour voir si tout \u00e9tait en r\u00e8gle.<\/p>\n\n\n\n<p>Il y avait une p\u00e9riode autoris\u00e9e d\u2019 octobre \u00e0 mai. C\u2019\u00e9tait du travail dur, mais on aimait ces journ\u00e9es.&nbsp;<\/p>\n\n\n\n<figure class=\"wp-block-image size-large\"><img loading=\"lazy\" decoding=\"async\" width=\"1024\" height=\"601\" src=\"https:\/\/www.lesvigiesduminou.bzh\/wp-content\/uploads\/2022\/02\/Les-chevaux-du-Minou-Alain-Rioual-1024x601.jpg\" alt=\"\" class=\"wp-image-2234\" srcset=\"https:\/\/www.lesvigiesduminou.bzh\/wp-content\/uploads\/2022\/02\/Les-chevaux-du-Minou-Alain-Rioual-1024x601.jpg 1024w, https:\/\/www.lesvigiesduminou.bzh\/wp-content\/uploads\/2022\/02\/Les-chevaux-du-Minou-Alain-Rioual-300x176.jpg 300w, https:\/\/www.lesvigiesduminou.bzh\/wp-content\/uploads\/2022\/02\/Les-chevaux-du-Minou-Alain-Rioual-768x451.jpg 768w, https:\/\/www.lesvigiesduminou.bzh\/wp-content\/uploads\/2022\/02\/Les-chevaux-du-Minou-Alain-Rioual-24x14.jpg 24w, https:\/\/www.lesvigiesduminou.bzh\/wp-content\/uploads\/2022\/02\/Les-chevaux-du-Minou-Alain-Rioual-36x21.jpg 36w, https:\/\/www.lesvigiesduminou.bzh\/wp-content\/uploads\/2022\/02\/Les-chevaux-du-Minou-Alain-Rioual-48x28.jpg 48w, https:\/\/www.lesvigiesduminou.bzh\/wp-content\/uploads\/2022\/02\/Les-chevaux-du-Minou-Alain-Rioual.jpg 1184w\" sizes=\"auto, (max-width: 1024px) 100vw, 1024px\" \/><figcaption class=\"wp-element-caption\">\u00a9 Collection Alain Rioual &#8211; Les chevaux au travail sur la plage du Minou.<\/figcaption><\/figure>\n\n\n\n<p>Mme Carrette, la tenanci\u00e8re du bar, avait ses affaires qui marchaient bien ces journ\u00e9es. Elle proposait des repas, des casse-cro\u00fbtes, et bien s\u00fbr des boissons. On \u00e9tait dans les ann\u00e9es 1970.&nbsp;Mme Porsmoguer tenait le bistrot un peu plus haut.  <\/p>\n\n\n\n<p>A c\u00f4t\u00e9 de nous, Jean Rioual \u00e9tait entrepreneur. Il tirait du sable pour les autres. Jean avait bricol\u00e9 une jeep.&nbsp; Il avait \u00e9quip\u00e9 cette jeep d\u2019une benne et d\u2019un syst\u00e8me pour benner.&nbsp;<\/p>\n\n\n\n<p>Les agriculteurs qui avaient des fermes plus loin payaient un transporteur ou venaient se mettre sous la tr\u00e9mie construite en haut de la plage.<\/p>\n\n\n\n<figure class=\"wp-block-image size-large\"><img loading=\"lazy\" decoding=\"async\" width=\"1024\" height=\"538\" src=\"https:\/\/www.lesvigiesduminou.bzh\/wp-content\/uploads\/2022\/02\/1982-quota-autorise-affaires-maritimes-1024x538.jpg\" alt=\"\" class=\"wp-image-2253\" srcset=\"https:\/\/www.lesvigiesduminou.bzh\/wp-content\/uploads\/2022\/02\/1982-quota-autorise-affaires-maritimes-1024x538.jpg 1024w, https:\/\/www.lesvigiesduminou.bzh\/wp-content\/uploads\/2022\/02\/1982-quota-autorise-affaires-maritimes-300x158.jpg 300w, https:\/\/www.lesvigiesduminou.bzh\/wp-content\/uploads\/2022\/02\/1982-quota-autorise-affaires-maritimes-768x404.jpg 768w, https:\/\/www.lesvigiesduminou.bzh\/wp-content\/uploads\/2022\/02\/1982-quota-autorise-affaires-maritimes-1536x807.jpg 1536w, https:\/\/www.lesvigiesduminou.bzh\/wp-content\/uploads\/2022\/02\/1982-quota-autorise-affaires-maritimes-24x13.jpg 24w, https:\/\/www.lesvigiesduminou.bzh\/wp-content\/uploads\/2022\/02\/1982-quota-autorise-affaires-maritimes-36x19.jpg 36w, https:\/\/www.lesvigiesduminou.bzh\/wp-content\/uploads\/2022\/02\/1982-quota-autorise-affaires-maritimes-48x25.jpg 48w, https:\/\/www.lesvigiesduminou.bzh\/wp-content\/uploads\/2022\/02\/1982-quota-autorise-affaires-maritimes.jpg 1566w\" sizes=\"auto, (max-width: 1024px) 100vw, 1024px\" \/><figcaption class=\"wp-element-caption\">Archives Plouzan\u00e9 &#8211; Quota autoris\u00e9 &#8211; 1982<\/figcaption><\/figure>\n\n\n\n<p>Avec la m\u00e9canisation, ce sont des chargeurs qui ont pris la suite. Guy Leroux et son Michigan, chargeait le sable pour ses clients. Le bitume du parking \u00e0 souffert de cette m\u00e9canisation.<\/p>\n\n\n\n<p>Autour de la table, Yvonne son \u00e9pouse, originaire de Plougonvelin, signale que les agriculteurs extrayaient aussi du sable \u00e0 la gr\u00e8ve bleue, en Plougonvelin.&nbsp;<\/p>\n\n\n\n<figure class=\"wp-block-image size-full\"><img loading=\"lazy\" decoding=\"async\" width=\"793\" height=\"738\" src=\"https:\/\/www.lesvigiesduminou.bzh\/wp-content\/uploads\/2022\/02\/Bons-de-sable-1981-1983-Plouzane-copie.jpg\" alt=\"\" class=\"wp-image-2236\" srcset=\"https:\/\/www.lesvigiesduminou.bzh\/wp-content\/uploads\/2022\/02\/Bons-de-sable-1981-1983-Plouzane-copie.jpg 793w, https:\/\/www.lesvigiesduminou.bzh\/wp-content\/uploads\/2022\/02\/Bons-de-sable-1981-1983-Plouzane-copie-300x279.jpg 300w, https:\/\/www.lesvigiesduminou.bzh\/wp-content\/uploads\/2022\/02\/Bons-de-sable-1981-1983-Plouzane-copie-768x715.jpg 768w, https:\/\/www.lesvigiesduminou.bzh\/wp-content\/uploads\/2022\/02\/Bons-de-sable-1981-1983-Plouzane-copie-24x22.jpg 24w, https:\/\/www.lesvigiesduminou.bzh\/wp-content\/uploads\/2022\/02\/Bons-de-sable-1981-1983-Plouzane-copie-36x34.jpg 36w, https:\/\/www.lesvigiesduminou.bzh\/wp-content\/uploads\/2022\/02\/Bons-de-sable-1981-1983-Plouzane-copie-48x45.jpg 48w\" sizes=\"auto, (max-width: 793px) 100vw, 793px\" \/><\/figure>\n\n\n\n<p><strong>Du sable et des algues, pendant plusieurs centaines d\u2019ann\u00e9es probablement, des gr\u00e8ves du Goulet, les paysans tiraient les amendements n\u00e9cessaires&nbsp;\u00e0 leurs cultures. De pr\u00e9l\u00e8vements tr\u00e8s localis\u00e9s, saisonniers avec les chevaux, cette activit\u00e9 avec la m\u00e9canisation prenait un d\u00e9veloppement qui entra\u00eenait une \u00e9rosion acc\u00e9l\u00e9r\u00e9e du littoral.&nbsp;<\/strong><\/p>\n\n\n\n<figure class=\"wp-block-image size-large\"><img loading=\"lazy\" decoding=\"async\" width=\"1024\" height=\"610\" src=\"https:\/\/www.lesvigiesduminou.bzh\/wp-content\/uploads\/2022\/02\/calendreier-amendement-marins-1981-1986-Le-Minou-1024x610.jpg\" alt=\"\" class=\"wp-image-2238\" srcset=\"https:\/\/www.lesvigiesduminou.bzh\/wp-content\/uploads\/2022\/02\/calendreier-amendement-marins-1981-1986-Le-Minou-1024x610.jpg 1024w, https:\/\/www.lesvigiesduminou.bzh\/wp-content\/uploads\/2022\/02\/calendreier-amendement-marins-1981-1986-Le-Minou-300x179.jpg 300w, https:\/\/www.lesvigiesduminou.bzh\/wp-content\/uploads\/2022\/02\/calendreier-amendement-marins-1981-1986-Le-Minou-768x458.jpg 768w, https:\/\/www.lesvigiesduminou.bzh\/wp-content\/uploads\/2022\/02\/calendreier-amendement-marins-1981-1986-Le-Minou-24x14.jpg 24w, https:\/\/www.lesvigiesduminou.bzh\/wp-content\/uploads\/2022\/02\/calendreier-amendement-marins-1981-1986-Le-Minou-36x21.jpg 36w, https:\/\/www.lesvigiesduminou.bzh\/wp-content\/uploads\/2022\/02\/calendreier-amendement-marins-1981-1986-Le-Minou-48x29.jpg 48w, https:\/\/www.lesvigiesduminou.bzh\/wp-content\/uploads\/2022\/02\/calendreier-amendement-marins-1981-1986-Le-Minou.jpg 1339w\" sizes=\"auto, (max-width: 1024px) 100vw, 1024px\" \/><figcaption class=\"wp-element-caption\">1981 &#8211; 1986 P\u00e9riodes d&rsquo;extractions de sables autoris\u00e9es &#8211; Archives municipales Plouzan\u00e9<\/figcaption><\/figure>\n\n\n\n<p>La r\u00e9colte des go\u00e9mons de rive cessa apr\u00e8s guerre avec l\u2019arriv\u00e9e de nouveaux engrais.&nbsp;<\/p>\n\n\n\n<p>La concession mini\u00e8re autorisant les gabares sabli\u00e8res \u00e0 pr\u00e9lever du sable sur le banc du Minou pris fin en 2011.<\/p>\n\n\n\n<figure class=\"wp-block-image size-large\"><img loading=\"lazy\" decoding=\"async\" width=\"1024\" height=\"543\" src=\"https:\/\/www.lesvigiesduminou.bzh\/wp-content\/uploads\/2022\/02\/Sablier-penfoul-1024x543.jpg\" alt=\"\" class=\"wp-image-2240\" srcset=\"https:\/\/www.lesvigiesduminou.bzh\/wp-content\/uploads\/2022\/02\/Sablier-penfoul-1024x543.jpg 1024w, https:\/\/www.lesvigiesduminou.bzh\/wp-content\/uploads\/2022\/02\/Sablier-penfoul-300x159.jpg 300w, https:\/\/www.lesvigiesduminou.bzh\/wp-content\/uploads\/2022\/02\/Sablier-penfoul-768x407.jpg 768w, https:\/\/www.lesvigiesduminou.bzh\/wp-content\/uploads\/2022\/02\/Sablier-penfoul-1536x815.jpg 1536w, https:\/\/www.lesvigiesduminou.bzh\/wp-content\/uploads\/2022\/02\/Sablier-penfoul-24x13.jpg 24w, https:\/\/www.lesvigiesduminou.bzh\/wp-content\/uploads\/2022\/02\/Sablier-penfoul-36x19.jpg 36w, https:\/\/www.lesvigiesduminou.bzh\/wp-content\/uploads\/2022\/02\/Sablier-penfoul-48x25.jpg 48w, https:\/\/www.lesvigiesduminou.bzh\/wp-content\/uploads\/2022\/02\/Sablier-penfoul.jpg 1555w\" sizes=\"auto, (max-width: 1024px) 100vw, 1024px\" \/><figcaption class=\"wp-element-caption\">\u00a9 Yannick Lenouvel &#8211; Le sablier Penfoul au Minou &#8211; <\/figcaption><\/figure>\n\n\n\n<p><strong>\u00ab\u00a0Boutin\u00a0\u00bb <\/strong>voil\u00e0 un mot de plus, une expression  \u00e0 ajouter \u00e0 notre lexique. Une partie de <strong>la r\u00e9colte des algues \u00e9tait  \u00ab\u00a0boutin\u00a0\u00bb<\/strong>. Le fruit de ces efforts et de ce travail collectif \u00e9tait \u00ab\u00a0partag\u00e9\u00a0\u00bb.  Partag\u00e9 comme cet article r\u00e9alis\u00e9 collectivement avec les amis du groupe histoire et patrimoine des Vigies du Minou (ils se reconna\u00eetront). Collecte de m\u00e9moire, recherches dans les archives, investigations sur le terrain, photographies, recherches d&rsquo;illustrations, t\u00e9moignages spontan\u00e9s. Si vous aussi vous souhaitez nous faire part d&rsquo;un projet, d&rsquo;un nouveau sujet qui pourrait nous int\u00e9resser, n&rsquo;h\u00e9sitez pas \u00e0 nous contacter.    <\/p>\n\n\n\n<h2 class=\"wp-block-heading\"><strong>Remerciements<\/strong><\/h2>\n\n\n\n<ul class=\"wp-block-list\">\n<li>M. Prigent Leroux et Alain Rioual pour leurs t\u00e9moignages<\/li>\n\n\n\n<li>M. Gr\u00e9gory Pol pour ses photographies de Plouneour-Trez.<\/li>\n\n\n\n<li>https:\/\/historade.fr<\/li>\n\n\n\n<li>M. Henry Kerisit photographie du chargement d&rsquo;une gabare au Minou<\/li>\n<\/ul>\n\n\n\n<h2 class=\"wp-block-heading\"><strong>Sources<\/strong><\/h2>\n\n\n\n<ul class=\"wp-block-list\">\n<li> A l&rsquo;ombre de deux clochers &#8211; Mme Yvonne Briant-Cadiou.  La vie de tous les jours \u00e0 Plouzan\u00e9 &#8211; Editions Nouvelles du Finist\u00e8re 1994<\/li>\n\n\n\n<li> La r\u00e9colte du go\u00e9mon sur la c\u00f4te Plouzan\u00e9enne &#8211; M. Jean-Fran\u00e7ois SIMON &#8211; Les cahiers de l&rsquo;Iroise N\u00b0 193 &#8211; Mai 2002<\/li>\n<\/ul>\n\n\n\n<ul class=\"wp-block-list\">\n<li>Plouzan\u00e9, l\u2019album du si\u00e8cle R\u00e9gis Louarn publi\u00e9 au T\u00e9l\u00e9gramme en 2004.<\/li>\n<\/ul>\n\n\n\n<ul class=\"wp-block-list\">\n<li>Traezh &#8211; Sables marins et voiliers de travail &#8211; Jacques Blanken  &#8211; SKOL VREIZH<\/li>\n\n\n\n<li>Les archives d\u00e9partementales du Finist\u00e8re &#8211; Quimper<\/li>\n\n\n\n<li>Les archives municipales de Plouzan\u00e9 <\/li>\n\n\n\n<li>BNF Gallica &#8211; Presse ancienne du Finist\u00e8re<\/li>\n<\/ul>\n","protected":false},"excerpt":{"rendered":"<p>Une terre plus fertile Des femmes, des hommes, des chevaux, du sable et des algues. Jadis, la r\u00e9colte des go\u00e9mons d\u2019\u00e9pave arrach\u00e9s [&hellip;]<\/p>\n","protected":false},"author":23,"featured_media":2227,"comment_status":"open","ping_status":"open","sticky":false,"template":"","format":"standard","meta":{"footnotes":""},"categories":[44,43,19],"tags":[116,27,112,113,115,114],"class_list":["post-2180","post","type-post","status-publish","format-standard","has-post-thumbnail","hentry","category-le-dellec","category-petit-minou","category-minoupedia","tag-amendements","tag-bagou-minou","tag-goemon-2","tag-kazeken","tag-sable-coquiller","tag-traezh"],"_links":{"self":[{"href":"https:\/\/www.lesvigiesduminou.bzh\/index.php\/wp-json\/wp\/v2\/posts\/2180","targetHints":{"allow":["GET"]}}],"collection":[{"href":"https:\/\/www.lesvigiesduminou.bzh\/index.php\/wp-json\/wp\/v2\/posts"}],"about":[{"href":"https:\/\/www.lesvigiesduminou.bzh\/index.php\/wp-json\/wp\/v2\/types\/post"}],"author":[{"embeddable":true,"href":"https:\/\/www.lesvigiesduminou.bzh\/index.php\/wp-json\/wp\/v2\/users\/23"}],"replies":[{"embeddable":true,"href":"https:\/\/www.lesvigiesduminou.bzh\/index.php\/wp-json\/wp\/v2\/comments?post=2180"}],"version-history":[{"count":81,"href":"https:\/\/www.lesvigiesduminou.bzh\/index.php\/wp-json\/wp\/v2\/posts\/2180\/revisions"}],"predecessor-version":[{"id":4067,"href":"https:\/\/www.lesvigiesduminou.bzh\/index.php\/wp-json\/wp\/v2\/posts\/2180\/revisions\/4067"}],"wp:featuredmedia":[{"embeddable":true,"href":"https:\/\/www.lesvigiesduminou.bzh\/index.php\/wp-json\/wp\/v2\/media\/2227"}],"wp:attachment":[{"href":"https:\/\/www.lesvigiesduminou.bzh\/index.php\/wp-json\/wp\/v2\/media?parent=2180"}],"wp:term":[{"taxonomy":"category","embeddable":true,"href":"https:\/\/www.lesvigiesduminou.bzh\/index.php\/wp-json\/wp\/v2\/categories?post=2180"},{"taxonomy":"post_tag","embeddable":true,"href":"https:\/\/www.lesvigiesduminou.bzh\/index.php\/wp-json\/wp\/v2\/tags?post=2180"}],"curies":[{"name":"wp","href":"https:\/\/api.w.org\/{rel}","templated":true}]}}