{"id":1920,"date":"2022-01-02T10:22:00","date_gmt":"2022-01-02T09:22:00","guid":{"rendered":"https:\/\/www.lesvigiesduminou.bzh\/?p=1920"},"modified":"2023-01-06T12:57:03","modified_gmt":"2023-01-06T11:57:03","slug":"enquete-en-cours-la-pyramide-du-minou","status":"publish","type":"post","link":"https:\/\/www.lesvigiesduminou.bzh\/index.php\/2022\/01\/02\/enquete-en-cours-la-pyramide-du-minou\/","title":{"rendered":"Enqu\u00eate en cours : la pyramide du Minou"},"content":{"rendered":"\n<p class=\"has-background\" style=\"background-color:#b9c8d4\"><em>Avec cette publication, nous inaugurons un nouveau type d&rsquo;articles: les \u00ab\u00a0enqu\u00eates en cours\u00a0\u00bb. Il s&rsquo;agit d&rsquo;un essai d&rsquo;<strong>enqu\u00eate participative<\/strong>, o\u00f9 nous vous proposons nos hypoth\u00e8ses, r\u00e9flexions et questions sur un sujet, et o\u00f9 vous pouvez nous apporter vos contributions et id\u00e9es via les commentaires en bas de l&rsquo;article, ou par <a href=\"mailto:histoirelocale@lesvigiesduminou.bzh\" data-type=\"mailto\" data-id=\"mailto:histoirelocale@lesvigiesduminou.bzh\">e-mail<\/a>.<\/em><\/p>\n\n\n\n<p>Cette enqu\u00eate concerne la fameuse \u00ab\u00a0pyramide du Minou\u00a0\u00bb, qui se situe \u00e0 450m \u00e0 l&rsquo;Est du phare de la pointe du Petit-Minou, sur la rive Nord du Goulet de Brest, en direction de Brest. Elle est visible du pied du phare, comme on peut le voir sur les clich\u00e9s suivants. <\/p>\n\n\n\n<figure class=\"wp-block-gallery has-nested-images columns-default is-cropped wp-block-gallery-1 is-layout-flex wp-block-gallery-is-layout-flex\">\n<figure class=\"wp-block-image size-large\"><a href=\"https:\/\/www.lesvigiesduminou.bzh\/wp-content\/uploads\/2022\/01\/pyramide-vue-du-Minou-1.png\"><img loading=\"lazy\" decoding=\"async\" width=\"1024\" height=\"1024\" data-id=\"1923\" src=\"https:\/\/www.lesvigiesduminou.bzh\/wp-content\/uploads\/2022\/01\/pyramide-vue-du-Minou-1-1024x1024.png\" alt=\"\" class=\"wp-image-1923\" srcset=\"https:\/\/www.lesvigiesduminou.bzh\/wp-content\/uploads\/2022\/01\/pyramide-vue-du-Minou-1-1024x1024.png 1024w, https:\/\/www.lesvigiesduminou.bzh\/wp-content\/uploads\/2022\/01\/pyramide-vue-du-Minou-1-300x300.png 300w, https:\/\/www.lesvigiesduminou.bzh\/wp-content\/uploads\/2022\/01\/pyramide-vue-du-Minou-1-150x150.png 150w, https:\/\/www.lesvigiesduminou.bzh\/wp-content\/uploads\/2022\/01\/pyramide-vue-du-Minou-1-768x768.png 768w, https:\/\/www.lesvigiesduminou.bzh\/wp-content\/uploads\/2022\/01\/pyramide-vue-du-Minou-1-1536x1536.png 1536w, https:\/\/www.lesvigiesduminou.bzh\/wp-content\/uploads\/2022\/01\/pyramide-vue-du-Minou-1-24x24.png 24w, https:\/\/www.lesvigiesduminou.bzh\/wp-content\/uploads\/2022\/01\/pyramide-vue-du-Minou-1-36x36.png 36w, https:\/\/www.lesvigiesduminou.bzh\/wp-content\/uploads\/2022\/01\/pyramide-vue-du-Minou-1-48x48.png 48w, https:\/\/www.lesvigiesduminou.bzh\/wp-content\/uploads\/2022\/01\/pyramide-vue-du-Minou-1.png 1731w\" sizes=\"auto, (max-width: 1024px) 100vw, 1024px\" \/><\/a><figcaption class=\"wp-element-caption\">Pyramide vue de la pointe du Petit-Minou<\/figcaption><\/figure>\n\n\n\n<figure class=\"wp-block-image size-large\"><a href=\"https:\/\/www.lesvigiesduminou.bzh\/wp-content\/uploads\/2022\/01\/pyramide-et-phare.png\"><img loading=\"lazy\" decoding=\"async\" width=\"936\" height=\"1024\" data-id=\"1924\" src=\"https:\/\/www.lesvigiesduminou.bzh\/wp-content\/uploads\/2022\/01\/pyramide-et-phare-936x1024.png\" alt=\"\" class=\"wp-image-1924\" srcset=\"https:\/\/www.lesvigiesduminou.bzh\/wp-content\/uploads\/2022\/01\/pyramide-et-phare-936x1024.png 936w, https:\/\/www.lesvigiesduminou.bzh\/wp-content\/uploads\/2022\/01\/pyramide-et-phare-274x300.png 274w, https:\/\/www.lesvigiesduminou.bzh\/wp-content\/uploads\/2022\/01\/pyramide-et-phare-768x841.png 768w, https:\/\/www.lesvigiesduminou.bzh\/wp-content\/uploads\/2022\/01\/pyramide-et-phare-1403x1536.png 1403w, https:\/\/www.lesvigiesduminou.bzh\/wp-content\/uploads\/2022\/01\/pyramide-et-phare-1871x2048.png 1871w, https:\/\/www.lesvigiesduminou.bzh\/wp-content\/uploads\/2022\/01\/pyramide-et-phare-22x24.png 22w, https:\/\/www.lesvigiesduminou.bzh\/wp-content\/uploads\/2022\/01\/pyramide-et-phare-33x36.png 33w, https:\/\/www.lesvigiesduminou.bzh\/wp-content\/uploads\/2022\/01\/pyramide-et-phare-44x48.png 44w\" sizes=\"auto, (max-width: 936px) 100vw, 936px\" \/><\/a><figcaption class=\"wp-element-caption\">Phare du Petit-Minou et la pyramide<\/figcaption><\/figure>\n<\/figure>\n\n\n\n<p>La rumeur \u201cpopulaire\u201d veut qu\u2019il s\u2019agit d\u2019un amer, c&rsquo;est-\u00e0-dire d\u2019un point de rep\u00e8re fixe et identifiable sans ambigu\u00eft\u00e9 utilis\u00e9 pour la navigation maritime, et qui daterait du milieu du 19e si\u00e8cle. <\/p>\n\n\n\n<h2 class=\"wp-block-heading\">Un amer ? <\/h2>\n\n\n\n<p>Or qui dit amer, dit aussi rep\u00e8re sur des cartes marines. Cependant, malgr\u00e9 nos recherches sur le portail <a rel=\"noreferrer noopener\" href=\"https:\/\/data.shom.fr\/\" target=\"_blank\">data.shom.fr<\/a> du SHOM <span class=\"footnote_referrer\"><a role=\"button\" tabindex=\"0\" onclick=\"footnote_moveToReference_1920_1('footnote_plugin_reference_1920_1_1');\" onkeypress=\"footnote_moveToReference_1920_1('footnote_plugin_reference_1920_1_1');\" ><sup id=\"footnote_plugin_tooltip_1920_1_1\" class=\"footnote_plugin_tooltip_text\">[1]<\/sup><\/a><span id=\"footnote_plugin_tooltip_text_1920_1_1\" class=\"footnote_tooltip\">Le Service Hydrographique et Oc\u00e9anographique de la Marine, en charge de la description et de la pr\u00e9vision des oc\u00e9ans, et notamment de la cr\u00e9ation des cartes marines<\/span><\/span><script type=\"text\/javascript\"> jQuery('#footnote_plugin_tooltip_1920_1_1').tooltip({ tip: '#footnote_plugin_tooltip_text_1920_1_1', tipClass: 'footnote_tooltip', effect: 'fade', predelay: 0, fadeInSpeed: 200, delay: 400, fadeOutSpeed: 200, position: 'top center', relative: true, offset: [-7, 0], });<\/script>, nous n&rsquo;avons rep\u00e9r\u00e9 la pyramide que sur une seule carte marine, datant de 1977, \u00e9dit\u00e9e en 1992, et corrig\u00e9e en 1995 (voir image ci-apr\u00e8s). <\/p>\n\n\n\n<figure class=\"wp-block-gallery has-nested-images columns-default is-cropped wp-block-gallery-2 is-layout-flex wp-block-gallery-is-layout-flex\">\n<figure class=\"wp-block-image size-large\"><a href=\"https:\/\/www.lesvigiesduminou.bzh\/wp-content\/uploads\/2022\/01\/carte-marine-1977.png\"><img loading=\"lazy\" decoding=\"async\" width=\"1024\" height=\"672\" data-id=\"1929\" src=\"https:\/\/www.lesvigiesduminou.bzh\/wp-content\/uploads\/2022\/01\/carte-marine-1977-1024x672.png\" alt=\"\" class=\"wp-image-1929\" srcset=\"https:\/\/www.lesvigiesduminou.bzh\/wp-content\/uploads\/2022\/01\/carte-marine-1977-1024x672.png 1024w, https:\/\/www.lesvigiesduminou.bzh\/wp-content\/uploads\/2022\/01\/carte-marine-1977-300x197.png 300w, https:\/\/www.lesvigiesduminou.bzh\/wp-content\/uploads\/2022\/01\/carte-marine-1977-768x504.png 768w, https:\/\/www.lesvigiesduminou.bzh\/wp-content\/uploads\/2022\/01\/carte-marine-1977-24x16.png 24w, https:\/\/www.lesvigiesduminou.bzh\/wp-content\/uploads\/2022\/01\/carte-marine-1977-36x24.png 36w, https:\/\/www.lesvigiesduminou.bzh\/wp-content\/uploads\/2022\/01\/carte-marine-1977-48x31.png 48w, https:\/\/www.lesvigiesduminou.bzh\/wp-content\/uploads\/2022\/01\/carte-marine-1977.png 1207w\" sizes=\"auto, (max-width: 1024px) 100vw, 1024px\" \/><\/a><figcaption class=\"wp-element-caption\">La pyramide recens\u00e9e comme un amer<\/figcaption><\/figure>\n\n\n\n<figure class=\"wp-block-image size-large\"><a href=\"https:\/\/www.lesvigiesduminou.bzh\/wp-content\/uploads\/2022\/01\/Screenshot-from-2022-01-15-12-14-57.png\"><img loading=\"lazy\" decoding=\"async\" width=\"686\" height=\"384\" data-id=\"1930\" src=\"https:\/\/www.lesvigiesduminou.bzh\/wp-content\/uploads\/2022\/01\/Screenshot-from-2022-01-15-12-14-57.png\" alt=\"\" class=\"wp-image-1930\" srcset=\"https:\/\/www.lesvigiesduminou.bzh\/wp-content\/uploads\/2022\/01\/Screenshot-from-2022-01-15-12-14-57.png 686w, https:\/\/www.lesvigiesduminou.bzh\/wp-content\/uploads\/2022\/01\/Screenshot-from-2022-01-15-12-14-57-300x168.png 300w, https:\/\/www.lesvigiesduminou.bzh\/wp-content\/uploads\/2022\/01\/Screenshot-from-2022-01-15-12-14-57-24x13.png 24w, https:\/\/www.lesvigiesduminou.bzh\/wp-content\/uploads\/2022\/01\/Screenshot-from-2022-01-15-12-14-57-36x20.png 36w, https:\/\/www.lesvigiesduminou.bzh\/wp-content\/uploads\/2022\/01\/Screenshot-from-2022-01-15-12-14-57-48x27.png 48w\" sizes=\"auto, (max-width: 686px) 100vw, 686px\" \/><\/a><figcaption class=\"wp-element-caption\">Symbole similaire utilis\u00e9 pour la tour de la Roche Mengam, au centre du goulet<\/figcaption><\/figure>\n<figcaption class=\"blocks-gallery-caption wp-element-caption\">2 extraits de la carte marine de 1977 du SHOM, t\u00e9l\u00e9chargeable sur <a rel=\"noreferrer noopener\" href=\"https:\/\/data.shom.fr\/\" target=\"_blank\">data.shom.fr<\/a><\/figcaption><\/figure>\n\n\n\n<p>La pyramide n&rsquo;appara\u00eet ni sur des cartes plus r\u00e9centes, ni sur des cartes plus anciennes, ou m\u00eame les minutes hydrographiques anciennes du SHOM. Ci-dessous quelques extraits de cartes datant de 1822 \u00e0 1955. <\/p>\n\n\n\n<figure class=\"wp-block-gallery has-nested-images columns-default is-cropped wp-block-gallery-3 is-layout-flex wp-block-gallery-is-layout-flex\">\n<figure class=\"wp-block-image size-large\"><a href=\"https:\/\/www.lesvigiesduminou.bzh\/wp-content\/uploads\/2022\/01\/cm-1953.png\"><img loading=\"lazy\" decoding=\"async\" width=\"826\" height=\"624\" data-id=\"1931\" src=\"https:\/\/www.lesvigiesduminou.bzh\/wp-content\/uploads\/2022\/01\/cm-1953.png\" alt=\"\" class=\"wp-image-1931\" srcset=\"https:\/\/www.lesvigiesduminou.bzh\/wp-content\/uploads\/2022\/01\/cm-1953.png 826w, https:\/\/www.lesvigiesduminou.bzh\/wp-content\/uploads\/2022\/01\/cm-1953-300x227.png 300w, https:\/\/www.lesvigiesduminou.bzh\/wp-content\/uploads\/2022\/01\/cm-1953-768x580.png 768w, https:\/\/www.lesvigiesduminou.bzh\/wp-content\/uploads\/2022\/01\/cm-1953-24x18.png 24w, https:\/\/www.lesvigiesduminou.bzh\/wp-content\/uploads\/2022\/01\/cm-1953-36x27.png 36w, https:\/\/www.lesvigiesduminou.bzh\/wp-content\/uploads\/2022\/01\/cm-1953-48x36.png 48w\" sizes=\"auto, (max-width: 826px) 100vw, 826px\" \/><\/a><figcaption class=\"wp-element-caption\">1953<\/figcaption><\/figure>\n\n\n\n<figure class=\"wp-block-image size-large\"><a href=\"https:\/\/www.lesvigiesduminou.bzh\/wp-content\/uploads\/2022\/01\/cm-1911.png\"><img loading=\"lazy\" decoding=\"async\" width=\"762\" height=\"630\" data-id=\"1932\" src=\"https:\/\/www.lesvigiesduminou.bzh\/wp-content\/uploads\/2022\/01\/cm-1911.png\" alt=\"\" class=\"wp-image-1932\" srcset=\"https:\/\/www.lesvigiesduminou.bzh\/wp-content\/uploads\/2022\/01\/cm-1911.png 762w, https:\/\/www.lesvigiesduminou.bzh\/wp-content\/uploads\/2022\/01\/cm-1911-300x248.png 300w, https:\/\/www.lesvigiesduminou.bzh\/wp-content\/uploads\/2022\/01\/cm-1911-24x20.png 24w, https:\/\/www.lesvigiesduminou.bzh\/wp-content\/uploads\/2022\/01\/cm-1911-36x30.png 36w, https:\/\/www.lesvigiesduminou.bzh\/wp-content\/uploads\/2022\/01\/cm-1911-48x40.png 48w\" sizes=\"auto, (max-width: 762px) 100vw, 762px\" \/><\/a><figcaption class=\"wp-element-caption\">1911<\/figcaption><\/figure>\n\n\n\n<figure class=\"wp-block-image size-large\"><a href=\"https:\/\/www.lesvigiesduminou.bzh\/wp-content\/uploads\/2022\/01\/cm-1880.png\"><img loading=\"lazy\" decoding=\"async\" width=\"862\" height=\"568\" data-id=\"1933\" src=\"https:\/\/www.lesvigiesduminou.bzh\/wp-content\/uploads\/2022\/01\/cm-1880.png\" alt=\"\" class=\"wp-image-1933\" srcset=\"https:\/\/www.lesvigiesduminou.bzh\/wp-content\/uploads\/2022\/01\/cm-1880.png 862w, https:\/\/www.lesvigiesduminou.bzh\/wp-content\/uploads\/2022\/01\/cm-1880-300x198.png 300w, https:\/\/www.lesvigiesduminou.bzh\/wp-content\/uploads\/2022\/01\/cm-1880-768x506.png 768w, https:\/\/www.lesvigiesduminou.bzh\/wp-content\/uploads\/2022\/01\/cm-1880-24x16.png 24w, https:\/\/www.lesvigiesduminou.bzh\/wp-content\/uploads\/2022\/01\/cm-1880-36x24.png 36w, https:\/\/www.lesvigiesduminou.bzh\/wp-content\/uploads\/2022\/01\/cm-1880-48x32.png 48w\" sizes=\"auto, (max-width: 862px) 100vw, 862px\" \/><\/a><figcaption class=\"wp-element-caption\">1880<\/figcaption><\/figure>\n\n\n\n<figure class=\"wp-block-image size-large\"><a href=\"https:\/\/www.lesvigiesduminou.bzh\/wp-content\/uploads\/2022\/01\/cm-1822.png\"><img loading=\"lazy\" decoding=\"async\" width=\"1024\" height=\"888\" data-id=\"1934\" src=\"https:\/\/www.lesvigiesduminou.bzh\/wp-content\/uploads\/2022\/01\/cm-1822-1024x888.png\" alt=\"\" class=\"wp-image-1934\" srcset=\"https:\/\/www.lesvigiesduminou.bzh\/wp-content\/uploads\/2022\/01\/cm-1822-1024x888.png 1024w, https:\/\/www.lesvigiesduminou.bzh\/wp-content\/uploads\/2022\/01\/cm-1822-300x260.png 300w, https:\/\/www.lesvigiesduminou.bzh\/wp-content\/uploads\/2022\/01\/cm-1822-768x666.png 768w, https:\/\/www.lesvigiesduminou.bzh\/wp-content\/uploads\/2022\/01\/cm-1822-24x21.png 24w, https:\/\/www.lesvigiesduminou.bzh\/wp-content\/uploads\/2022\/01\/cm-1822-36x31.png 36w, https:\/\/www.lesvigiesduminou.bzh\/wp-content\/uploads\/2022\/01\/cm-1822-48x42.png 48w, https:\/\/www.lesvigiesduminou.bzh\/wp-content\/uploads\/2022\/01\/cm-1822.png 1370w\" sizes=\"auto, (max-width: 1024px) 100vw, 1024px\" \/><\/a><figcaption class=\"wp-element-caption\">1822<\/figcaption><\/figure>\n<figcaption class=\"blocks-gallery-caption wp-element-caption\">Extraits de plusieurs cartes marines du SHOM, t\u00e9l\u00e9chargeables sur <a rel=\"noreferrer noopener\" href=\"https:\/\/data.shom.fr\/\" target=\"_blank\">data.shom.fr<\/a><\/figcaption><\/figure>\n\n\n\n<p>On voit bien sur la carte de 1822 qu&rsquo;au dessus de la pyramide il y avait un s\u00e9maphore au 19e si\u00e8cle. Ce s\u00e9maphore a \u00e9t\u00e9 d\u00e9truit \u00e0 la fin du 19e si\u00e8cle, comme en t\u00e9moignent les annotations \u00ab\u00a0ancien s\u00e9maphore\u00a0\u00bb sur les cartes de 1911 et 1953. Sur la carte de 1822 la structure circulaire \u00e0 droite du s\u00e9maphore repr\u00e9sente une batterie de mortiers. <\/p>\n\n\n\n<p>Il est donc difficile, voire impossible pour le moment, de dater la pyramide en s&rsquo;appuyant sur la base des cartes marines. <\/p>\n\n\n\n<h2 class=\"wp-block-heading\">Une pyramide dans son environnement<\/h2>\n\n\n\n<p>Les clich\u00e9s suivants montrent la pyramide, pos\u00e9e sur un genre de m\u00f4le ou de plateforme, situ\u00e9 l\u00e9g\u00e8rement au-dessus du niveau de la mer. La pyramide est construite en pierre, tout comme la plateforme.  <\/p>\n\n\n\n<figure class=\"wp-block-gallery has-nested-images columns-2 wp-block-gallery-4 is-layout-flex wp-block-gallery-is-layout-flex\">\n<figure class=\"wp-block-image size-large\"><a href=\"https:\/\/www.lesvigiesduminou.bzh\/wp-content\/uploads\/2022\/01\/PXL_20211212_150536895-scaled.jpg\"><img loading=\"lazy\" decoding=\"async\" width=\"771\" height=\"1024\" data-id=\"1941\" src=\"https:\/\/www.lesvigiesduminou.bzh\/wp-content\/uploads\/2022\/01\/PXL_20211212_150536895-771x1024.jpg\" alt=\"\" class=\"wp-image-1941\" srcset=\"https:\/\/www.lesvigiesduminou.bzh\/wp-content\/uploads\/2022\/01\/PXL_20211212_150536895-771x1024.jpg 771w, https:\/\/www.lesvigiesduminou.bzh\/wp-content\/uploads\/2022\/01\/PXL_20211212_150536895-226x300.jpg 226w, https:\/\/www.lesvigiesduminou.bzh\/wp-content\/uploads\/2022\/01\/PXL_20211212_150536895-768x1020.jpg 768w, https:\/\/www.lesvigiesduminou.bzh\/wp-content\/uploads\/2022\/01\/PXL_20211212_150536895-1157x1536.jpg 1157w, https:\/\/www.lesvigiesduminou.bzh\/wp-content\/uploads\/2022\/01\/PXL_20211212_150536895-1542x2048.jpg 1542w, https:\/\/www.lesvigiesduminou.bzh\/wp-content\/uploads\/2022\/01\/PXL_20211212_150536895-18x24.jpg 18w, https:\/\/www.lesvigiesduminou.bzh\/wp-content\/uploads\/2022\/01\/PXL_20211212_150536895-27x36.jpg 27w, https:\/\/www.lesvigiesduminou.bzh\/wp-content\/uploads\/2022\/01\/PXL_20211212_150536895-36x48.jpg 36w, https:\/\/www.lesvigiesduminou.bzh\/wp-content\/uploads\/2022\/01\/PXL_20211212_150536895-scaled.jpg 1928w\" sizes=\"auto, (max-width: 771px) 100vw, 771px\" \/><\/a><figcaption class=\"wp-element-caption\">C\u00f4t\u00e9 Est de la pyramide<\/figcaption><\/figure>\n\n\n\n<figure class=\"wp-block-image size-large\"><a href=\"https:\/\/www.lesvigiesduminou.bzh\/wp-content\/uploads\/2022\/01\/PXL_20211212_151338224-scaled.jpg\"><img loading=\"lazy\" decoding=\"async\" width=\"771\" height=\"1024\" data-id=\"1940\" src=\"https:\/\/www.lesvigiesduminou.bzh\/wp-content\/uploads\/2022\/01\/PXL_20211212_151338224-771x1024.jpg\" alt=\"\" class=\"wp-image-1940\" srcset=\"https:\/\/www.lesvigiesduminou.bzh\/wp-content\/uploads\/2022\/01\/PXL_20211212_151338224-771x1024.jpg 771w, https:\/\/www.lesvigiesduminou.bzh\/wp-content\/uploads\/2022\/01\/PXL_20211212_151338224-226x300.jpg 226w, https:\/\/www.lesvigiesduminou.bzh\/wp-content\/uploads\/2022\/01\/PXL_20211212_151338224-768x1020.jpg 768w, https:\/\/www.lesvigiesduminou.bzh\/wp-content\/uploads\/2022\/01\/PXL_20211212_151338224-1157x1536.jpg 1157w, https:\/\/www.lesvigiesduminou.bzh\/wp-content\/uploads\/2022\/01\/PXL_20211212_151338224-1542x2048.jpg 1542w, https:\/\/www.lesvigiesduminou.bzh\/wp-content\/uploads\/2022\/01\/PXL_20211212_151338224-18x24.jpg 18w, https:\/\/www.lesvigiesduminou.bzh\/wp-content\/uploads\/2022\/01\/PXL_20211212_151338224-27x36.jpg 27w, https:\/\/www.lesvigiesduminou.bzh\/wp-content\/uploads\/2022\/01\/PXL_20211212_151338224-36x48.jpg 36w, https:\/\/www.lesvigiesduminou.bzh\/wp-content\/uploads\/2022\/01\/PXL_20211212_151338224-scaled.jpg 1928w\" sizes=\"auto, (max-width: 771px) 100vw, 771px\" \/><\/a><figcaption class=\"wp-element-caption\">C\u00f4t\u00e9 Ouest<\/figcaption><\/figure>\n\n\n\n<figure class=\"wp-block-image size-large\"><a href=\"https:\/\/www.lesvigiesduminou.bzh\/wp-content\/uploads\/2022\/01\/PXL_20211212_151430724-scaled.jpg\"><img loading=\"lazy\" decoding=\"async\" width=\"771\" height=\"1024\" data-id=\"1939\" src=\"https:\/\/www.lesvigiesduminou.bzh\/wp-content\/uploads\/2022\/01\/PXL_20211212_151430724-771x1024.jpg\" alt=\"\" class=\"wp-image-1939\" srcset=\"https:\/\/www.lesvigiesduminou.bzh\/wp-content\/uploads\/2022\/01\/PXL_20211212_151430724-771x1024.jpg 771w, https:\/\/www.lesvigiesduminou.bzh\/wp-content\/uploads\/2022\/01\/PXL_20211212_151430724-226x300.jpg 226w, https:\/\/www.lesvigiesduminou.bzh\/wp-content\/uploads\/2022\/01\/PXL_20211212_151430724-768x1020.jpg 768w, https:\/\/www.lesvigiesduminou.bzh\/wp-content\/uploads\/2022\/01\/PXL_20211212_151430724-1157x1536.jpg 1157w, https:\/\/www.lesvigiesduminou.bzh\/wp-content\/uploads\/2022\/01\/PXL_20211212_151430724-1542x2048.jpg 1542w, https:\/\/www.lesvigiesduminou.bzh\/wp-content\/uploads\/2022\/01\/PXL_20211212_151430724-18x24.jpg 18w, https:\/\/www.lesvigiesduminou.bzh\/wp-content\/uploads\/2022\/01\/PXL_20211212_151430724-27x36.jpg 27w, https:\/\/www.lesvigiesduminou.bzh\/wp-content\/uploads\/2022\/01\/PXL_20211212_151430724-36x48.jpg 36w, https:\/\/www.lesvigiesduminou.bzh\/wp-content\/uploads\/2022\/01\/PXL_20211212_151430724-scaled.jpg 1928w\" sizes=\"auto, (max-width: 771px) 100vw, 771px\" \/><\/a><figcaption class=\"wp-element-caption\">Vu des rochers, c\u00f4t\u00e9 Ouest<\/figcaption><\/figure>\n\n\n\n<figure class=\"wp-block-image size-large\"><a href=\"https:\/\/www.lesvigiesduminou.bzh\/wp-content\/uploads\/2022\/01\/PXL_20211212_145503224-scaled.jpg\"><img loading=\"lazy\" decoding=\"async\" width=\"771\" height=\"1024\" data-id=\"1942\" src=\"https:\/\/www.lesvigiesduminou.bzh\/wp-content\/uploads\/2022\/01\/PXL_20211212_145503224-771x1024.jpg\" alt=\"\" class=\"wp-image-1942\" srcset=\"https:\/\/www.lesvigiesduminou.bzh\/wp-content\/uploads\/2022\/01\/PXL_20211212_145503224-771x1024.jpg 771w, https:\/\/www.lesvigiesduminou.bzh\/wp-content\/uploads\/2022\/01\/PXL_20211212_145503224-226x300.jpg 226w, https:\/\/www.lesvigiesduminou.bzh\/wp-content\/uploads\/2022\/01\/PXL_20211212_145503224-768x1020.jpg 768w, https:\/\/www.lesvigiesduminou.bzh\/wp-content\/uploads\/2022\/01\/PXL_20211212_145503224-1157x1536.jpg 1157w, https:\/\/www.lesvigiesduminou.bzh\/wp-content\/uploads\/2022\/01\/PXL_20211212_145503224-1542x2048.jpg 1542w, https:\/\/www.lesvigiesduminou.bzh\/wp-content\/uploads\/2022\/01\/PXL_20211212_145503224-18x24.jpg 18w, https:\/\/www.lesvigiesduminou.bzh\/wp-content\/uploads\/2022\/01\/PXL_20211212_145503224-27x36.jpg 27w, https:\/\/www.lesvigiesduminou.bzh\/wp-content\/uploads\/2022\/01\/PXL_20211212_145503224-36x48.jpg 36w, https:\/\/www.lesvigiesduminou.bzh\/wp-content\/uploads\/2022\/01\/PXL_20211212_145503224-scaled.jpg 1928w\" sizes=\"auto, (max-width: 771px) 100vw, 771px\" \/><\/a><figcaption class=\"wp-element-caption\">C\u00f4t\u00e9 Nord<\/figcaption><\/figure>\n\n\n\n<figure class=\"wp-block-image size-large\"><a href=\"https:\/\/www.lesvigiesduminou.bzh\/wp-content\/uploads\/2022\/01\/PXL_20211212_145150180-scaled.jpg\"><img loading=\"lazy\" decoding=\"async\" width=\"1024\" height=\"771\" data-id=\"1944\" src=\"https:\/\/www.lesvigiesduminou.bzh\/wp-content\/uploads\/2022\/01\/PXL_20211212_145150180-1024x771.jpg\" alt=\"\" class=\"wp-image-1944\" srcset=\"https:\/\/www.lesvigiesduminou.bzh\/wp-content\/uploads\/2022\/01\/PXL_20211212_145150180-1024x771.jpg 1024w, https:\/\/www.lesvigiesduminou.bzh\/wp-content\/uploads\/2022\/01\/PXL_20211212_145150180-300x226.jpg 300w, https:\/\/www.lesvigiesduminou.bzh\/wp-content\/uploads\/2022\/01\/PXL_20211212_145150180-768x578.jpg 768w, https:\/\/www.lesvigiesduminou.bzh\/wp-content\/uploads\/2022\/01\/PXL_20211212_145150180-1536x1157.jpg 1536w, https:\/\/www.lesvigiesduminou.bzh\/wp-content\/uploads\/2022\/01\/PXL_20211212_145150180-2048x1542.jpg 2048w, https:\/\/www.lesvigiesduminou.bzh\/wp-content\/uploads\/2022\/01\/PXL_20211212_145150180-24x18.jpg 24w, https:\/\/www.lesvigiesduminou.bzh\/wp-content\/uploads\/2022\/01\/PXL_20211212_145150180-36x27.jpg 36w, https:\/\/www.lesvigiesduminou.bzh\/wp-content\/uploads\/2022\/01\/PXL_20211212_145150180-48x36.jpg 48w\" sizes=\"auto, (max-width: 1024px) 100vw, 1024px\" \/><\/a><figcaption class=\"wp-element-caption\">Vue d&rsquo;ensemble, avec la pointe du Petit-Minou dans le fond<\/figcaption><\/figure>\n<figcaption class=\"blocks-gallery-caption wp-element-caption\">Diff\u00e9rentes vues de la pyramide et de son environnement<\/figcaption><\/figure>\n\n\n\n<p>Du c\u00f4t\u00e9 Est (vers le Goulet de Brest), on trouve une cavit\u00e9, faisant approximativement 1m40 de haut, et dont l\u2019entr\u00e9e est entour\u00e9e d\u2019un cadre m\u00e9tallique. Elle semble avoir \u00e9t\u00e9 ferm\u00e9e par une porte \u00e0 une \u00e9poque (on devine des charni\u00e8res du c\u00f4t\u00e9 droit de l\u2019ouverture, sur le cadre m\u00e9tallique).<\/p>\n\n\n\n<p>Au dessus de cette cavit\u00e9 on peut voir une s\u00e9rie de 7 \u00e9chelons rouill\u00e9s. Cette \u00e9chelle devait descendre plus bas \u00e0 l&rsquo;origine, mais les \u00e9chelons ont rouill\u00e9 et se sont d\u00e9tach\u00e9s de la pyramide avec le temps.  <\/p>\n\n\n\n<figure class=\"wp-block-image aligncenter size-large is-resized\"><img loading=\"lazy\" decoding=\"async\" src=\"https:\/\/www.lesvigiesduminou.bzh\/wp-content\/uploads\/2022\/01\/PXL_20211212_152003704-771x1024.jpg\" alt=\"\" class=\"wp-image-1989\" width=\"578\" height=\"768\" srcset=\"https:\/\/www.lesvigiesduminou.bzh\/wp-content\/uploads\/2022\/01\/PXL_20211212_152003704-771x1024.jpg 771w, https:\/\/www.lesvigiesduminou.bzh\/wp-content\/uploads\/2022\/01\/PXL_20211212_152003704-226x300.jpg 226w, https:\/\/www.lesvigiesduminou.bzh\/wp-content\/uploads\/2022\/01\/PXL_20211212_152003704-768x1020.jpg 768w, https:\/\/www.lesvigiesduminou.bzh\/wp-content\/uploads\/2022\/01\/PXL_20211212_152003704-1157x1536.jpg 1157w, https:\/\/www.lesvigiesduminou.bzh\/wp-content\/uploads\/2022\/01\/PXL_20211212_152003704-1542x2048.jpg 1542w, https:\/\/www.lesvigiesduminou.bzh\/wp-content\/uploads\/2022\/01\/PXL_20211212_152003704-18x24.jpg 18w, https:\/\/www.lesvigiesduminou.bzh\/wp-content\/uploads\/2022\/01\/PXL_20211212_152003704-27x36.jpg 27w, https:\/\/www.lesvigiesduminou.bzh\/wp-content\/uploads\/2022\/01\/PXL_20211212_152003704-36x48.jpg 36w, https:\/\/www.lesvigiesduminou.bzh\/wp-content\/uploads\/2022\/01\/PXL_20211212_152003704-scaled.jpg 1928w\" sizes=\"auto, (max-width: 578px) 100vw, 578px\" \/><figcaption class=\"wp-element-caption\">Echelle situ\u00e9e du c\u00f4t\u00e9 Est<\/figcaption><\/figure>\n\n\n\n<p>La face Est a \u00e9galement l\u2019air d\u2019avoir \u00e9t\u00e9 peinte en blanc \u00e0 une \u00e9poque, ce qui pourrait \u00eatre un indice que la pyramide \u00e9tait un amer. L\u2019\u00e9chelle qui monte jusqu\u2019au sommet de la pyramide de ce c\u00f4t\u00e9 aurait pu servir \u00e0 peindre cette face r\u00e9guli\u00e8rement, la peinture blanche ayant pu s\u2019\u00e9roder rapidement \u00e0 cause des embruns (on est proche de l\u2019eau).&nbsp;<\/p>\n\n\n\n<h2 class=\"wp-block-heading\">Une cavit\u00e9 c\u00f4t\u00e9 Est<\/h2>\n\n\n\n<p>Dans la cavit\u00e9, au niveau du \u201cplafond\u201d, on peut observer une ouverture, qui peut faire penser \u00e0 un \u201cconduit de chemin\u00e9e\u201d (voir photos ci-apr\u00e8s). Or ce conduit ne m\u00e8ne pas au sommet de la pyramide, mais se scinde en deux tr\u00e8s rapidement, avec une sortie du c\u00f4t\u00e9 Est, et une du c\u00f4t\u00e9 Ouest. La sortie Est se situe \u00e0 environs 2m du sol,. Le conduit n&rsquo;est pas tapiss\u00e9 de suie. &nbsp;<\/p>\n\n\n\n<figure class=\"wp-block-gallery has-nested-images columns-default is-cropped wp-block-gallery-5 is-layout-flex wp-block-gallery-is-layout-flex\">\n<figure class=\"wp-block-image size-large\"><a href=\"https:\/\/www.lesvigiesduminou.bzh\/wp-content\/uploads\/2022\/01\/pyramide-et-conduit-1.png\"><img loading=\"lazy\" decoding=\"async\" width=\"771\" height=\"1024\" data-id=\"1946\" src=\"https:\/\/www.lesvigiesduminou.bzh\/wp-content\/uploads\/2022\/01\/pyramide-et-conduit-1-771x1024.png\" alt=\"\" class=\"wp-image-1946\" srcset=\"https:\/\/www.lesvigiesduminou.bzh\/wp-content\/uploads\/2022\/01\/pyramide-et-conduit-1-771x1024.png 771w, https:\/\/www.lesvigiesduminou.bzh\/wp-content\/uploads\/2022\/01\/pyramide-et-conduit-1-226x300.png 226w, https:\/\/www.lesvigiesduminou.bzh\/wp-content\/uploads\/2022\/01\/pyramide-et-conduit-1-768x1020.png 768w, https:\/\/www.lesvigiesduminou.bzh\/wp-content\/uploads\/2022\/01\/pyramide-et-conduit-1-1156x1536.png 1156w, https:\/\/www.lesvigiesduminou.bzh\/wp-content\/uploads\/2022\/01\/pyramide-et-conduit-1-1542x2048.png 1542w, https:\/\/www.lesvigiesduminou.bzh\/wp-content\/uploads\/2022\/01\/pyramide-et-conduit-1-18x24.png 18w, https:\/\/www.lesvigiesduminou.bzh\/wp-content\/uploads\/2022\/01\/pyramide-et-conduit-1-27x36.png 27w, https:\/\/www.lesvigiesduminou.bzh\/wp-content\/uploads\/2022\/01\/pyramide-et-conduit-1-36x48.png 36w\" sizes=\"auto, (max-width: 771px) 100vw, 771px\" \/><\/a><figcaption class=\"wp-element-caption\">Conduit qui se scinde en deux<\/figcaption><\/figure>\n\n\n\n<figure class=\"wp-block-image size-large\"><a href=\"https:\/\/www.lesvigiesduminou.bzh\/wp-content\/uploads\/2022\/01\/pyramide-et-conduit-2.png\"><img loading=\"lazy\" decoding=\"async\" width=\"771\" height=\"1024\" data-id=\"1945\" src=\"https:\/\/www.lesvigiesduminou.bzh\/wp-content\/uploads\/2022\/01\/pyramide-et-conduit-2-771x1024.png\" alt=\"\" class=\"wp-image-1945\" srcset=\"https:\/\/www.lesvigiesduminou.bzh\/wp-content\/uploads\/2022\/01\/pyramide-et-conduit-2-771x1024.png 771w, https:\/\/www.lesvigiesduminou.bzh\/wp-content\/uploads\/2022\/01\/pyramide-et-conduit-2-226x300.png 226w, https:\/\/www.lesvigiesduminou.bzh\/wp-content\/uploads\/2022\/01\/pyramide-et-conduit-2-768x1020.png 768w, https:\/\/www.lesvigiesduminou.bzh\/wp-content\/uploads\/2022\/01\/pyramide-et-conduit-2-1156x1536.png 1156w, https:\/\/www.lesvigiesduminou.bzh\/wp-content\/uploads\/2022\/01\/pyramide-et-conduit-2-1542x2048.png 1542w, https:\/\/www.lesvigiesduminou.bzh\/wp-content\/uploads\/2022\/01\/pyramide-et-conduit-2-18x24.png 18w, https:\/\/www.lesvigiesduminou.bzh\/wp-content\/uploads\/2022\/01\/pyramide-et-conduit-2-27x36.png 27w, https:\/\/www.lesvigiesduminou.bzh\/wp-content\/uploads\/2022\/01\/pyramide-et-conduit-2-36x48.png 36w\" sizes=\"auto, (max-width: 771px) 100vw, 771px\" \/><\/a><figcaption class=\"wp-element-caption\">Sortie Est du conduit<\/figcaption><\/figure>\n<figcaption class=\"blocks-gallery-caption wp-element-caption\">Le \u00ab\u00a0conduit de chemin\u00e9e\u00a0\u00bb de la pyramide<\/figcaption><\/figure>\n\n\n\n<h2 class=\"wp-block-heading\">Une croix grav\u00e9e et des textes illisibles<\/h2>\n\n\n\n<p>Du c\u00f4t\u00e9 Ouest on trouve \u00e9galement une inscription et en dessous une croix grav\u00e9es dans l\u2019enduit, visibles sur les clich\u00e9s suivants. <\/p>\n\n\n\n<figure class=\"wp-block-gallery has-nested-images columns-2 is-cropped wp-block-gallery-6 is-layout-flex wp-block-gallery-is-layout-flex\">\n<figure class=\"wp-block-image size-large\"><a href=\"https:\/\/www.lesvigiesduminou.bzh\/wp-content\/uploads\/2022\/01\/croix.png\"><img loading=\"lazy\" decoding=\"async\" width=\"771\" height=\"1024\" data-id=\"1947\" src=\"https:\/\/www.lesvigiesduminou.bzh\/wp-content\/uploads\/2022\/01\/croix-771x1024.png\" alt=\"\" class=\"wp-image-1947\" srcset=\"https:\/\/www.lesvigiesduminou.bzh\/wp-content\/uploads\/2022\/01\/croix-771x1024.png 771w, https:\/\/www.lesvigiesduminou.bzh\/wp-content\/uploads\/2022\/01\/croix-226x300.png 226w, https:\/\/www.lesvigiesduminou.bzh\/wp-content\/uploads\/2022\/01\/croix-768x1020.png 768w, https:\/\/www.lesvigiesduminou.bzh\/wp-content\/uploads\/2022\/01\/croix-1156x1536.png 1156w, https:\/\/www.lesvigiesduminou.bzh\/wp-content\/uploads\/2022\/01\/croix-1542x2048.png 1542w, https:\/\/www.lesvigiesduminou.bzh\/wp-content\/uploads\/2022\/01\/croix-18x24.png 18w, https:\/\/www.lesvigiesduminou.bzh\/wp-content\/uploads\/2022\/01\/croix-27x36.png 27w, https:\/\/www.lesvigiesduminou.bzh\/wp-content\/uploads\/2022\/01\/croix-36x48.png 36w\" sizes=\"auto, (max-width: 771px) 100vw, 771px\" \/><\/a><figcaption class=\"wp-element-caption\">Localisation de la croix<\/figcaption><\/figure>\n\n\n\n<figure class=\"wp-block-image size-large\"><a href=\"https:\/\/www.lesvigiesduminou.bzh\/wp-content\/uploads\/2022\/01\/PXL_20211213_090445561-scaled.jpg\"><img loading=\"lazy\" decoding=\"async\" width=\"771\" height=\"1024\" data-id=\"1948\" src=\"https:\/\/www.lesvigiesduminou.bzh\/wp-content\/uploads\/2022\/01\/PXL_20211213_090445561-771x1024.jpg\" alt=\"\" class=\"wp-image-1948\" srcset=\"https:\/\/www.lesvigiesduminou.bzh\/wp-content\/uploads\/2022\/01\/PXL_20211213_090445561-771x1024.jpg 771w, https:\/\/www.lesvigiesduminou.bzh\/wp-content\/uploads\/2022\/01\/PXL_20211213_090445561-226x300.jpg 226w, https:\/\/www.lesvigiesduminou.bzh\/wp-content\/uploads\/2022\/01\/PXL_20211213_090445561-768x1020.jpg 768w, https:\/\/www.lesvigiesduminou.bzh\/wp-content\/uploads\/2022\/01\/PXL_20211213_090445561-1157x1536.jpg 1157w, https:\/\/www.lesvigiesduminou.bzh\/wp-content\/uploads\/2022\/01\/PXL_20211213_090445561-1542x2048.jpg 1542w, https:\/\/www.lesvigiesduminou.bzh\/wp-content\/uploads\/2022\/01\/PXL_20211213_090445561-18x24.jpg 18w, https:\/\/www.lesvigiesduminou.bzh\/wp-content\/uploads\/2022\/01\/PXL_20211213_090445561-27x36.jpg 27w, https:\/\/www.lesvigiesduminou.bzh\/wp-content\/uploads\/2022\/01\/PXL_20211213_090445561-36x48.jpg 36w, https:\/\/www.lesvigiesduminou.bzh\/wp-content\/uploads\/2022\/01\/PXL_20211213_090445561-scaled.jpg 1928w\" sizes=\"auto, (max-width: 771px) 100vw, 771px\" \/><\/a><figcaption class=\"wp-element-caption\">Croix grav\u00e9e dans l&rsquo;enduit<\/figcaption><\/figure>\n\n\n\n<figure class=\"wp-block-image size-large\"><a href=\"https:\/\/www.lesvigiesduminou.bzh\/wp-content\/uploads\/2022\/01\/IMG_20211215_163930_resized_20211215_082515335-1-scaled.jpg\"><img loading=\"lazy\" decoding=\"async\" width=\"768\" height=\"1024\" data-id=\"1949\" src=\"https:\/\/www.lesvigiesduminou.bzh\/wp-content\/uploads\/2022\/01\/IMG_20211215_163930_resized_20211215_082515335-1-768x1024.jpg\" alt=\"\" class=\"wp-image-1949\" srcset=\"https:\/\/www.lesvigiesduminou.bzh\/wp-content\/uploads\/2022\/01\/IMG_20211215_163930_resized_20211215_082515335-1-768x1024.jpg 768w, https:\/\/www.lesvigiesduminou.bzh\/wp-content\/uploads\/2022\/01\/IMG_20211215_163930_resized_20211215_082515335-1-225x300.jpg 225w, https:\/\/www.lesvigiesduminou.bzh\/wp-content\/uploads\/2022\/01\/IMG_20211215_163930_resized_20211215_082515335-1-1152x1536.jpg 1152w, https:\/\/www.lesvigiesduminou.bzh\/wp-content\/uploads\/2022\/01\/IMG_20211215_163930_resized_20211215_082515335-1-1536x2048.jpg 1536w, https:\/\/www.lesvigiesduminou.bzh\/wp-content\/uploads\/2022\/01\/IMG_20211215_163930_resized_20211215_082515335-1-18x24.jpg 18w, https:\/\/www.lesvigiesduminou.bzh\/wp-content\/uploads\/2022\/01\/IMG_20211215_163930_resized_20211215_082515335-1-27x36.jpg 27w, https:\/\/www.lesvigiesduminou.bzh\/wp-content\/uploads\/2022\/01\/IMG_20211215_163930_resized_20211215_082515335-1-36x48.jpg 36w, https:\/\/www.lesvigiesduminou.bzh\/wp-content\/uploads\/2022\/01\/IMG_20211215_163930_resized_20211215_082515335-1-scaled.jpg 1920w\" sizes=\"auto, (max-width: 768px) 100vw, 768px\" \/><\/a><figcaption class=\"wp-element-caption\">Texte sous la croix<\/figcaption><\/figure>\n\n\n\n<figure class=\"wp-block-image size-large\"><a href=\"https:\/\/www.lesvigiesduminou.bzh\/wp-content\/uploads\/2022\/01\/IMG_20211215_163216_resized_20211215_082603419-scaled.jpg\"><img loading=\"lazy\" decoding=\"async\" width=\"768\" height=\"1024\" data-id=\"1950\" src=\"https:\/\/www.lesvigiesduminou.bzh\/wp-content\/uploads\/2022\/01\/IMG_20211215_163216_resized_20211215_082603419-768x1024.jpg\" alt=\"\" class=\"wp-image-1950\" srcset=\"https:\/\/www.lesvigiesduminou.bzh\/wp-content\/uploads\/2022\/01\/IMG_20211215_163216_resized_20211215_082603419-768x1024.jpg 768w, https:\/\/www.lesvigiesduminou.bzh\/wp-content\/uploads\/2022\/01\/IMG_20211215_163216_resized_20211215_082603419-225x300.jpg 225w, https:\/\/www.lesvigiesduminou.bzh\/wp-content\/uploads\/2022\/01\/IMG_20211215_163216_resized_20211215_082603419-1152x1536.jpg 1152w, https:\/\/www.lesvigiesduminou.bzh\/wp-content\/uploads\/2022\/01\/IMG_20211215_163216_resized_20211215_082603419-1536x2048.jpg 1536w, https:\/\/www.lesvigiesduminou.bzh\/wp-content\/uploads\/2022\/01\/IMG_20211215_163216_resized_20211215_082603419-18x24.jpg 18w, https:\/\/www.lesvigiesduminou.bzh\/wp-content\/uploads\/2022\/01\/IMG_20211215_163216_resized_20211215_082603419-27x36.jpg 27w, https:\/\/www.lesvigiesduminou.bzh\/wp-content\/uploads\/2022\/01\/IMG_20211215_163216_resized_20211215_082603419-36x48.jpg 36w, https:\/\/www.lesvigiesduminou.bzh\/wp-content\/uploads\/2022\/01\/IMG_20211215_163216_resized_20211215_082603419-scaled.jpg 1920w\" sizes=\"auto, (max-width: 768px) 100vw, 768px\" \/><\/a><figcaption class=\"wp-element-caption\">Texte grav\u00e9 plus haut au dessus de la croix<\/figcaption><\/figure>\n<\/figure>\n\n\n\n<p>On devine 5 trous dans la croix, qui auraient pu servir \u00e0 y fixer une croix (en m\u00e9tal, granit, \u2026.). Sous la croix on devine des lettres, mais \u00e0 ce jour, il nous est impossible de les d\u00e9chiffrer. Au-dessus de la croix se trouve un autre texte, \u00e9galement difficilement d\u00e9chiffrable (derni\u00e8re image de la galerie ci-avant).<\/p>\n\n\n\n<h2 class=\"wp-block-heading\">Un tr\u00e9pied g\u00e9ant du c\u00f4t\u00e9 Nord ? <\/h2>\n\n\n\n<p>Au Nord de la pyramide on peut apercevoir 3 trous. Dans 2 de ces trous on trouve des poteaux en bois qui d\u00e9passent (voir photos ci-apr\u00e8s).&nbsp;&nbsp;<\/p>\n\n\n\n<figure class=\"wp-block-gallery has-nested-images columns-default is-cropped wp-block-gallery-7 is-layout-flex wp-block-gallery-is-layout-flex\">\n<figure class=\"wp-block-image size-large\"><a href=\"https:\/\/www.lesvigiesduminou.bzh\/wp-content\/uploads\/2022\/01\/PXL_20211212_145928568-scaled.jpg\"><img loading=\"lazy\" decoding=\"async\" width=\"771\" height=\"1024\" data-id=\"1952\" src=\"https:\/\/www.lesvigiesduminou.bzh\/wp-content\/uploads\/2022\/01\/PXL_20211212_145928568-771x1024.jpg\" alt=\"\" class=\"wp-image-1952\" srcset=\"https:\/\/www.lesvigiesduminou.bzh\/wp-content\/uploads\/2022\/01\/PXL_20211212_145928568-771x1024.jpg 771w, https:\/\/www.lesvigiesduminou.bzh\/wp-content\/uploads\/2022\/01\/PXL_20211212_145928568-226x300.jpg 226w, https:\/\/www.lesvigiesduminou.bzh\/wp-content\/uploads\/2022\/01\/PXL_20211212_145928568-768x1020.jpg 768w, https:\/\/www.lesvigiesduminou.bzh\/wp-content\/uploads\/2022\/01\/PXL_20211212_145928568-1157x1536.jpg 1157w, https:\/\/www.lesvigiesduminou.bzh\/wp-content\/uploads\/2022\/01\/PXL_20211212_145928568-1542x2048.jpg 1542w, https:\/\/www.lesvigiesduminou.bzh\/wp-content\/uploads\/2022\/01\/PXL_20211212_145928568-18x24.jpg 18w, https:\/\/www.lesvigiesduminou.bzh\/wp-content\/uploads\/2022\/01\/PXL_20211212_145928568-27x36.jpg 27w, https:\/\/www.lesvigiesduminou.bzh\/wp-content\/uploads\/2022\/01\/PXL_20211212_145928568-36x48.jpg 36w, https:\/\/www.lesvigiesduminou.bzh\/wp-content\/uploads\/2022\/01\/PXL_20211212_145928568-scaled.jpg 1928w\" sizes=\"auto, (max-width: 771px) 100vw, 771px\" \/><\/a><\/figure>\n\n\n\n<figure class=\"wp-block-image size-large\"><a href=\"https:\/\/www.lesvigiesduminou.bzh\/wp-content\/uploads\/2022\/01\/PXL_20211212_145933748-scaled.jpg\"><img loading=\"lazy\" decoding=\"async\" width=\"771\" height=\"1024\" data-id=\"1953\" src=\"https:\/\/www.lesvigiesduminou.bzh\/wp-content\/uploads\/2022\/01\/PXL_20211212_145933748-771x1024.jpg\" alt=\"\" class=\"wp-image-1953\" srcset=\"https:\/\/www.lesvigiesduminou.bzh\/wp-content\/uploads\/2022\/01\/PXL_20211212_145933748-771x1024.jpg 771w, https:\/\/www.lesvigiesduminou.bzh\/wp-content\/uploads\/2022\/01\/PXL_20211212_145933748-226x300.jpg 226w, https:\/\/www.lesvigiesduminou.bzh\/wp-content\/uploads\/2022\/01\/PXL_20211212_145933748-768x1020.jpg 768w, https:\/\/www.lesvigiesduminou.bzh\/wp-content\/uploads\/2022\/01\/PXL_20211212_145933748-1157x1536.jpg 1157w, https:\/\/www.lesvigiesduminou.bzh\/wp-content\/uploads\/2022\/01\/PXL_20211212_145933748-1542x2048.jpg 1542w, https:\/\/www.lesvigiesduminou.bzh\/wp-content\/uploads\/2022\/01\/PXL_20211212_145933748-18x24.jpg 18w, https:\/\/www.lesvigiesduminou.bzh\/wp-content\/uploads\/2022\/01\/PXL_20211212_145933748-27x36.jpg 27w, https:\/\/www.lesvigiesduminou.bzh\/wp-content\/uploads\/2022\/01\/PXL_20211212_145933748-36x48.jpg 36w, https:\/\/www.lesvigiesduminou.bzh\/wp-content\/uploads\/2022\/01\/PXL_20211212_145933748-scaled.jpg 1928w\" sizes=\"auto, (max-width: 771px) 100vw, 771px\" \/><\/a><\/figure>\n\n\n\n<figure class=\"wp-block-image size-large\"><a href=\"https:\/\/www.lesvigiesduminou.bzh\/wp-content\/uploads\/2022\/01\/PXL_20211212_145943513-scaled.jpg\"><img loading=\"lazy\" decoding=\"async\" width=\"771\" height=\"1024\" data-id=\"1954\" src=\"https:\/\/www.lesvigiesduminou.bzh\/wp-content\/uploads\/2022\/01\/PXL_20211212_145943513-771x1024.jpg\" alt=\"\" class=\"wp-image-1954\" srcset=\"https:\/\/www.lesvigiesduminou.bzh\/wp-content\/uploads\/2022\/01\/PXL_20211212_145943513-771x1024.jpg 771w, https:\/\/www.lesvigiesduminou.bzh\/wp-content\/uploads\/2022\/01\/PXL_20211212_145943513-226x300.jpg 226w, https:\/\/www.lesvigiesduminou.bzh\/wp-content\/uploads\/2022\/01\/PXL_20211212_145943513-768x1020.jpg 768w, https:\/\/www.lesvigiesduminou.bzh\/wp-content\/uploads\/2022\/01\/PXL_20211212_145943513-1157x1536.jpg 1157w, https:\/\/www.lesvigiesduminou.bzh\/wp-content\/uploads\/2022\/01\/PXL_20211212_145943513-1542x2048.jpg 1542w, https:\/\/www.lesvigiesduminou.bzh\/wp-content\/uploads\/2022\/01\/PXL_20211212_145943513-18x24.jpg 18w, https:\/\/www.lesvigiesduminou.bzh\/wp-content\/uploads\/2022\/01\/PXL_20211212_145943513-27x36.jpg 27w, https:\/\/www.lesvigiesduminou.bzh\/wp-content\/uploads\/2022\/01\/PXL_20211212_145943513-36x48.jpg 36w, https:\/\/www.lesvigiesduminou.bzh\/wp-content\/uploads\/2022\/01\/PXL_20211212_145943513-scaled.jpg 1928w\" sizes=\"auto, (max-width: 771px) 100vw, 771px\" \/><\/a><\/figure>\n\n\n\n<figure class=\"wp-block-image size-large\"><a href=\"https:\/\/www.lesvigiesduminou.bzh\/wp-content\/uploads\/2022\/01\/poteaux-1.png\"><img loading=\"lazy\" decoding=\"async\" width=\"1024\" height=\"771\" data-id=\"1951\" src=\"https:\/\/www.lesvigiesduminou.bzh\/wp-content\/uploads\/2022\/01\/poteaux-1-1024x771.png\" alt=\"\" class=\"wp-image-1951\" srcset=\"https:\/\/www.lesvigiesduminou.bzh\/wp-content\/uploads\/2022\/01\/poteaux-1-1024x771.png 1024w, https:\/\/www.lesvigiesduminou.bzh\/wp-content\/uploads\/2022\/01\/poteaux-1-300x226.png 300w, https:\/\/www.lesvigiesduminou.bzh\/wp-content\/uploads\/2022\/01\/poteaux-1-768x578.png 768w, https:\/\/www.lesvigiesduminou.bzh\/wp-content\/uploads\/2022\/01\/poteaux-1-1536x1156.png 1536w, https:\/\/www.lesvigiesduminou.bzh\/wp-content\/uploads\/2022\/01\/poteaux-1-2048x1542.png 2048w, https:\/\/www.lesvigiesduminou.bzh\/wp-content\/uploads\/2022\/01\/poteaux-1-24x18.png 24w, https:\/\/www.lesvigiesduminou.bzh\/wp-content\/uploads\/2022\/01\/poteaux-1-36x27.png 36w, https:\/\/www.lesvigiesduminou.bzh\/wp-content\/uploads\/2022\/01\/poteaux-1-48x36.png 48w\" sizes=\"auto, (max-width: 1024px) 100vw, 1024px\" \/><\/a><\/figure>\n<figcaption class=\"blocks-gallery-caption wp-element-caption\">Poteaux au Nord de la pyramide<\/figcaption><\/figure>\n\n\n\n<p>Ces poteaux sont environ inclin\u00e9s de 12 \u00e0 15 degr\u00e9s par rapport \u00e0 la verticale, et pointent vers le centre de gravit\u00e9 du triangle, comme s\u2019ils constituaient les 3 pieds d\u2019un tr\u00e9pied g\u00e9ant (point de croisement hypoth\u00e9tique des 3 poteaux \u00e0 une dizaine de m\u00e8tres du sol).<\/p>\n\n\n\n<h2 class=\"wp-block-heading\">Date de construction ? <\/h2>\n\n\n\n<p>Il n\u2019est pas \u00e9vident de dater la construction de la pyramide, \u00e9tant donn\u00e9 qu\u2019elle n\u2019appara\u00eet sur aucune carte historique dont nous disposons ou que nous avons pu consulter en ligne. Son apparition suppos\u00e9e sur la carte de 1977 n&rsquo;est clairement pas li\u00e9e \u00e0 sa date de construction, l&rsquo;\u00e9difice \u00e9tant visible sur de nombreuses photographies d&rsquo;avant 1977. Nous avons donc tent\u00e9 de dater la pyramide de mani\u00e8re indirecte via des \u00e9l\u00e9ments photographiques ou des films. <\/p>\n\n\n\n<p>Tout d\u2019abord, sur une photo a\u00e9rienne de 1919 des archives de Brest M\u00e9tropole (outil <a href=\"https:\/\/bmo.maps.arcgis.com\/apps\/webappviewer\/index.html?id=f2b4cd50894140b2b519ad149ab996f2\">Cartoweb<\/a>), la pyramide appara\u00eet assez clairement dans le carr\u00e9 rouge de la photo ci-apr\u00e8s. <\/p>\n\n\n\n<figure class=\"wp-block-image size-large\"><img loading=\"lazy\" decoding=\"async\" width=\"1024\" height=\"530\" src=\"https:\/\/www.lesvigiesduminou.bzh\/wp-content\/uploads\/2022\/01\/1919-pyramide-1024x530.png\" alt=\"\" class=\"wp-image-1958\" srcset=\"https:\/\/www.lesvigiesduminou.bzh\/wp-content\/uploads\/2022\/01\/1919-pyramide-1024x530.png 1024w, https:\/\/www.lesvigiesduminou.bzh\/wp-content\/uploads\/2022\/01\/1919-pyramide-300x155.png 300w, https:\/\/www.lesvigiesduminou.bzh\/wp-content\/uploads\/2022\/01\/1919-pyramide-768x397.png 768w, https:\/\/www.lesvigiesduminou.bzh\/wp-content\/uploads\/2022\/01\/1919-pyramide-1536x794.png 1536w, https:\/\/www.lesvigiesduminou.bzh\/wp-content\/uploads\/2022\/01\/1919-pyramide-24x12.png 24w, https:\/\/www.lesvigiesduminou.bzh\/wp-content\/uploads\/2022\/01\/1919-pyramide-36x19.png 36w, https:\/\/www.lesvigiesduminou.bzh\/wp-content\/uploads\/2022\/01\/1919-pyramide-48x25.png 48w, https:\/\/www.lesvigiesduminou.bzh\/wp-content\/uploads\/2022\/01\/1919-pyramide.png 1955w\" sizes=\"auto, (max-width: 1024px) 100vw, 1024px\" \/><figcaption class=\"wp-element-caption\">Photo a\u00e9rienne de 1919, <a rel=\"noreferrer noopener\" href=\"https:\/\/bmo.maps.arcgis.com\/apps\/webappviewer\/index.html?id=f2b4cd50894140b2b519ad149ab996f2\" target=\"_blank\">Brest M\u00e9tropole<\/a><\/figcaption><\/figure>\n\n\n\n<p>Dans un film datant du passage des troupes am\u00e9ricaines \u00e0 Brest (<strong>1917-1918<\/strong>) lors de la premi\u00e8re guerre mondiale, on aper\u00e7oit \u00e9galement la pyramide, comme on peut le voir sur l&rsquo;extrait suivant. <\/p>\n\n\n\n<figure class=\"wp-block-image size-large\"><img loading=\"lazy\" decoding=\"async\" width=\"1024\" height=\"437\" src=\"https:\/\/www.lesvigiesduminou.bzh\/wp-content\/uploads\/2022\/01\/1917-pyramide-1024x437.png\" alt=\"\" class=\"wp-image-1959\" srcset=\"https:\/\/www.lesvigiesduminou.bzh\/wp-content\/uploads\/2022\/01\/1917-pyramide-1024x437.png 1024w, https:\/\/www.lesvigiesduminou.bzh\/wp-content\/uploads\/2022\/01\/1917-pyramide-300x128.png 300w, https:\/\/www.lesvigiesduminou.bzh\/wp-content\/uploads\/2022\/01\/1917-pyramide-768x328.png 768w, https:\/\/www.lesvigiesduminou.bzh\/wp-content\/uploads\/2022\/01\/1917-pyramide-1536x656.png 1536w, https:\/\/www.lesvigiesduminou.bzh\/wp-content\/uploads\/2022\/01\/1917-pyramide-2048x874.png 2048w, https:\/\/www.lesvigiesduminou.bzh\/wp-content\/uploads\/2022\/01\/1917-pyramide-24x10.png 24w, https:\/\/www.lesvigiesduminou.bzh\/wp-content\/uploads\/2022\/01\/1917-pyramide-36x15.png 36w, https:\/\/www.lesvigiesduminou.bzh\/wp-content\/uploads\/2022\/01\/1917-pyramide-48x20.png 48w\" sizes=\"auto, (max-width: 1024px) 100vw, 1024px\" \/><figcaption class=\"wp-element-caption\"><a rel=\"noreferrer noopener\" href=\"https:\/\/vimeo.com\/157267136\" target=\"_blank\">Images am\u00e9ricaines 1917 &#8211; 1919<\/a>, Cin\u00e9math\u00e8que de Bretagne<\/figcaption><\/figure>\n\n\n\n<p>Une carte postale (voir photo suivante), envoy\u00e9e en 1925 (cachet de la Poste), montre le phare du Petit-Minou, construit en 1848. Sur la droite, dans le fond \u00e0 droite, on reconna\u00eet la pointe sur laquelle se situe actuellement la pyramide, mais la pyramide n\u2019est pas pr\u00e9sente. La photo a donc \u00e9t\u00e9 prise avant la construction de la pyramide. <\/p>\n\n\n\n<figure class=\"wp-block-image aligncenter size-large\"><img loading=\"lazy\" decoding=\"async\" width=\"675\" height=\"1024\" src=\"https:\/\/www.lesvigiesduminou.bzh\/wp-content\/uploads\/2022\/01\/CP-N-Curel-Environs-de-Brest-le-phare-du-Minou-ND-Phot-1925-675x1024.jpg\" alt=\"\" class=\"wp-image-1960\" srcset=\"https:\/\/www.lesvigiesduminou.bzh\/wp-content\/uploads\/2022\/01\/CP-N-Curel-Environs-de-Brest-le-phare-du-Minou-ND-Phot-1925-675x1024.jpg 675w, https:\/\/www.lesvigiesduminou.bzh\/wp-content\/uploads\/2022\/01\/CP-N-Curel-Environs-de-Brest-le-phare-du-Minou-ND-Phot-1925-198x300.jpg 198w, https:\/\/www.lesvigiesduminou.bzh\/wp-content\/uploads\/2022\/01\/CP-N-Curel-Environs-de-Brest-le-phare-du-Minou-ND-Phot-1925-768x1166.jpg 768w, https:\/\/www.lesvigiesduminou.bzh\/wp-content\/uploads\/2022\/01\/CP-N-Curel-Environs-de-Brest-le-phare-du-Minou-ND-Phot-1925-1012x1536.jpg 1012w, https:\/\/www.lesvigiesduminou.bzh\/wp-content\/uploads\/2022\/01\/CP-N-Curel-Environs-de-Brest-le-phare-du-Minou-ND-Phot-1925-16x24.jpg 16w, https:\/\/www.lesvigiesduminou.bzh\/wp-content\/uploads\/2022\/01\/CP-N-Curel-Environs-de-Brest-le-phare-du-Minou-ND-Phot-1925-24x36.jpg 24w, https:\/\/www.lesvigiesduminou.bzh\/wp-content\/uploads\/2022\/01\/CP-N-Curel-Environs-de-Brest-le-phare-du-Minou-ND-Phot-1925-32x48.jpg 32w, https:\/\/www.lesvigiesduminou.bzh\/wp-content\/uploads\/2022\/01\/CP-N-Curel-Environs-de-Brest-le-phare-du-Minou-ND-Phot-1925.jpg 1265w\" sizes=\"auto, (max-width: 675px) 100vw, 675px\" \/><figcaption class=\"wp-element-caption\">Carte postale du phare du Petit-Minou, collection de cartes postales de Nadine Curel<\/figcaption><\/figure>\n\n\n\n<p>Or cette photo montre, autour du phare, la batterie de 47mm \u00e0 tir rapide, avec des canons mod\u00e8le <strong>1885<\/strong>. La photo de cette carte postale date donc certainement d\u2019apr\u00e8s 1885.&nbsp;<\/p>\n\n\n\n<p>De plus, le phare a \u00e9t\u00e9 peint en blanc sur son demi-pourtour Sud-Ouest en <strong>1892<\/strong>. On peut donc affirmer que la photo date d&rsquo;apr\u00e8s 1892. <\/p>\n\n\n\n<p>Le plan suivant, issu de l\u2019Atlas des batteries de c\u00f4te n\u00b020, date de <strong>1913<\/strong> (source : site de l<a rel=\"noreferrer noopener\" href=\"http:\/\/inventaire-patrimoine.region-bretagne.fr\/gertrude-diffusion\/illustration\/ivr5320032901718nuca\/9544c836-4768-4767-9a02-464509633bca\" target=\"_blank\">&lsquo;Inventaire du Patrimoine de la R\u00e9gion Bretagne<\/a>).<\/p>\n\n\n\n<figure class=\"wp-block-image size-full\"><img loading=\"lazy\" decoding=\"async\" width=\"768\" height=\"501\" src=\"https:\/\/www.lesvigiesduminou.bzh\/wp-content\/uploads\/2022\/01\/atlas-batteries-cote.jpeg\" alt=\"\" class=\"wp-image-1961\" srcset=\"https:\/\/www.lesvigiesduminou.bzh\/wp-content\/uploads\/2022\/01\/atlas-batteries-cote.jpeg 768w, https:\/\/www.lesvigiesduminou.bzh\/wp-content\/uploads\/2022\/01\/atlas-batteries-cote-300x196.jpeg 300w, https:\/\/www.lesvigiesduminou.bzh\/wp-content\/uploads\/2022\/01\/atlas-batteries-cote-24x16.jpeg 24w, https:\/\/www.lesvigiesduminou.bzh\/wp-content\/uploads\/2022\/01\/atlas-batteries-cote-36x23.jpeg 36w, https:\/\/www.lesvigiesduminou.bzh\/wp-content\/uploads\/2022\/01\/atlas-batteries-cote-48x31.jpeg 48w\" sizes=\"auto, (max-width: 768px) 100vw, 768px\" \/><figcaption class=\"wp-element-caption\">Atlas des batteries de c\u00f4te n\u00b020, 1913, <a rel=\"noreferrer noopener\" href=\"http:\/\/inventaire-patrimoine.region-bretagne.fr\/gertrude-diffusion\/illustration\/ivr5320032901718nuca\/9544c836-4768-4767-9a02-464509633bca\" target=\"_blank\">Inventaire du Patrimoine de la R\u00e9gion Bretagne<\/a><\/figcaption><\/figure>\n\n\n\n<p>On y voit bien la batterie de 47 de la carte postale, mais il n\u2019est fait aucune mention de la pyramide, alors que la carte est tr\u00e8s d\u00e9taill\u00e9e, et repr\u00e9sente aussi bien des b\u00e2timents militaires que civils. On pourrait donc en d\u00e9duire que la pyramide n\u2019existait pas en 1913.<\/p>\n\n\n\n<p>En <strong>r\u00e9sum\u00e9<\/strong>, la pyramide a l\u2019air d\u2019avoir \u00e9t\u00e9 construite entre 1892 et 1919 (avec certitude), et peut-\u00eatre entre 1913 et 1919 (si l\u2019on peut se fier au plan de l\u2019Atlas).\u00a0<\/p>\n\n\n\n<h2 class=\"wp-block-heading\">A quoi servait la pyramide ? <\/h2>\n\n\n\n<p>En ce qui concerne les fonctions de la pyramide et du \u00ab\u00a0tr\u00e9pied g\u00e9ant\u00a0\u00bb, nous envisageons plusieurs hypoth\u00e8ses.&nbsp;<\/p>\n\n\n\n<h3 class=\"wp-block-heading\">H1 : un amer \u00e0 feu att\u00e9nu\u00e9 (premi\u00e8re guerre mondiale)?<\/h3>\n\n\n\n<p>La premi\u00e8re hypoth\u00e8se est que la pyramide \u00e9tait un <strong>amer \u00e0 feu att\u00e9nu\u00e9<\/strong>, construit pendant la premi\u00e8re guerre mondiale, qui aurait aid\u00e9 les bateaux de la flotte fran\u00e7aise (ou am\u00e9ricaine plus tard) \u00e0 quitter le port de Brest. Cela suppose que le phare \u00e9tait \u00e9teint pour prot\u00e9ger le Goulet et la rade. En effet, les sous marins allemands repr\u00e9sentaient un grand danger en cette p\u00e9riode. Non seulement \u00e0 cause de leurs torpilles mais surtout pour leur capacit\u00e9 \u00e0 poser des mines. Des explosifs pos\u00e9s dans le Goulet auraient \u00e9t\u00e9 redoutables contre la flotte fran\u00e7aise et contre les renforts am\u00e9ricains arriv\u00e9s en 1917 &#8230; De jour, la pyramide aurait \u00e9t\u00e9 un amer, visible \u00e0 partir de Brest, \u00e9tant donn\u00e9 qu\u2019il \u00e9tait peint en blanc du c\u00f4t\u00e9 Est. La cavit\u00e9 aurait contenu un feu, une lampe, et les fum\u00e9es de ce feu auraient \u00e9t\u00e9 \u00e9vacu\u00e9es par les 2 petites chemin\u00e9es lat\u00e9rales, pour \u00e9viter de cr\u00e9er une fum\u00e9e visible au loin, en cas d&rsquo;\u00e9vacuation par le sommet. Le tr\u00e9pied g\u00e9ant aurait lui servi \u00e0 hisser des pavillons, tel un s\u00e9maphore, pour guider les bateaux sortant du goulet.&nbsp;<\/p>\n\n\n\n<p>En soutien \u00e0 cette hypoth\u00e8se, nous avons des \u00e9l\u00e9ments qui indiquent que certains phares en Europe \u00e9taient bien \u00e9teints la nuit pendant la premi\u00e8re guerre, pour \u00e9viter des attaques allemandes ou anglaises (selon) par la mer. Mais il nous manque des preuves sur une telle pratique en France.<\/p>\n\n\n\n<h3 class=\"wp-block-heading\">H2 : un abri pour projecteur?<\/h3>\n\n\n\n<p>Une seconde hypoth\u00e8se serait un <strong>abri pour un projecteur<\/strong> pour \u00e9clairer le goulet (poste photo-\u00e9lectrique). A l\u2019\u00e9poque (veille de la premi\u00e8re guerre mondiale), 21 projecteurs \u00e9taient install\u00e9s dans les alentours de Brest <span class=\"footnote_referrer\"><a role=\"button\" tabindex=\"0\" onclick=\"footnote_moveToReference_1920_1('footnote_plugin_reference_1920_1_2');\" onkeypress=\"footnote_moveToReference_1920_1('footnote_plugin_reference_1920_1_2');\" ><sup id=\"footnote_plugin_tooltip_1920_1_2\" class=\"footnote_plugin_tooltip_text\">[2]<\/sup><\/a><span id=\"footnote_plugin_tooltip_text_1920_1_2\" class=\"footnote_tooltip\">Patrick Jad\u00e9, L\u2019\u00e9lectrification de la rade : projecteurs, feux chercheurs et usines \u00e9lectriques, dans \u00ab\u00a0Les fortifications de la rade de Brest, D\u00e9fense d&rsquo;une ville arsenal\u00a0\u00bb<\/span><\/span><script type=\"text\/javascript\"> jQuery('#footnote_plugin_tooltip_1920_1_2').tooltip({ tip: '#footnote_plugin_tooltip_text_1920_1_2', tipClass: 'footnote_tooltip', effect: 'fade', predelay: 0, fadeInSpeed: 200, delay: 400, fadeOutSpeed: 200, position: 'top center', relative: true, offset: [-7, 0], });<\/script>. Si cette hypoth\u00e8se se v\u00e9rifiait, cela signifierait qu\u2019il y avait dans les environs de la pyramide un abri-usine pour g\u00e9n\u00e9rer l\u2019\u00e9lectricit\u00e9, et une plate-forme d\u2019observation pour diriger le projecteur. A cette heure nous n\u2019avons cependant pas encore trouv\u00e9 de traces concr\u00e8tes de telles constructions sur le terrain. Sur la photo a\u00e9rienne de 1919 (voir d\u00e9tail ci-dessous), on peut peut-\u00eatre deviner une structure circulaire \u00ab\u00a0claire\u00a0\u00bb au Nord de la pyramide, ainsi qu&rsquo;un chemin tr\u00e8s fr\u00e9quent\u00e9 pour y acc\u00e9der, qui se termine par une structure claire en \u00ab\u00a0U\u00a0\u00bb. Mais cela reste au niveau de suppositions, la qualit\u00e9 de la photo ne permet pas de valider ces hypoth\u00e8ses. Et dans ce cas, cette pyramide fait-elle partie des 21 projecteurs cit\u00e9s dans l\u2019article de Patrick Jad\u00e9, ou est-ce un abri suppl\u00e9mentaire ?&nbsp;<\/p>\n\n\n\n<figure class=\"wp-block-image aligncenter size-full\"><img loading=\"lazy\" decoding=\"async\" width=\"598\" height=\"519\" src=\"https:\/\/www.lesvigiesduminou.bzh\/wp-content\/uploads\/2022\/01\/1919-pyramide-audessus.png\" alt=\"\" class=\"wp-image-1990\" srcset=\"https:\/\/www.lesvigiesduminou.bzh\/wp-content\/uploads\/2022\/01\/1919-pyramide-audessus.png 598w, https:\/\/www.lesvigiesduminou.bzh\/wp-content\/uploads\/2022\/01\/1919-pyramide-audessus-300x260.png 300w, https:\/\/www.lesvigiesduminou.bzh\/wp-content\/uploads\/2022\/01\/1919-pyramide-audessus-24x21.png 24w, https:\/\/www.lesvigiesduminou.bzh\/wp-content\/uploads\/2022\/01\/1919-pyramide-audessus-36x31.png 36w, https:\/\/www.lesvigiesduminou.bzh\/wp-content\/uploads\/2022\/01\/1919-pyramide-audessus-48x42.png 48w\" sizes=\"auto, (max-width: 598px) 100vw, 598px\" \/><figcaption class=\"wp-element-caption\">Photo a\u00e9rienne de 1919, <a rel=\"noreferrer noopener\" href=\"https:\/\/bmo.maps.arcgis.com\/apps\/webappviewer\/index.html?id=f2b4cd50894140b2b519ad149ab996f2\" target=\"_blank\">Brest M\u00e9tropole<\/a><\/figcaption><\/figure>\n\n\n\n<h3 class=\"wp-block-heading\"><strong>H3 : <\/strong>Une balise de base de vitesse?<\/h3>\n\n\n\n<p>A l&rsquo;\u00e9poque o\u00f9 le GPS et les centrales inertielles de navigation n&rsquo;existaient pas encore, la pr\u00e9cision de la position des navires \u00e0 la mer  d\u00e9pendait de la qualit\u00e9 de leurs instruments et appareils de mesures embarqu\u00e9s. Le loch, pour calculer la vitesse, le compas magn\u00e9tique, pour mesurer les rel\u00e8vements et la direction du navire. Au large, \u00e0 l&rsquo;estime, sans point de rep\u00e8re terrestres, \u00e0 la merci des vents des courants, le navigateur ne pourra plus se fier qu&rsquo;\u00e0 ces instruments. Il aura pr\u00e9alablement et avec la plus grande rigueur calibr\u00e9s et v\u00e9rifi\u00e9s leurs indications en vue de terre \u00e0 chaque occasion. Des segments de r\u00e9f\u00e9rence \u00e9taient ainsi mat\u00e9rialis\u00e9s \u00e0 leur profit sur les c\u00f4tes (les bases de vitesses). Ces rep\u00e8res sont parfois encore indiqu\u00e9s sur les cartes marines comme sur cet extrait des annales hydrographiques du SHOM de 1906. Les points indiqu\u00e9s sur ces cartes pouvaient \u00eatre atteints \u00e0 l&rsquo;aide de diff\u00e9rents alignements d&rsquo;amers. Par exemple, le point C de la carte ci-dessous est \u00e0 l&rsquo;intersection d&rsquo;une ligne passant par le phare du Minou et du phare du Portzic, et d&rsquo;une ligne passant par deux balises sur terre situ\u00e9es dans les environs de Plougonvelin. <\/p>\n\n\n\n<p>  <\/p>\n\n\n\n<figure class=\"wp-block-image size-large\"><img loading=\"lazy\" decoding=\"async\" width=\"1024\" height=\"616\" src=\"https:\/\/www.lesvigiesduminou.bzh\/wp-content\/uploads\/2022\/01\/Base-de-vitesse-du-Goulet-1906-1024x616.jpg\" alt=\"\" class=\"wp-image-1999\" srcset=\"https:\/\/www.lesvigiesduminou.bzh\/wp-content\/uploads\/2022\/01\/Base-de-vitesse-du-Goulet-1906-1024x616.jpg 1024w, https:\/\/www.lesvigiesduminou.bzh\/wp-content\/uploads\/2022\/01\/Base-de-vitesse-du-Goulet-1906-300x180.jpg 300w, https:\/\/www.lesvigiesduminou.bzh\/wp-content\/uploads\/2022\/01\/Base-de-vitesse-du-Goulet-1906-768x462.jpg 768w, https:\/\/www.lesvigiesduminou.bzh\/wp-content\/uploads\/2022\/01\/Base-de-vitesse-du-Goulet-1906-1536x924.jpg 1536w, https:\/\/www.lesvigiesduminou.bzh\/wp-content\/uploads\/2022\/01\/Base-de-vitesse-du-Goulet-1906-2048x1232.jpg 2048w, https:\/\/www.lesvigiesduminou.bzh\/wp-content\/uploads\/2022\/01\/Base-de-vitesse-du-Goulet-1906-24x14.jpg 24w, https:\/\/www.lesvigiesduminou.bzh\/wp-content\/uploads\/2022\/01\/Base-de-vitesse-du-Goulet-1906-36x22.jpg 36w, https:\/\/www.lesvigiesduminou.bzh\/wp-content\/uploads\/2022\/01\/Base-de-vitesse-du-Goulet-1906-48x29.jpg 48w\" sizes=\"auto, (max-width: 1024px) 100vw, 1024px\" \/><figcaption class=\"wp-element-caption\">Annales hydrographiques du SHOM &#8211; 1906<\/figcaption><\/figure>\n\n\n\n<p>La force et les changements de direction des courants marins, la difficult\u00e9 \u00e0 effectuer des manoeuvres dans la partie la plus \u00e9troite du Goulet avaient alors invit\u00e9 les navigateurs \u00e0 effectuer les contr\u00f4les de leurs appareils de navigation \u00e0 l&rsquo;ouvert du Goulet. La balise du Minou ne semble donc pas faire partie de ces amers sp\u00e9cifiques. <\/p>\n\n\n\n<h3 class=\"wp-block-heading\">H4 : un m\u00e9morial pour les \u00ab\u00a0fillettes\u00a0\u00bb?<\/h3>\n\n\n\n<p>Une quatri\u00e8me hypoth\u00e8se est celle d\u2019un <strong>m\u00e9morial en souvenir des fillettes noy\u00e9es en 1906<\/strong> dans les environs de la pyramide (\u00e9v\u00e9nement largement document\u00e9 dans la presse locale et nationale \u00e0 l&rsquo;\u00e9poque). La niche aurait alors pu servir pour une statue religieuse ou des fleurs. La chemin\u00e9e aurait \u00e9t\u00e9 un simple \u00e9l\u00e9ment de ventilation de la niche (ferm\u00e9e par une porte). Le tr\u00e9pied quant \u00e0 lui aurait eu une fonction ind\u00e9pendante de la pyramide, comme par exemple un s\u00e9maphore (comme mentionn\u00e9 ci-avant).<\/p>\n\n\n\n<h2 class=\"wp-block-heading\">Des certitudes, des hypoth\u00e8ses, et des questions ouvertes &#8230;<\/h2>\n\n\n\n<p>La pyramide a tr\u00e8s probablement \u00e9t\u00e9 construite entre la fin du 19e et la fin de la premi\u00e8re guerre mondiale. <\/p>\n\n\n\n<p>L&rsquo;hypoth\u00e8se du feu att\u00e9nu\u00e9 nous para\u00eet \u00e0 ce jour la plus probable, ce qui ferait probablement dater la pyramide de la premi\u00e8re guerre mondiale. <\/p>\n\n\n\n<p>Il serait toutefois tout \u00e0 fait envisageable que le tr\u00e9pied g\u00e9ant et la pyramide ne datent pas de la m\u00eame \u00e9poque, et qu&rsquo;ils avaient des fonctions distinctes. M\u00eame le m\u00f4le (plateforme) pourrait dater d&rsquo;avant la pyramide, et aurait pu avoir une fonction diff\u00e9rente avant la construction de la pyramide. <\/p>\n\n\n\n<p>Nous n&rsquo;avons \u00e9galement aucune piste sur les constructeurs de la pyramide. S&rsquo;agissait-il de militaires fran\u00e7ais ? De militaires am\u00e9ricains ? Et m\u00eame si l&rsquo;hypoth\u00e8se du feu att\u00e9nu\u00e9 venait \u00e0 se confirmer, il reste quelques \u00e9l\u00e9ments surprenants : <\/p>\n\n\n\n<ul class=\"wp-block-list\">\n<li>Pourquoi avoir fait un conduit de chemin\u00e9e avec une sortie Sud Ouest et Est?<\/li>\n\n\n\n<li>Pourquoi y a-t-il des \u00e9l\u00e9ments religieux sur la pyramide ? <\/li>\n<\/ul>\n\n\n\n<p>Ch\u00e8re lectrice, cher lecteur, si vous avez des \u00e9l\u00e9ments pour soutenir nos hypoth\u00e8ses (ou pour, au contraire les infirmer), n&rsquo;h\u00e9sitez pas \u00e0 nous contacter via les commentaires en dessous de l&rsquo;article, ou par <a href=\"mailto:histoirelocale@lesvigiesduminou.bzh\">e-mail<\/a>. <\/p>\n<div class=\"speaker-mute footnotes_reference_container\"> <div class=\"footnote_container_prepare\"><p><span role=\"button\" tabindex=\"0\" class=\"footnote_reference_container_label pointer\" onclick=\"footnote_expand_collapse_reference_container_1920_1();\">R\u00e9ferences<\/span><span role=\"button\" tabindex=\"0\" class=\"footnote_reference_container_collapse_button\" style=\"display: none;\" onclick=\"footnote_expand_collapse_reference_container_1920_1();\">[<a id=\"footnote_reference_container_collapse_button_1920_1\">+<\/a>]<\/span><\/p><\/div> <div id=\"footnote_references_container_1920_1\" style=\"\"><table class=\"footnotes_table footnote-reference-container\"><caption class=\"accessibility\">R\u00e9ferences<\/caption> <tbody> \r\n\r\n<tr class=\"footnotes_plugin_reference_row\"> <th scope=\"row\" class=\"footnote_plugin_index_combi pointer\"  onclick=\"footnote_moveToAnchor_1920_1('footnote_plugin_tooltip_1920_1_1');\"><a id=\"footnote_plugin_reference_1920_1_1\" class=\"footnote_backlink\"><span class=\"footnote_index_arrow\">&#8593;<\/span>1<\/a><\/th> <td class=\"footnote_plugin_text\">Le Service Hydrographique et Oc\u00e9anographique de la Marine, en charge de la description et de la pr\u00e9vision des oc\u00e9ans, et notamment de la cr\u00e9ation des cartes marines<\/td><\/tr>\r\n\r\n<tr class=\"footnotes_plugin_reference_row\"> <th scope=\"row\" class=\"footnote_plugin_index_combi pointer\"  onclick=\"footnote_moveToAnchor_1920_1('footnote_plugin_tooltip_1920_1_2');\"><a id=\"footnote_plugin_reference_1920_1_2\" class=\"footnote_backlink\"><span class=\"footnote_index_arrow\">&#8593;<\/span>2<\/a><\/th> <td class=\"footnote_plugin_text\">Patrick Jad\u00e9, L\u2019\u00e9lectrification de la rade : projecteurs, feux chercheurs et usines \u00e9lectriques, dans \u00ab\u00a0Les fortifications de la rade de Brest, D\u00e9fense d&rsquo;une ville arsenal\u00a0\u00bb<\/td><\/tr>\r\n\r\n <\/tbody> <\/table> <\/div><\/div><script type=\"text\/javascript\"> function footnote_expand_reference_container_1920_1() { jQuery('#footnote_references_container_1920_1').show(); jQuery('#footnote_reference_container_collapse_button_1920_1').text('\u2212'); } function footnote_collapse_reference_container_1920_1() { jQuery('#footnote_references_container_1920_1').hide(); jQuery('#footnote_reference_container_collapse_button_1920_1').text('+'); } function footnote_expand_collapse_reference_container_1920_1() { if (jQuery('#footnote_references_container_1920_1').is(':hidden')) { footnote_expand_reference_container_1920_1(); } else { footnote_collapse_reference_container_1920_1(); } } function footnote_moveToReference_1920_1(p_str_TargetID) { footnote_expand_reference_container_1920_1(); var l_obj_Target = jQuery('#' + p_str_TargetID); if (l_obj_Target.length) { jQuery( 'html, body' ).delay( 0 ); jQuery('html, body').animate({ scrollTop: l_obj_Target.offset().top - window.innerHeight * 0.2 }, 380); } } function footnote_moveToAnchor_1920_1(p_str_TargetID) { footnote_expand_reference_container_1920_1(); var l_obj_Target = jQuery('#' + p_str_TargetID); if (l_obj_Target.length) { jQuery( 'html, body' ).delay( 0 ); jQuery('html, body').animate({ scrollTop: l_obj_Target.offset().top - window.innerHeight * 0.2 }, 380); } }<\/script>","protected":false},"excerpt":{"rendered":"<p>Avec cette publication, nous inaugurons un nouveau type d&rsquo;articles: les \u00ab\u00a0enqu\u00eates en cours\u00a0\u00bb. Il s&rsquo;agit d&rsquo;un essai d&rsquo;enqu\u00eate participative, o\u00f9 nous vous [&hellip;]<\/p>\n","protected":false},"author":4,"featured_media":1937,"comment_status":"open","ping_status":"open","sticky":false,"template":"","format":"standard","meta":{"footnotes":""},"categories":[43,19],"tags":[11,102],"class_list":["post-1920","post","type-post","status-publish","format-standard","has-post-thumbnail","hentry","category-petit-minou","category-minoupedia","tag-petit-minou","tag-pyramide"],"_links":{"self":[{"href":"https:\/\/www.lesvigiesduminou.bzh\/index.php\/wp-json\/wp\/v2\/posts\/1920","targetHints":{"allow":["GET"]}}],"collection":[{"href":"https:\/\/www.lesvigiesduminou.bzh\/index.php\/wp-json\/wp\/v2\/posts"}],"about":[{"href":"https:\/\/www.lesvigiesduminou.bzh\/index.php\/wp-json\/wp\/v2\/types\/post"}],"author":[{"embeddable":true,"href":"https:\/\/www.lesvigiesduminou.bzh\/index.php\/wp-json\/wp\/v2\/users\/4"}],"replies":[{"embeddable":true,"href":"https:\/\/www.lesvigiesduminou.bzh\/index.php\/wp-json\/wp\/v2\/comments?post=1920"}],"version-history":[{"count":35,"href":"https:\/\/www.lesvigiesduminou.bzh\/index.php\/wp-json\/wp\/v2\/posts\/1920\/revisions"}],"predecessor-version":[{"id":2660,"href":"https:\/\/www.lesvigiesduminou.bzh\/index.php\/wp-json\/wp\/v2\/posts\/1920\/revisions\/2660"}],"wp:featuredmedia":[{"embeddable":true,"href":"https:\/\/www.lesvigiesduminou.bzh\/index.php\/wp-json\/wp\/v2\/media\/1937"}],"wp:attachment":[{"href":"https:\/\/www.lesvigiesduminou.bzh\/index.php\/wp-json\/wp\/v2\/media?parent=1920"}],"wp:term":[{"taxonomy":"category","embeddable":true,"href":"https:\/\/www.lesvigiesduminou.bzh\/index.php\/wp-json\/wp\/v2\/categories?post=1920"},{"taxonomy":"post_tag","embeddable":true,"href":"https:\/\/www.lesvigiesduminou.bzh\/index.php\/wp-json\/wp\/v2\/tags?post=1920"}],"curies":[{"name":"wp","href":"https:\/\/api.w.org\/{rel}","templated":true}]}}