{"id":1135,"date":"2021-09-05T18:21:43","date_gmt":"2021-09-05T16:21:43","guid":{"rendered":"https:\/\/www.lesvigiesduminou.bzh\/?p=1135"},"modified":"2021-09-05T18:44:04","modified_gmt":"2021-09-05T16:44:04","slug":"au-forum-des-associations","status":"publish","type":"post","link":"https:\/\/www.lesvigiesduminou.bzh\/index.php\/2021\/09\/05\/au-forum-des-associations\/","title":{"rendered":"Au forum des associations"},"content":{"rendered":"\n<figure class=\"wp-block-image size-large\"><img loading=\"lazy\" decoding=\"async\" width=\"1024\" height=\"644\" src=\"https:\/\/www.lesvigiesduminou.bzh\/wp-content\/uploads\/2021\/09\/P1260584-copie-1024x644.jpg\" alt=\"\" class=\"wp-image-1140\" srcset=\"https:\/\/www.lesvigiesduminou.bzh\/wp-content\/uploads\/2021\/09\/P1260584-copie-1024x644.jpg 1024w, https:\/\/www.lesvigiesduminou.bzh\/wp-content\/uploads\/2021\/09\/P1260584-copie-300x189.jpg 300w, https:\/\/www.lesvigiesduminou.bzh\/wp-content\/uploads\/2021\/09\/P1260584-copie-768x483.jpg 768w, https:\/\/www.lesvigiesduminou.bzh\/wp-content\/uploads\/2021\/09\/P1260584-copie-1536x967.jpg 1536w, https:\/\/www.lesvigiesduminou.bzh\/wp-content\/uploads\/2021\/09\/P1260584-copie-2048x1289.jpg 2048w, https:\/\/www.lesvigiesduminou.bzh\/wp-content\/uploads\/2021\/09\/P1260584-copie-24x15.jpg 24w, https:\/\/www.lesvigiesduminou.bzh\/wp-content\/uploads\/2021\/09\/P1260584-copie-36x23.jpg 36w, https:\/\/www.lesvigiesduminou.bzh\/wp-content\/uploads\/2021\/09\/P1260584-copie-48x30.jpg 48w\" sizes=\"auto, (max-width: 1024px) 100vw, 1024px\" \/><\/figure>\n\n\n\n<p>Plouzan\u00e9 organisait hier un nouveau forum des associations au gymnase de Kerallan.<\/p>\n\n\n\n<p>C&rsquo;\u00e9tait l&rsquo;occasion pour Les Vigies du Minou de dresser leur stand et d&rsquo;arborer leurs panneaux de pr\u00e9sentation.<\/p>\n\n\n\n<p>En quelques minutes,&nbsp;l&rsquo;\u00e9tendard des Vigies,&nbsp;le tout nouveau kakemono, roll-up,&nbsp; trouvait sa place parmi les nombreuses associations sportives et culturelles de notre commune.<\/p>\n\n\n\n<p>L&rsquo;int\u00e9r\u00eat pour le phare du Minou et son environnement n&rsquo;a pas manqu\u00e9 d&rsquo;attirer les visiteurs, simples curieux ou \u00e0 la recherche d&rsquo;une activit\u00e9 pour la nouvelle saison. Sur le stand, on \u00e9voque les travaux d\u00e9j\u00e0 r\u00e9alis\u00e9s, la recherche de m\u00e9c\u00e8nes et de financements, nos qu\u00eates historiques. Des projets d&rsquo;ateliers collecte de m\u00e9moire aupr\u00e8s des plus anciens qui ont connu le Minou couleur s\u00e9pia.<\/p>\n\n\n\n<figure class=\"wp-block-image size-large\"><img loading=\"lazy\" decoding=\"async\" width=\"1024\" height=\"683\" src=\"https:\/\/www.lesvigiesduminou.bzh\/wp-content\/uploads\/2021\/09\/P1260573-copie-1024x683.jpg\" alt=\"\" class=\"wp-image-1137\" srcset=\"https:\/\/www.lesvigiesduminou.bzh\/wp-content\/uploads\/2021\/09\/P1260573-copie-1024x683.jpg 1024w, https:\/\/www.lesvigiesduminou.bzh\/wp-content\/uploads\/2021\/09\/P1260573-copie-300x200.jpg 300w, https:\/\/www.lesvigiesduminou.bzh\/wp-content\/uploads\/2021\/09\/P1260573-copie-768x512.jpg 768w, https:\/\/www.lesvigiesduminou.bzh\/wp-content\/uploads\/2021\/09\/P1260573-copie-1536x1024.jpg 1536w, https:\/\/www.lesvigiesduminou.bzh\/wp-content\/uploads\/2021\/09\/P1260573-copie-2048x1365.jpg 2048w, https:\/\/www.lesvigiesduminou.bzh\/wp-content\/uploads\/2021\/09\/P1260573-copie-24x16.jpg 24w, https:\/\/www.lesvigiesduminou.bzh\/wp-content\/uploads\/2021\/09\/P1260573-copie-36x24.jpg 36w, https:\/\/www.lesvigiesduminou.bzh\/wp-content\/uploads\/2021\/09\/P1260573-copie-48x32.jpg 48w\" sizes=\"auto, (max-width: 1024px) 100vw, 1024px\" \/><\/figure>\n\n\n\n<p>Les Vigies ne se d\u00e9placent plus sans leur phare f\u00e9tiche. Le casque de r\u00e9alit\u00e9 virtuelle et les visites guid\u00e9es \u00e0 360\u00b0 (<a href=\"https:\/\/www.lesvigiesduminou.bzh\/index.php\/2021\/05\/20\/visite-panoramique-a-360-de-linterieur-du-phare-du-petit-minou\/\" data-type=\"post\" data-id=\"1026\">Visite panoramique \u00e0 360\u00b0 de l\u2019int\u00e9rieur du phare du Petit-Minou<\/a>, <a href=\"https:\/\/www.lesvigiesduminou.bzh\/index.php\/2021\/01\/21\/visite-panoramique-a-360-de-la-batterie-de-rupture-du-petit-minou\/\" data-type=\"post\" data-id=\"452\">Visite panoramique \u00e0 360\u00b0 de la batterie de rupture du Petit Minou<\/a> et <a href=\"https:\/\/www.lesvigiesduminou.bzh\/index.php\/2021\/01\/02\/visite-panoramique-a-360-du-site-du-petit-minou\/\" data-type=\"post\" data-id=\"436\">Visite panoramique \u00e0 360\u00b0 du site du Petit Minou<\/a>), depuis Kerallan ont fait plonger quelques visiteurs dans les entrailles du fort du Minou. 20 m\u00e8tres sous la roche, l\u00e0 o\u00f9 se dissimulaient les terribles canons de 320mm charg\u00e9s de prot\u00e9ger les acc\u00e8s \u00e0 la rade de Brest. Toujours autant de succ\u00e8s aupr\u00e8s des plus jeunes et des plus grands surpris de perdre l&rsquo;\u00e9quilibre dans l&rsquo;univers virtuel encore inaccessible du fort et du phare du Petit-Minou.&nbsp;<\/p>\n\n\n\n<figure class=\"wp-block-image size-large\"><img loading=\"lazy\" decoding=\"async\" width=\"1024\" height=\"706\" src=\"https:\/\/www.lesvigiesduminou.bzh\/wp-content\/uploads\/2021\/09\/P1260575-copie-1024x706.jpg\" alt=\"\" class=\"wp-image-1138\" srcset=\"https:\/\/www.lesvigiesduminou.bzh\/wp-content\/uploads\/2021\/09\/P1260575-copie-1024x706.jpg 1024w, https:\/\/www.lesvigiesduminou.bzh\/wp-content\/uploads\/2021\/09\/P1260575-copie-300x207.jpg 300w, https:\/\/www.lesvigiesduminou.bzh\/wp-content\/uploads\/2021\/09\/P1260575-copie-768x529.jpg 768w, https:\/\/www.lesvigiesduminou.bzh\/wp-content\/uploads\/2021\/09\/P1260575-copie-1536x1059.jpg 1536w, https:\/\/www.lesvigiesduminou.bzh\/wp-content\/uploads\/2021\/09\/P1260575-copie-2048x1412.jpg 2048w, https:\/\/www.lesvigiesduminou.bzh\/wp-content\/uploads\/2021\/09\/P1260575-copie-24x17.jpg 24w, https:\/\/www.lesvigiesduminou.bzh\/wp-content\/uploads\/2021\/09\/P1260575-copie-36x25.jpg 36w, https:\/\/www.lesvigiesduminou.bzh\/wp-content\/uploads\/2021\/09\/P1260575-copie-48x33.jpg 48w\" sizes=\"auto, (max-width: 1024px) 100vw, 1024px\" \/><\/figure>\n\n\n\n<p>En fin de matin\u00e9e, Monsieur Le Maire Yves Du BUIT est venu nous rendre visite et l&rsquo;apr\u00e8s midi c&rsquo;est Emmanuelle TOURNIER vice-pr\u00e9sidente aux sports et aux associations du conseil d\u00e9partemental du Finist\u00e8re qui est venue nous assurer de son soutien.<\/p>\n\n\n\n<figure class=\"wp-block-image size-large\"><img loading=\"lazy\" decoding=\"async\" width=\"1024\" height=\"483\" src=\"https:\/\/www.lesvigiesduminou.bzh\/wp-content\/uploads\/2021\/09\/P1260583-copie-1024x483.jpg\" alt=\"\" class=\"wp-image-1139\" srcset=\"https:\/\/www.lesvigiesduminou.bzh\/wp-content\/uploads\/2021\/09\/P1260583-copie-1024x483.jpg 1024w, https:\/\/www.lesvigiesduminou.bzh\/wp-content\/uploads\/2021\/09\/P1260583-copie-300x142.jpg 300w, https:\/\/www.lesvigiesduminou.bzh\/wp-content\/uploads\/2021\/09\/P1260583-copie-768x362.jpg 768w, https:\/\/www.lesvigiesduminou.bzh\/wp-content\/uploads\/2021\/09\/P1260583-copie-1536x725.jpg 1536w, https:\/\/www.lesvigiesduminou.bzh\/wp-content\/uploads\/2021\/09\/P1260583-copie-2048x966.jpg 2048w, https:\/\/www.lesvigiesduminou.bzh\/wp-content\/uploads\/2021\/09\/P1260583-copie-24x11.jpg 24w, https:\/\/www.lesvigiesduminou.bzh\/wp-content\/uploads\/2021\/09\/P1260583-copie-36x17.jpg 36w, https:\/\/www.lesvigiesduminou.bzh\/wp-content\/uploads\/2021\/09\/P1260583-copie-48x23.jpg 48w\" sizes=\"auto, (max-width: 1024px) 100vw, 1024px\" \/><\/figure>\n\n\n\n<p>C&rsquo;\u00e9tait \u00e9videmment l&rsquo;occasion pour les Vigies de recruter de nouveaux adh\u00e9rents. Ils sont les bienvenus avec des id\u00e9es, des projets autour d&rsquo;un&nbsp;patrimoine littoral \u00e0 prot\u00e9ger et encore \u00e0 d\u00e9couvrir.&nbsp;<\/p>\n\n\n\n<p>Une journ\u00e9e enrichissante et sympathique en compagnie de R\u00e9mi, Patrick, Gilbert, Christian, Miguel, Jean-Paul, No\u00ebl, Yannick et tous nos visiteurs.&nbsp;<\/p>\n","protected":false},"excerpt":{"rendered":"<p>Plouzan\u00e9 organisait hier un nouveau forum des associations au gymnase de Kerallan. C&rsquo;\u00e9tait l&rsquo;occasion pour Les Vigies du Minou de dresser leur [&hellip;]<\/p>\n","protected":false},"author":23,"featured_media":1136,"comment_status":"open","ping_status":"open","sticky":false,"template":"","format":"standard","meta":{"footnotes":""},"categories":[4],"tags":[83],"class_list":["post-1135","post","type-post","status-publish","format-standard","has-post-thumbnail","hentry","category-actualites","tag-forum-des-associations"],"_links":{"self":[{"href":"https:\/\/www.lesvigiesduminou.bzh\/index.php\/wp-json\/wp\/v2\/posts\/1135","targetHints":{"allow":["GET"]}}],"collection":[{"href":"https:\/\/www.lesvigiesduminou.bzh\/index.php\/wp-json\/wp\/v2\/posts"}],"about":[{"href":"https:\/\/www.lesvigiesduminou.bzh\/index.php\/wp-json\/wp\/v2\/types\/post"}],"author":[{"embeddable":true,"href":"https:\/\/www.lesvigiesduminou.bzh\/index.php\/wp-json\/wp\/v2\/users\/23"}],"replies":[{"embeddable":true,"href":"https:\/\/www.lesvigiesduminou.bzh\/index.php\/wp-json\/wp\/v2\/comments?post=1135"}],"version-history":[{"count":4,"href":"https:\/\/www.lesvigiesduminou.bzh\/index.php\/wp-json\/wp\/v2\/posts\/1135\/revisions"}],"predecessor-version":[{"id":1146,"href":"https:\/\/www.lesvigiesduminou.bzh\/index.php\/wp-json\/wp\/v2\/posts\/1135\/revisions\/1146"}],"wp:featuredmedia":[{"embeddable":true,"href":"https:\/\/www.lesvigiesduminou.bzh\/index.php\/wp-json\/wp\/v2\/media\/1136"}],"wp:attachment":[{"href":"https:\/\/www.lesvigiesduminou.bzh\/index.php\/wp-json\/wp\/v2\/media?parent=1135"}],"wp:term":[{"taxonomy":"category","embeddable":true,"href":"https:\/\/www.lesvigiesduminou.bzh\/index.php\/wp-json\/wp\/v2\/categories?post=1135"},{"taxonomy":"post_tag","embeddable":true,"href":"https:\/\/www.lesvigiesduminou.bzh\/index.php\/wp-json\/wp\/v2\/tags?post=1135"}],"curies":[{"name":"wp","href":"https:\/\/api.w.org\/{rel}","templated":true}]}}