{"id":1131,"date":"2021-09-04T13:11:09","date_gmt":"2021-09-04T11:11:09","guid":{"rendered":"https:\/\/www.lesvigiesduminou.bzh\/?p=1131"},"modified":"2021-10-07T17:07:06","modified_gmt":"2021-10-07T15:07:06","slug":"la-journee-des-associations-a-plouzane","status":"publish","type":"post","link":"https:\/\/www.lesvigiesduminou.bzh\/index.php\/2021\/09\/04\/la-journee-des-associations-a-plouzane\/","title":{"rendered":"La journ\u00e9e des Associations \u00e0 Plouzan\u00e9"},"content":{"rendered":"\n<p>Nous sommes pr\u00e9sents ce samedi 4 septembre \u00e0 la journ\u00e9e des Associations de la ville de Plouzan\u00e9 dans le gymnase de Kerallan. N&rsquo;h\u00e9sitez pas \u00e0 venir nous rendre une petite visite &#8230;.  et \u00e0 tester des lunettes de r\u00e9alit\u00e9 virtuelle pour explorer les entrailles du fort du Minou ou le phare. <\/p>\n","protected":false},"excerpt":{"rendered":"<p>Nous sommes pr\u00e9sents ce samedi 4 septembre \u00e0 la journ\u00e9e des Associations de la ville de Plouzan\u00e9 dans le gymnase de Kerallan. [&hellip;]<\/p>\n","protected":false},"author":3,"featured_media":1130,"comment_status":"open","ping_status":"open","sticky":false,"template":"","format":"standard","meta":{"footnotes":""},"categories":[4],"tags":[5],"class_list":["post-1131","post","type-post","status-publish","format-standard","has-post-thumbnail","hentry","category-actualites","tag-association"],"_links":{"self":[{"href":"https:\/\/www.lesvigiesduminou.bzh\/index.php\/wp-json\/wp\/v2\/posts\/1131","targetHints":{"allow":["GET"]}}],"collection":[{"href":"https:\/\/www.lesvigiesduminou.bzh\/index.php\/wp-json\/wp\/v2\/posts"}],"about":[{"href":"https:\/\/www.lesvigiesduminou.bzh\/index.php\/wp-json\/wp\/v2\/types\/post"}],"author":[{"embeddable":true,"href":"https:\/\/www.lesvigiesduminou.bzh\/index.php\/wp-json\/wp\/v2\/users\/3"}],"replies":[{"embeddable":true,"href":"https:\/\/www.lesvigiesduminou.bzh\/index.php\/wp-json\/wp\/v2\/comments?post=1131"}],"version-history":[{"count":1,"href":"https:\/\/www.lesvigiesduminou.bzh\/index.php\/wp-json\/wp\/v2\/posts\/1131\/revisions"}],"predecessor-version":[{"id":1132,"href":"https:\/\/www.lesvigiesduminou.bzh\/index.php\/wp-json\/wp\/v2\/posts\/1131\/revisions\/1132"}],"wp:featuredmedia":[{"embeddable":true,"href":"https:\/\/www.lesvigiesduminou.bzh\/index.php\/wp-json\/wp\/v2\/media\/1130"}],"wp:attachment":[{"href":"https:\/\/www.lesvigiesduminou.bzh\/index.php\/wp-json\/wp\/v2\/media?parent=1131"}],"wp:term":[{"taxonomy":"category","embeddable":true,"href":"https:\/\/www.lesvigiesduminou.bzh\/index.php\/wp-json\/wp\/v2\/categories?post=1131"},{"taxonomy":"post_tag","embeddable":true,"href":"https:\/\/www.lesvigiesduminou.bzh\/index.php\/wp-json\/wp\/v2\/tags?post=1131"}],"curies":[{"name":"wp","href":"https:\/\/api.w.org\/{rel}","templated":true}]}}