{"id":1117,"date":"2021-07-15T16:02:45","date_gmt":"2021-07-15T14:02:45","guid":{"rendered":"https:\/\/www.lesvigiesduminou.bzh\/?p=1117"},"modified":"2021-07-15T16:02:47","modified_gmt":"2021-07-15T14:02:47","slug":"le-president-du-departement-du-finistere-lance-la-saison-touristique-au-phare-du-petit-minou","status":"publish","type":"post","link":"https:\/\/www.lesvigiesduminou.bzh\/index.php\/2021\/07\/15\/le-president-du-departement-du-finistere-lance-la-saison-touristique-au-phare-du-petit-minou\/","title":{"rendered":"Le Pr\u00e9sident du D\u00e9partement du Finist\u00e8re lance la saison touristique au phare du Petit-Minou"},"content":{"rendered":"\n<p>Ma\u00ebl de Calan, Pr\u00e9sident du D\u00e9partement, en pr\u00e9sence de sa Vice-pr\u00e9sidente Emmanuelle Tournier, du maire de Plouzan\u00e9 Yves du Buit, et d&rsquo;Edouard Philippe, l&rsquo;ancien Premier Ministre, a lanc\u00e9 la saison touristique 2021 au pied du phare du Minou. <\/p>\n\n\n\n<p>Nos 2 vigies, Miguel et Yannick \u00e9taient pr\u00e9sents pour d\u00e9tailler les travaux men\u00e9s dans le phare, ainsi que les actions de l&rsquo;association. Le tout est \u00e0 retrouver dans la vid\u00e9o ci-dessous. <\/p>\n\n\n\n<figure class=\"wp-block-embed is-type-video is-provider-youtube wp-block-embed-youtube wp-embed-aspect-16-9 wp-has-aspect-ratio\"><div class=\"wp-block-embed__wrapper\">\n<iframe loading=\"lazy\" title=\"Visite de Ma\u00ebl de Calan au Phare du Minou\" width=\"1170\" height=\"658\" src=\"https:\/\/www.youtube.com\/embed\/gWPLMD2_Ueg?feature=oembed\" frameborder=\"0\" allow=\"accelerometer; autoplay; clipboard-write; encrypted-media; gyroscope; picture-in-picture; web-share\" allowfullscreen><\/iframe>\n<\/div><\/figure>\n","protected":false},"excerpt":{"rendered":"<p>Ma\u00ebl de Calan, Pr\u00e9sident du D\u00e9partement, en pr\u00e9sence de sa Vice-pr\u00e9sidente Emmanuelle Tournier, du maire de Plouzan\u00e9 Yves du Buit, et d&rsquo;Edouard [&hellip;]<\/p>\n","protected":false},"author":3,"featured_media":1119,"comment_status":"open","ping_status":"open","sticky":false,"template":"","format":"standard","meta":{"footnotes":""},"categories":[4,43],"tags":[41],"class_list":["post-1117","post","type-post","status-publish","format-standard","has-post-thumbnail","hentry","category-actualites","category-petit-minou","tag-phare-du-petit-minou"],"_links":{"self":[{"href":"https:\/\/www.lesvigiesduminou.bzh\/index.php\/wp-json\/wp\/v2\/posts\/1117","targetHints":{"allow":["GET"]}}],"collection":[{"href":"https:\/\/www.lesvigiesduminou.bzh\/index.php\/wp-json\/wp\/v2\/posts"}],"about":[{"href":"https:\/\/www.lesvigiesduminou.bzh\/index.php\/wp-json\/wp\/v2\/types\/post"}],"author":[{"embeddable":true,"href":"https:\/\/www.lesvigiesduminou.bzh\/index.php\/wp-json\/wp\/v2\/users\/3"}],"replies":[{"embeddable":true,"href":"https:\/\/www.lesvigiesduminou.bzh\/index.php\/wp-json\/wp\/v2\/comments?post=1117"}],"version-history":[{"count":1,"href":"https:\/\/www.lesvigiesduminou.bzh\/index.php\/wp-json\/wp\/v2\/posts\/1117\/revisions"}],"predecessor-version":[{"id":1118,"href":"https:\/\/www.lesvigiesduminou.bzh\/index.php\/wp-json\/wp\/v2\/posts\/1117\/revisions\/1118"}],"wp:featuredmedia":[{"embeddable":true,"href":"https:\/\/www.lesvigiesduminou.bzh\/index.php\/wp-json\/wp\/v2\/media\/1119"}],"wp:attachment":[{"href":"https:\/\/www.lesvigiesduminou.bzh\/index.php\/wp-json\/wp\/v2\/media?parent=1117"}],"wp:term":[{"taxonomy":"category","embeddable":true,"href":"https:\/\/www.lesvigiesduminou.bzh\/index.php\/wp-json\/wp\/v2\/categories?post=1117"},{"taxonomy":"post_tag","embeddable":true,"href":"https:\/\/www.lesvigiesduminou.bzh\/index.php\/wp-json\/wp\/v2\/tags?post=1117"}],"curies":[{"name":"wp","href":"https:\/\/api.w.org\/{rel}","templated":true}]}}