{"id":1046,"date":"2021-06-07T10:36:52","date_gmt":"2021-06-07T08:36:52","guid":{"rendered":"https:\/\/www.lesvigiesduminou.bzh\/?p=1046"},"modified":"2021-09-11T10:36:28","modified_gmt":"2021-09-11T08:36:28","slug":"les-sculptures-vegetales-de-roznart","status":"publish","type":"post","link":"https:\/\/www.lesvigiesduminou.bzh\/index.php\/2021\/06\/07\/les-sculptures-vegetales-de-roznart\/","title":{"rendered":"Les sculptures v\u00e9g\u00e9tales de Roz&rsquo;N&rsquo;Art"},"content":{"rendered":"\n<p class=\"has-normal-font-size\"><br>Dans le cadre des animations organis\u00e9es par la ville de Plouzan\u00e9 pour <strong>les journ\u00e9es de la nature<\/strong>, Rozenn Bizien, les Vigies du Minou et leurs familles ont r\u00e9alis\u00e9 une fresque v\u00e9g\u00e9tale pr\u00e8s du sentier c\u00f4tier.<br>Le projet commun consistait \u00e0 finaliser le chantier de d\u00e9broussaillage du lavoir que nous avions entrepris il y a quelques semaines.<\/p>\n\n\n\n<p class=\"has-normal-font-size\">Nous cherchions une id\u00e9e pour utiliser la surface des murs du local d\u00e9saffect\u00e9 pr\u00e8s du lavoir. Le service animation de la commune nous proposa de rencontrer Rozenn Bizien \u00ab\u00a0<strong>Roz\u2019N\u2019Art<\/strong>\u00ab\u00a0, artiste plasticienne.&nbsp;Une premi\u00e8re visite \u00ab\u00a0au pied du mur\u00a0\u00bb sur le sentier c\u00f4tier nous permit de faire un peu plus connaissance et de d\u00e9finir le th\u00e8me de l&rsquo;illustration.<br>La carte postale \u00e0 l\u2019origine de nos travaux repr\u00e9sentait une jeune femme se rendant au lavoir. Pourquoi ne pas conserver le fil conducteur qui nous avait guid\u00e9 jusqu\u2019\u00e0 la source?<\/p>\n\n\n\n<p class=\"has-normal-font-size\">Nous rendrions ainsi \u00e0 \u00ab&nbsp;Marie&nbsp;\u00bb&nbsp;le petit clin d\u2019oeil qu\u2019elle nous avait transmis \u00e0 travers toutes ces ann\u00e9es par&nbsp;l\u2019interm\u00e9diaire de son courrier extraordinaire exp\u00e9di\u00e9 \u00e0 ses amis vers 1945 : <br>https:\/\/www.lesvigiesduminou.bzh\/index.php\/2021\/04\/16\/sous-les-ronces-lhistoire\/<\/p>\n\n\n\n<p class=\"has-normal-font-size\">Une lavandi\u00e8re, de l\u2019eau fra\u00eeche qui ruisselle, des enfants qui jouent pr\u00e8s du lavoir. Un autre petit clin d\u2019oeil, \u00e0 travers les \u00e2ges, \u00e0 nos grands-m\u00e8res pour qui la corv\u00e9e de lessive n\u2019\u00e9tait certainement pas une partie de plaisir.<\/p>\n\n\n\n<figure class=\"wp-block-image size-large\"><img loading=\"lazy\" decoding=\"async\" width=\"763\" height=\"1024\" src=\"https:\/\/www.lesvigiesduminou.bzh\/wp-content\/uploads\/2021\/06\/A-P1240455-copie-2-763x1024.jpg\" alt=\"\" class=\"wp-image-1053\" srcset=\"https:\/\/www.lesvigiesduminou.bzh\/wp-content\/uploads\/2021\/06\/A-P1240455-copie-2-763x1024.jpg 763w, https:\/\/www.lesvigiesduminou.bzh\/wp-content\/uploads\/2021\/06\/A-P1240455-copie-2-224x300.jpg 224w, https:\/\/www.lesvigiesduminou.bzh\/wp-content\/uploads\/2021\/06\/A-P1240455-copie-2-768x1030.jpg 768w, https:\/\/www.lesvigiesduminou.bzh\/wp-content\/uploads\/2021\/06\/A-P1240455-copie-2-1145x1536.jpg 1145w, https:\/\/www.lesvigiesduminou.bzh\/wp-content\/uploads\/2021\/06\/A-P1240455-copie-2-18x24.jpg 18w, https:\/\/www.lesvigiesduminou.bzh\/wp-content\/uploads\/2021\/06\/A-P1240455-copie-2-27x36.jpg 27w, https:\/\/www.lesvigiesduminou.bzh\/wp-content\/uploads\/2021\/06\/A-P1240455-copie-2-36x48.jpg 36w, https:\/\/www.lesvigiesduminou.bzh\/wp-content\/uploads\/2021\/06\/A-P1240455-copie-2.jpg 1280w\" sizes=\"auto, (max-width: 763px) 100vw, 763px\" \/><figcaption>Qui veut gouter la colle ? <\/figcaption><\/figure>\n\n\n\n<p class=\"has-normal-font-size\"><br>Roz\u2019N&rsquo;Art il y a quelques jours, avec beaucoup de talent et quelques coups de crayon avait mod\u00e9lis\u00e9 notre id\u00e9e.&nbsp;Le sch\u00e9ma \u00e9tait valid\u00e9. Il restait \u00e0 reproduire <strong>le trac\u00e9 des silhouettes<\/strong> sur la surface rugueuse des murs fra\u00eechement repeints par les services techniques de la ville. Le vent malin s\u2019invita \u00e0 ce premier atelier dessin. Les calques comme des \u00e9tendards flottaient en toutes directions au risque de les d\u00e9chirer. Rozenn nous avoue en coulisse que quatre mains furent \u00e0 peine n\u00e9cessaires pour ma\u00eetriser la fougue de ces courants d\u2019air. La Nature dont nous voulions, en mai, c\u00e9l\u00e9brer une belle journ\u00e9e repris ses droits et nous exp\u00e9dia <strong>une belle temp\u00eate<\/strong> reportant cette animation au mois de juin.<\/p>\n\n\n\n<p class=\"has-normal-font-size\"><br>Les sculptures v\u00e9g\u00e9tales sont \u00e9ph\u00e9m\u00e8res compos\u00e9es de mousse naturelle. Je vous ai pr\u00e9par\u00e9 de la colle, nous annonce Rozenn en ouvrant le couvercle de son auto-cuiseur. Qui veut y gouter? Les regards deviennent fuyants, les nez se baissent, on sifflote discr\u00e8tement en se retournant. <strong>La colle<\/strong> que je vous ai pr\u00e9par\u00e9e <strong>est comestible<\/strong>, pr\u00e9par\u00e9e avec de la farine, de l\u2019eau et de la bi\u00e8re. Qui voudrait y go\u00fbter? Le m\u00e9lange&nbsp;semble \u00e9pais. Un intr\u00e9pide l\u00e8ve la main plonge son doigt dans la marmite, un autre plus gourmand s\u2019empare d\u2019une cuill\u00e8re. Les enfants&nbsp;esquissant une grimace ouvrent des grands yeux.&nbsp;Les parents seraient devenus fous? <strong>C\u2019est pas mauvais<\/strong> dit l\u2019intr\u00e9pide. Plusieurs ont go\u00fbt\u00e9, on a bien ri.<\/p>\n\n\n\n<figure class=\"wp-block-image size-large\"><img loading=\"lazy\" decoding=\"async\" width=\"767\" height=\"1024\" src=\"https:\/\/www.lesvigiesduminou.bzh\/wp-content\/uploads\/2021\/06\/B-P1240506-copie-2-767x1024.jpg\" alt=\"\" class=\"wp-image-1054\" srcset=\"https:\/\/www.lesvigiesduminou.bzh\/wp-content\/uploads\/2021\/06\/B-P1240506-copie-2-767x1024.jpg 767w, https:\/\/www.lesvigiesduminou.bzh\/wp-content\/uploads\/2021\/06\/B-P1240506-copie-2-225x300.jpg 225w, https:\/\/www.lesvigiesduminou.bzh\/wp-content\/uploads\/2021\/06\/B-P1240506-copie-2-768x1025.jpg 768w, https:\/\/www.lesvigiesduminou.bzh\/wp-content\/uploads\/2021\/06\/B-P1240506-copie-2-1151x1536.jpg 1151w, https:\/\/www.lesvigiesduminou.bzh\/wp-content\/uploads\/2021\/06\/B-P1240506-copie-2-18x24.jpg 18w, https:\/\/www.lesvigiesduminou.bzh\/wp-content\/uploads\/2021\/06\/B-P1240506-copie-2-27x36.jpg 27w, https:\/\/www.lesvigiesduminou.bzh\/wp-content\/uploads\/2021\/06\/B-P1240506-copie-2-36x48.jpg 36w, https:\/\/www.lesvigiesduminou.bzh\/wp-content\/uploads\/2021\/06\/B-P1240506-copie-2.jpg 1275w\" sizes=\"auto, (max-width: 767px) 100vw, 767px\" \/><figcaption>Trier la mousse, retirer les petites brindilles. Un travail d&rsquo;\u00e9quipe<\/figcaption><\/figure>\n\n\n\n<p class=\"has-normal-font-size\"><br>Une cocotte minute, une grande casserole, des cuill\u00e8res! A quel <strong>pique-nique au pied des murs<\/strong> serions-nous invit\u00e9s? Voil\u00e0 qui nous rassure avec quelques pinceaux et d&rsquo;indispensables spatules. Tout est bon pour \u00e9taler la colle. L\u2019exercice pour les plus petits et les plus grands sera, comme \u00e0 l\u2019\u00e9cole, de <strong>ne pas d\u00e9passer les bordures<\/strong>. Les plus habiles ne sont pas ceux que l\u2019on croit. Bravo les enfants.<\/p>\n\n\n\n<p class=\"has-normal-font-size\">Du bas du mur vers le haut, les plus jeunes en bas les plus grands tendant les bras tout en haut, les silhouettes esquiss\u00e9es prennent forme. <strong>Le b\u00e9b\u00e9 qui trotte<\/strong> n\u2019a encore que sa t\u00eate et ses bras mais il est d\u00e9j\u00e0 charmant. Les tulipes se dessinent, et l\u00e0, il y a m\u00eame un papillon, un petit chat. Dans le coin, bien sage la petite fille accroupie lit tranquillement son livre tandis que les colleurs de mousse ravis de leur travail passent d\u00e9j\u00e0 \u00e0 une autre silhouette. Maman d&rsquo;un coup de pinceau \u00e9tale la colle, <strong>F\u00e9lix plonge ses bras dans le grand sac<\/strong> et s\u2019empare d&rsquo;une grosse poign\u00e9e de mousse toute douce.<\/p>\n\n\n\n<figure class=\"wp-block-image size-large\"><img loading=\"lazy\" decoding=\"async\" width=\"1024\" height=\"683\" src=\"https:\/\/www.lesvigiesduminou.bzh\/wp-content\/uploads\/2021\/06\/C-P1240508-copie-2-1024x683.jpg\" alt=\"\" class=\"wp-image-1055\" srcset=\"https:\/\/www.lesvigiesduminou.bzh\/wp-content\/uploads\/2021\/06\/C-P1240508-copie-2-1024x683.jpg 1024w, https:\/\/www.lesvigiesduminou.bzh\/wp-content\/uploads\/2021\/06\/C-P1240508-copie-2-300x200.jpg 300w, https:\/\/www.lesvigiesduminou.bzh\/wp-content\/uploads\/2021\/06\/C-P1240508-copie-2-768x512.jpg 768w, https:\/\/www.lesvigiesduminou.bzh\/wp-content\/uploads\/2021\/06\/C-P1240508-copie-2-1536x1024.jpg 1536w, https:\/\/www.lesvigiesduminou.bzh\/wp-content\/uploads\/2021\/06\/C-P1240508-copie-2-24x16.jpg 24w, https:\/\/www.lesvigiesduminou.bzh\/wp-content\/uploads\/2021\/06\/C-P1240508-copie-2-36x24.jpg 36w, https:\/\/www.lesvigiesduminou.bzh\/wp-content\/uploads\/2021\/06\/C-P1240508-copie-2-48x32.jpg 48w, https:\/\/www.lesvigiesduminou.bzh\/wp-content\/uploads\/2021\/06\/C-P1240508-copie-2.jpg 1920w\" sizes=\"auto, (max-width: 1024px) 100vw, 1024px\" \/><figcaption>Beaucoup de colle, mais il ne faut pas d\u00e9passer les bords<\/figcaption><\/figure>\n\n\n\n<p class=\"has-normal-font-size\">Pour votre reporter, entre deux photos et le collage, Rachel et Anna\u00efg mes deux directrices artistiques me grondent un peu! J\u2019ai d\u00e9pass\u00e9 le trait et Rozenn a dit qu\u2019il fallait mettre plus de colle. O\u00f9 va t-on <strong>si les grands ne respectent pas les consignes<\/strong>? <\/p>\n\n\n\n<p class=\"has-normal-font-size\">Prenant du recul, Roz\u2019N\u2019Art contr\u00f4le son dessin, guide encore une main, reprend le bout du nez d\u2019une silhouette, la sculpture v\u00e9g\u00e9tale sera parfaite.<\/p>\n\n\n\n<p class=\"has-normal-font-size\">Toute cette agitation attire quelques passants et curieux venus en voisins. Ha! c\u2019est vous, les Vigies du Minou, mais que faites vous? Qui \u00eates vous? Chacun son tour, l\u00e2chant la mousse, la colle et les pinceaux, dans le lavoir se rin\u00e7ant les mains, chacun d&rsquo;entre nous devient \u00e0 l\u2019occasion l&rsquo;<strong>ambassadeur de l\u2019association<\/strong>. \u00ab\u00a0A bient\u00f4t, bonne journ\u00e9e, allez voir notre site internet\u00a0\u00bb.<\/p>\n\n\n\n<figure class=\"wp-block-image size-large is-resized\"><img loading=\"lazy\" decoding=\"async\" src=\"https:\/\/www.lesvigiesduminou.bzh\/wp-content\/uploads\/2021\/06\/D-P1240522-copie-2-1024x867.jpg\" alt=\"\" class=\"wp-image-1056\" width=\"831\" height=\"703\" srcset=\"https:\/\/www.lesvigiesduminou.bzh\/wp-content\/uploads\/2021\/06\/D-P1240522-copie-2-1024x867.jpg 1024w, https:\/\/www.lesvigiesduminou.bzh\/wp-content\/uploads\/2021\/06\/D-P1240522-copie-2-300x254.jpg 300w, https:\/\/www.lesvigiesduminou.bzh\/wp-content\/uploads\/2021\/06\/D-P1240522-copie-2-768x650.jpg 768w, https:\/\/www.lesvigiesduminou.bzh\/wp-content\/uploads\/2021\/06\/D-P1240522-copie-2-1536x1301.jpg 1536w, https:\/\/www.lesvigiesduminou.bzh\/wp-content\/uploads\/2021\/06\/D-P1240522-copie-2-24x20.jpg 24w, https:\/\/www.lesvigiesduminou.bzh\/wp-content\/uploads\/2021\/06\/D-P1240522-copie-2-36x30.jpg 36w, https:\/\/www.lesvigiesduminou.bzh\/wp-content\/uploads\/2021\/06\/D-P1240522-copie-2-48x41.jpg 48w, https:\/\/www.lesvigiesduminou.bzh\/wp-content\/uploads\/2021\/06\/D-P1240522-copie-2.jpg 1704w\" sizes=\"auto, (max-width: 831px) 100vw, 831px\" \/><figcaption>Le petit chat en mousse<\/figcaption><\/figure>\n\n\n\n<p class=\"has-normal-font-size\">Terminant une chevelure, les plus grands sont maintenant perch\u00e9s sur les escabeaux. Sans smartphone, sans internet, les plus jeunes, \u00ab\u00a0qui n\u2019ont plus rien \u00e0 faire\u00a0\u00bb, \u00e0 leur hauteur, ont d\u00e9j\u00e0 trouv\u00e9 un bout de branche pour s\u2019amuser avec les algues qui dansent dans le lavoir. Il y a quelques semaines il n\u2019y avait m\u00eame pas d\u2019eau.<\/p>\n\n\n\n<figure class=\"wp-block-image size-large\"><img loading=\"lazy\" decoding=\"async\" width=\"1024\" height=\"686\" src=\"https:\/\/www.lesvigiesduminou.bzh\/wp-content\/uploads\/2021\/06\/E-P1240556-copie-2-1024x686.jpg\" alt=\"\" class=\"wp-image-1057\" srcset=\"https:\/\/www.lesvigiesduminou.bzh\/wp-content\/uploads\/2021\/06\/E-P1240556-copie-2-1024x686.jpg 1024w, https:\/\/www.lesvigiesduminou.bzh\/wp-content\/uploads\/2021\/06\/E-P1240556-copie-2-300x201.jpg 300w, https:\/\/www.lesvigiesduminou.bzh\/wp-content\/uploads\/2021\/06\/E-P1240556-copie-2-768x515.jpg 768w, https:\/\/www.lesvigiesduminou.bzh\/wp-content\/uploads\/2021\/06\/E-P1240556-copie-2-1536x1029.jpg 1536w, https:\/\/www.lesvigiesduminou.bzh\/wp-content\/uploads\/2021\/06\/E-P1240556-copie-2-24x16.jpg 24w, https:\/\/www.lesvigiesduminou.bzh\/wp-content\/uploads\/2021\/06\/E-P1240556-copie-2-36x24.jpg 36w, https:\/\/www.lesvigiesduminou.bzh\/wp-content\/uploads\/2021\/06\/E-P1240556-copie-2-48x32.jpg 48w, https:\/\/www.lesvigiesduminou.bzh\/wp-content\/uploads\/2021\/06\/E-P1240556-copie-2.jpg 1670w\" sizes=\"auto, (max-width: 1024px) 100vw, 1024px\" \/><figcaption>Rozenn corrige les petits d\u00e9tails. <\/figcaption><\/figure>\n\n\n\n<p>L\u2019atelier sculpture touche \u00e0 sa fin, Rozenn passera de temps en temps pour \u00ab\u00a0un petit coup de peigne\u00a0\u00bb, une petite retouche si n\u00e9cessaire. Nous le savons d\u00e9j\u00e0, <strong>l\u2019oeuvre de l\u2019artiste<\/strong> et de tous ces bras <strong>n\u2019est qu\u2019\u00e9ph\u00e9m\u00e8re<\/strong>. Jusqu\u2019\u00e0 l\u2019\u00e9t\u00e9, nous pourrions en profiter, ce serait bien, si le ciel nous entendait. Juste le temps d\u2019une derni\u00e8re photo, tous ces sourires en disent long sur l\u2019animation de cet apr\u00e8s midi.<\/p>\n\n\n\n<figure class=\"wp-block-image size-large\"><img loading=\"lazy\" decoding=\"async\" width=\"1024\" height=\"628\" src=\"https:\/\/www.lesvigiesduminou.bzh\/wp-content\/uploads\/2021\/06\/F-P1240594-copie-2-1024x628.jpg\" alt=\"\" class=\"wp-image-1058\" srcset=\"https:\/\/www.lesvigiesduminou.bzh\/wp-content\/uploads\/2021\/06\/F-P1240594-copie-2-1024x628.jpg 1024w, https:\/\/www.lesvigiesduminou.bzh\/wp-content\/uploads\/2021\/06\/F-P1240594-copie-2-300x184.jpg 300w, https:\/\/www.lesvigiesduminou.bzh\/wp-content\/uploads\/2021\/06\/F-P1240594-copie-2-768x471.jpg 768w, https:\/\/www.lesvigiesduminou.bzh\/wp-content\/uploads\/2021\/06\/F-P1240594-copie-2-1536x942.jpg 1536w, https:\/\/www.lesvigiesduminou.bzh\/wp-content\/uploads\/2021\/06\/F-P1240594-copie-2-2048x1256.jpg 2048w, https:\/\/www.lesvigiesduminou.bzh\/wp-content\/uploads\/2021\/06\/F-P1240594-copie-2-24x15.jpg 24w, https:\/\/www.lesvigiesduminou.bzh\/wp-content\/uploads\/2021\/06\/F-P1240594-copie-2-36x22.jpg 36w, https:\/\/www.lesvigiesduminou.bzh\/wp-content\/uploads\/2021\/06\/F-P1240594-copie-2-48x29.jpg 48w\" sizes=\"auto, (max-width: 1024px) 100vw, 1024px\" \/><figcaption>Roz&rsquo;N&rsquo;Art <\/figcaption><\/figure>\n\n\n\n<p class=\"has-normal-font-size\">Sur le sentier un groupe passe, oh! regarde, ici le petit chat, je ne l\u2019avais pas encore vu. C\u2019est quoi? C\u2019est qui? <\/p>\n\n\n\n<p class=\"has-normal-font-size\"><strong>C\u2019est les Vigies<\/strong>.<\/p>\n\n\n\n<figure class=\"wp-block-image size-large\"><img loading=\"lazy\" decoding=\"async\" width=\"1024\" height=\"683\" src=\"https:\/\/www.lesvigiesduminou.bzh\/wp-content\/uploads\/2021\/06\/G-Sculptures-vegetales-Rozenn-Bizien-Le-Minou-P1240584-copie-1024x683.jpg\" alt=\"\" class=\"wp-image-1059\" srcset=\"https:\/\/www.lesvigiesduminou.bzh\/wp-content\/uploads\/2021\/06\/G-Sculptures-vegetales-Rozenn-Bizien-Le-Minou-P1240584-copie-1024x683.jpg 1024w, https:\/\/www.lesvigiesduminou.bzh\/wp-content\/uploads\/2021\/06\/G-Sculptures-vegetales-Rozenn-Bizien-Le-Minou-P1240584-copie-300x200.jpg 300w, https:\/\/www.lesvigiesduminou.bzh\/wp-content\/uploads\/2021\/06\/G-Sculptures-vegetales-Rozenn-Bizien-Le-Minou-P1240584-copie-768x512.jpg 768w, https:\/\/www.lesvigiesduminou.bzh\/wp-content\/uploads\/2021\/06\/G-Sculptures-vegetales-Rozenn-Bizien-Le-Minou-P1240584-copie-1536x1024.jpg 1536w, https:\/\/www.lesvigiesduminou.bzh\/wp-content\/uploads\/2021\/06\/G-Sculptures-vegetales-Rozenn-Bizien-Le-Minou-P1240584-copie-24x16.jpg 24w, https:\/\/www.lesvigiesduminou.bzh\/wp-content\/uploads\/2021\/06\/G-Sculptures-vegetales-Rozenn-Bizien-Le-Minou-P1240584-copie-36x24.jpg 36w, https:\/\/www.lesvigiesduminou.bzh\/wp-content\/uploads\/2021\/06\/G-Sculptures-vegetales-Rozenn-Bizien-Le-Minou-P1240584-copie-48x32.jpg 48w, https:\/\/www.lesvigiesduminou.bzh\/wp-content\/uploads\/2021\/06\/G-Sculptures-vegetales-Rozenn-Bizien-Le-Minou-P1240584-copie.jpg 1920w\" sizes=\"auto, (max-width: 1024px) 100vw, 1024px\" \/><figcaption>Les artistes de l&rsquo;atelier sculptures v\u00e9g\u00e9tales sous les flash des reporters<\/figcaption><\/figure>\n\n\n\n<p><strong>Merci \u00e0 Rozenn, au service animation, aux services techniques de Plouzan\u00e9 et aux artistes colleurs de mousse petits et grands.<\/strong><\/p>\n","protected":false},"excerpt":{"rendered":"<p>Dans le cadre des animations organis\u00e9es par la ville de Plouzan\u00e9 pour les journ\u00e9es de la nature, Rozenn Bizien, les Vigies du [&hellip;]<\/p>\n","protected":false},"author":23,"featured_media":1089,"comment_status":"open","ping_status":"open","sticky":false,"template":"","format":"standard","meta":{"footnotes":""},"categories":[4,43],"tags":[65,78],"class_list":["post-1046","post","type-post","status-publish","format-standard","has-post-thumbnail","hentry","category-actualites","category-petit-minou","tag-lavoir","tag-mousse"],"_links":{"self":[{"href":"https:\/\/www.lesvigiesduminou.bzh\/index.php\/wp-json\/wp\/v2\/posts\/1046","targetHints":{"allow":["GET"]}}],"collection":[{"href":"https:\/\/www.lesvigiesduminou.bzh\/index.php\/wp-json\/wp\/v2\/posts"}],"about":[{"href":"https:\/\/www.lesvigiesduminou.bzh\/index.php\/wp-json\/wp\/v2\/types\/post"}],"author":[{"embeddable":true,"href":"https:\/\/www.lesvigiesduminou.bzh\/index.php\/wp-json\/wp\/v2\/users\/23"}],"replies":[{"embeddable":true,"href":"https:\/\/www.lesvigiesduminou.bzh\/index.php\/wp-json\/wp\/v2\/comments?post=1046"}],"version-history":[{"count":31,"href":"https:\/\/www.lesvigiesduminou.bzh\/index.php\/wp-json\/wp\/v2\/posts\/1046\/revisions"}],"predecessor-version":[{"id":1151,"href":"https:\/\/www.lesvigiesduminou.bzh\/index.php\/wp-json\/wp\/v2\/posts\/1046\/revisions\/1151"}],"wp:featuredmedia":[{"embeddable":true,"href":"https:\/\/www.lesvigiesduminou.bzh\/index.php\/wp-json\/wp\/v2\/media\/1089"}],"wp:attachment":[{"href":"https:\/\/www.lesvigiesduminou.bzh\/index.php\/wp-json\/wp\/v2\/media?parent=1046"}],"wp:term":[{"taxonomy":"category","embeddable":true,"href":"https:\/\/www.lesvigiesduminou.bzh\/index.php\/wp-json\/wp\/v2\/categories?post=1046"},{"taxonomy":"post_tag","embeddable":true,"href":"https:\/\/www.lesvigiesduminou.bzh\/index.php\/wp-json\/wp\/v2\/tags?post=1046"}],"curies":[{"name":"wp","href":"https:\/\/api.w.org\/{rel}","templated":true}]}}